{"id":4636,"date":"2018-12-03T09:40:19","date_gmt":"2018-12-03T15:40:19","guid":{"rendered":"http:\/\/tvalaire.com\/?p=4636"},"modified":"2019-01-09T09:41:26","modified_gmt":"2019-01-09T15:41:26","slug":"habra-festival-para-festejar-a-nuestros-migrantes","status":"publish","type":"post","link":"http:\/\/tvalaire.com\/?p=4636","title":{"rendered":"HABR\u00c1 FESTIVAL PARA FESTEJAR A NUESTROS MIGRANTES"},"content":{"rendered":"<p>&nbsp;<\/p>\n<ul>\n<li><b>El evento se desarrollar\u00e1 el jueves 6 en el Teatro del Pueblo con una Feria de Servicios<\/b><\/li>\n<\/ul>\n<ul>\n<li>Se entregar\u00e1n reconocimientos a integrantes del programa Palomas mensajeras y FAMI<\/li>\n<\/ul>\n<p>&nbsp;<\/p>\n<p><span style=\"font-weight: 400;\">Este mi\u00e9rcoles 5 de diciembre el Gobierno Municipal realizar\u00e1 el Festival del Migrante, con la visita del astronauta Jos\u00e9 Hern\u00e1ndez y personal de la Unidad de Pensiones de la Administraci\u00f3n del Seguro Social de los Estados Unidos.<\/span><\/p>\n<p><span style=\"font-weight: 400;\">Uno de los objetivos, es que personal de Pensiones atiendan a los piedadenses que hayan laborado en el pa\u00eds vecino por m\u00e1s de 10 a\u00f1os y, adem\u00e1s, sean mayores de 62 a\u00f1os.<\/span><\/p>\n<p><span style=\"font-weight: 400;\">La cita ser\u00e1 las 09:00 de la ma\u00f1ana en el edificio de la direcci\u00f3n de Vinculaci\u00f3n Internacional ubicada en la calle Guerrero n\u00famero 130 en la colonia centro. El jueves 6 de diciembre a la misma hora volver\u00e1n a ofrecer este servicio pero en el Centro Cultural Piedadense.<\/span><\/p>\n<p><span style=\"font-weight: 400;\">Priscila Fern\u00e1ndez Molina, directora de Vinculaci\u00f3n Internacional, inform\u00f3 que el mismo jueves a las 09:00 de la ma\u00f1ana se realizar\u00e1 el Festival del Migrante que comenzar\u00e1 con una celebraci\u00f3n eucar\u00edstica en el Santuario del Se\u00f1or de La Piedad y a las 10:00 con una Feria de Servicios en la Plaza Principal, en donde se contar\u00e1 con la presencia del Registro Civil; Gabinete auditivo por parte del DIF Municipal y la Jurisdicci\u00f3n Sanitaria No. 6 estar\u00e1 presente para aplicar vacunas contra la influenza y proporcionar medicamento a la poblaci\u00f3n.<\/span><\/p>\n<p><span style=\"font-weight: 400;\">A esto se le sumar\u00e1 una feria artesanal y gastronom\u00eda regional, adem\u00e1s de entregar reconocimientos a las Palomas Mensajeras y a los beneficiarios del programa Fondo de Apoyo a Migrantes (FAMI) de este a\u00f1o, que en total ser\u00e1n 12 y cada uno recibir\u00e1 un est\u00edmulo econ\u00f3mico de hasta 30 mil pesos para el establecimiento de un peque\u00f1o negocio.<\/span><\/p>\n","protected":false},"excerpt":{"rendered":"<p>&nbsp; El evento se desarrollar\u00e1 el jueves 6 en el Teatro del Pueblo con una&#8230;<\/p>\n","protected":false},"author":1,"featured_media":4637,"comment_status":"open","ping_status":"open","sticky":false,"template":"","format":"standard","meta":{"jetpack_post_was_ever_published":false,"_jetpack_newsletter_access":"","_jetpack_dont_email_post_to_subs":false,"_jetpack_newsletter_tier_id":0,"_jetpack_memberships_contains_paywalled_content":false,"_jetpack_memberships_contains_paid_content":false,"footnotes":"","jetpack_publicize_message":"","jetpack_publicize_feature_enabled":true,"jetpack_social_post_already_shared":false,"jetpack_social_options":{"image_generator_settings":{"template":"highway","enabled":false},"version":2}},"categories":[1],"tags":[15],"class_list":["post-4636","post","type-post","status-publish","format-standard","has-post-thumbnail","hentry","category-la-piedad","tag-la-piedad"],"jetpack_publicize_connections":[],"jetpack_sharing_enabled":true,"featured_image_urls":{"full":["http:\/\/tvalaire.com\/wp-content\/uploads\/2019\/01\/01-2.jpg",3456,2304,false],"thumbnail":["http:\/\/tvalaire.com\/wp-content\/uploads\/2019\/01\/01-2-150x150.jpg",150,150,true],"medium":["http:\/\/tvalaire.com\/wp-content\/uploads\/2019\/01\/01-2-300x200.jpg",300,200,true],"medium_large":["http:\/\/tvalaire.com\/wp-content\/uploads\/2019\/01\/01-2-768x512.jpg",640,427,true],"large":["http:\/\/tvalaire.com\/wp-content\/uploads\/2019\/01\/01-2-1024x683.jpg",640,427,true],"post-slider-thumb-size":["http:\/\/tvalaire.com\/wp-content\/uploads\/2019\/01\/01-2.jpg",285,190,false],"post-category-slider-size":["http:\/\/tvalaire.com\/wp-content\/uploads\/2019\/01\/01-2.jpg",330,220,false],"1536x1536":["http:\/\/tvalaire.com\/wp-content\/uploads\/2019\/01\/01-2.jpg",1536,1024,false],"2048x2048":["http:\/\/tvalaire.com\/wp-content\/uploads\/2019\/01\/01-2.jpg",2048,1365,false],"newsium-slider-full":["http:\/\/tvalaire.com\/wp-content\/uploads\/2019\/01\/01-2.jpg",1268,845,false],"newsium-featured":["http:\/\/tvalaire.com\/wp-content\/uploads\/2019\/01\/01-2.jpg",1024,683,false],"newsium-medium":["http:\/\/tvalaire.com\/wp-content\/uploads\/2019\/01\/01-2.jpg",713,475,false]},"author_info":{"info":["tvalairenoti"]},"category_info":"<a href=\"http:\/\/tvalaire.com\/?cat=1\" rel=\"category\">La Piedad<\/a>","tag_info":"La Piedad","comment_count":"0","jetpack_featured_media_url":"http:\/\/tvalaire.com\/wp-content\/uploads\/2019\/01\/01-2.jpg","_links":{"self":[{"href":"http:\/\/tvalaire.com\/index.php?rest_route=\/wp\/v2\/posts\/4636"}],"collection":[{"href":"http:\/\/tvalaire.com\/index.php?rest_route=\/wp\/v2\/posts"}],"about":[{"href":"http:\/\/tvalaire.com\/index.php?rest_route=\/wp\/v2\/types\/post"}],"author":[{"embeddable":true,"href":"http:\/\/tvalaire.com\/index.php?rest_route=\/wp\/v2\/users\/1"}],"replies":[{"embeddable":true,"href":"http:\/\/tvalaire.com\/index.php?rest_route=%2Fwp%2Fv2%2Fcomments&post=4636"}],"version-history":[{"count":1,"href":"http:\/\/tvalaire.com\/index.php?rest_route=\/wp\/v2\/posts\/4636\/revisions"}],"predecessor-version":[{"id":4638,"href":"http:\/\/tvalaire.com\/index.php?rest_route=\/wp\/v2\/posts\/4636\/revisions\/4638"}],"wp:featuredmedia":[{"embeddable":true,"href":"http:\/\/tvalaire.com\/index.php?rest_route=\/wp\/v2\/media\/4637"}],"wp:attachment":[{"href":"http:\/\/tvalaire.com\/index.php?rest_route=%2Fwp%2Fv2%2Fmedia&parent=4636"}],"wp:term":[{"taxonomy":"category","embeddable":true,"href":"http:\/\/tvalaire.com\/index.php?rest_route=%2Fwp%2Fv2%2Fcategories&post=4636"},{"taxonomy":"post_tag","embeddable":true,"href":"http:\/\/tvalaire.com\/index.php?rest_route=%2Fwp%2Fv2%2Ftags&post=4636"}],"curies":[{"name":"wp","href":"https:\/\/api.w.org\/{rel}","templated":true}]}}