{"id":4622,"date":"2018-12-05T12:48:11","date_gmt":"2018-12-05T18:48:11","guid":{"rendered":"http:\/\/tvalaire.com\/?p=4622"},"modified":"2018-12-10T12:48:47","modified_gmt":"2018-12-10T18:48:47","slug":"este-gobierno-es-incluyente-alex-espinoza","status":"publish","type":"post","link":"http:\/\/tvalaire.com\/?p=4622","title":{"rendered":"ESTE GOBIERNO ES INCLUYENTE: ALEX ESPINOZA"},"content":{"rendered":"<p>&nbsp;<\/p>\n<ul>\n<li><b>Inaugura presidente municipal Semana de la Inclusi\u00f3n 2018<\/b><\/li>\n<\/ul>\n<ul>\n<li>Afirm\u00f3 todos merecen el mismo respeto y los mismos derechos<\/li>\n<\/ul>\n<p>&nbsp;<\/p>\n<p>&nbsp;<\/p>\n<p><span style=\"font-weight: 400;\">\u201cLa inclusi\u00f3n debe ser vista como un h\u00e1bito de vida, que no tiene otro objetivo m\u00e1s que fomentar el respeto y la igualdad\u201d, as\u00ed lo expuso el alcalde Alex Espinoza en el arranque oficial de la Semana de la Inclusi\u00f3n realizada esta ma\u00f1ana en la Plaza Principal, ante la presencia de m\u00e1s de 400 personas, entre padres de familia y ni\u00f1os con discapacidad.<\/span><\/p>\n<p><span style=\"font-weight: 400;\">Destac\u00f3 que nadie puede discriminar o excluir a nadie por no ser igual. La inclusi\u00f3n social es una cultura que, desde su punto de vista, debi\u00f3 fortalecerse desde hace d\u00e9cadas o siglos, sin embargo, la cultura de segregaci\u00f3n la lacer\u00f3 silenciosamente.<\/span><\/p>\n<p><span style=\"font-weight: 400;\">Es por eso que ahora se lucha por combatir la desigualdad social; tarea dif\u00edcil para las escuelas y la sociedad, pero no imposible, ya que hay m\u00e1s conciencias y corazones que se suman cada d\u00eda a la tarea de respetar a las personas con discapacidad y la inclusi\u00f3n.<\/span><\/p>\n<p><span style=\"font-weight: 400;\">\u201cPara en este Gobierno, todos tenemos que tener el mismo respeto y oportunidades de crecimiento; de ah\u00ed surgi\u00f3 nuestro lema \u201cTodos Somos La Piedad\u201d, explic\u00f3 el primer edil.<\/span><\/p>\n<p><span style=\"font-weight: 400;\">En el acto oficial de arranque de la Semana de la Inclusi\u00f3n, se cont\u00f3 tambi\u00e9n con la presencia del astronauta de origen piedadense, Jos\u00e9 Hern\u00e1ndez Moreno; la presidenta de la comisi\u00f3n de Grupos Vulnerables, Carmen L\u00f3pez Alvarado, as\u00ed como los regidores Claudia Arcelia Guzm\u00e1n y Eduardo Torres Quintanar; el presidente del comit\u00e9 municipal para la inclusi\u00f3n, David C\u00e1zares Pe\u00f1a y la presidenta del DIF Municipal, Liliana Flores Castro.<\/span><\/p>\n<p><span style=\"font-weight: 400;\">Evento realizado en el marco del D\u00eda Internacional de las Personas con Discapacidad, se realiz\u00f3 una marcha en la que particip\u00f3 un promedio de 400 personas, entre alumnos y padres de familia de instituciones de educaci\u00f3n especial como CAM La Piedad, Pur\u00e9pero y Tanhuato, CAPEP y USAER al Centro Hist\u00f3rico donde se llev\u00f3 a cabo el acto oficial.<\/span><\/p>\n<p><span style=\"font-weight: 400;\">Carmen L\u00f3pez Alvarado en su intervenci\u00f3n, agradeci\u00f3 la participaci\u00f3n de los asistentes y se\u00f1al\u00f3 que este Gobierno pone su empe\u00f1o por construir una cultura de respeto y trabajo, para que las personas con discapacidad dejen de ser vistas como beneficiados y se vean como agentes de cambio.<\/span><\/p>\n","protected":false},"excerpt":{"rendered":"<p>&nbsp; Inaugura presidente municipal Semana de la Inclusi\u00f3n 2018 Afirm\u00f3 todos merecen el mismo respeto&#8230;<\/p>\n","protected":false},"author":1,"featured_media":4623,"comment_status":"open","ping_status":"open","sticky":false,"template":"","format":"standard","meta":{"jetpack_post_was_ever_published":false,"_jetpack_newsletter_access":"","_jetpack_dont_email_post_to_subs":false,"_jetpack_newsletter_tier_id":0,"_jetpack_memberships_contains_paywalled_content":false,"_jetpack_memberships_contains_paid_content":false,"footnotes":"","jetpack_publicize_message":"","jetpack_publicize_feature_enabled":true,"jetpack_social_post_already_shared":false,"jetpack_social_options":{"image_generator_settings":{"template":"highway","enabled":false},"version":2}},"categories":[1],"tags":[15,36],"class_list":["post-4622","post","type-post","status-publish","format-standard","has-post-thumbnail","hentry","category-la-piedad","tag-la-piedad","tag-principales"],"jetpack_publicize_connections":[],"jetpack_sharing_enabled":true,"featured_image_urls":{"full":["http:\/\/tvalaire.com\/wp-content\/uploads\/2018\/12\/01-5.jpeg",1124,750,false],"thumbnail":["http:\/\/tvalaire.com\/wp-content\/uploads\/2018\/12\/01-5-150x150.jpeg",150,150,true],"medium":["http:\/\/tvalaire.com\/wp-content\/uploads\/2018\/12\/01-5-300x200.jpeg",300,200,true],"medium_large":["http:\/\/tvalaire.com\/wp-content\/uploads\/2018\/12\/01-5-768x512.jpeg",640,427,true],"large":["http:\/\/tvalaire.com\/wp-content\/uploads\/2018\/12\/01-5-1024x683.jpeg",640,427,true],"post-slider-thumb-size":["http:\/\/tvalaire.com\/wp-content\/uploads\/2018\/12\/01-5.jpeg",285,190,false],"post-category-slider-size":["http:\/\/tvalaire.com\/wp-content\/uploads\/2018\/12\/01-5.jpeg",330,220,false],"1536x1536":["http:\/\/tvalaire.com\/wp-content\/uploads\/2018\/12\/01-5.jpeg",1124,750,false],"2048x2048":["http:\/\/tvalaire.com\/wp-content\/uploads\/2018\/12\/01-5.jpeg",1124,750,false],"newsium-slider-full":["http:\/\/tvalaire.com\/wp-content\/uploads\/2018\/12\/01-5.jpeg",1124,750,false],"newsium-featured":["http:\/\/tvalaire.com\/wp-content\/uploads\/2018\/12\/01-5.jpeg",1024,683,false],"newsium-medium":["http:\/\/tvalaire.com\/wp-content\/uploads\/2018\/12\/01-5.jpeg",712,475,false]},"author_info":{"info":["tvalairenoti"]},"category_info":"<a href=\"http:\/\/tvalaire.com\/?cat=1\" rel=\"category\">La Piedad<\/a>","tag_info":"La Piedad","comment_count":"0","jetpack_featured_media_url":"http:\/\/tvalaire.com\/wp-content\/uploads\/2018\/12\/01-5.jpeg","_links":{"self":[{"href":"http:\/\/tvalaire.com\/index.php?rest_route=\/wp\/v2\/posts\/4622"}],"collection":[{"href":"http:\/\/tvalaire.com\/index.php?rest_route=\/wp\/v2\/posts"}],"about":[{"href":"http:\/\/tvalaire.com\/index.php?rest_route=\/wp\/v2\/types\/post"}],"author":[{"embeddable":true,"href":"http:\/\/tvalaire.com\/index.php?rest_route=\/wp\/v2\/users\/1"}],"replies":[{"embeddable":true,"href":"http:\/\/tvalaire.com\/index.php?rest_route=%2Fwp%2Fv2%2Fcomments&post=4622"}],"version-history":[{"count":1,"href":"http:\/\/tvalaire.com\/index.php?rest_route=\/wp\/v2\/posts\/4622\/revisions"}],"predecessor-version":[{"id":4624,"href":"http:\/\/tvalaire.com\/index.php?rest_route=\/wp\/v2\/posts\/4622\/revisions\/4624"}],"wp:featuredmedia":[{"embeddable":true,"href":"http:\/\/tvalaire.com\/index.php?rest_route=\/wp\/v2\/media\/4623"}],"wp:attachment":[{"href":"http:\/\/tvalaire.com\/index.php?rest_route=%2Fwp%2Fv2%2Fmedia&parent=4622"}],"wp:term":[{"taxonomy":"category","embeddable":true,"href":"http:\/\/tvalaire.com\/index.php?rest_route=%2Fwp%2Fv2%2Fcategories&post=4622"},{"taxonomy":"post_tag","embeddable":true,"href":"http:\/\/tvalaire.com\/index.php?rest_route=%2Fwp%2Fv2%2Ftags&post=4622"}],"curies":[{"name":"wp","href":"https:\/\/api.w.org\/{rel}","templated":true}]}}