{"id":4616,"date":"2018-12-03T12:46:00","date_gmt":"2018-12-03T18:46:00","guid":{"rendered":"http:\/\/tvalaire.com\/?p=4616"},"modified":"2018-12-10T12:46:33","modified_gmt":"2018-12-10T18:46:33","slug":"inicia-semana-de-inclusion-con-entrega-de-becas-en-el-cam","status":"publish","type":"post","link":"http:\/\/tvalaire.com\/?p=4616","title":{"rendered":"INICIA SEMANA DE INCLUSI\u00d3N CON ENTREGA DE BECAS EN EL CAM"},"content":{"rendered":"<p>&nbsp;<\/p>\n<ul>\n<li><b>La presidenta del DIF Liliana Flores Castro entreg\u00f3 los apoyos econ\u00f3micos<\/b><\/li>\n<\/ul>\n<ul>\n<li>Padres de familia asistieron tambi\u00e9n a una charla sobre inclusi\u00f3n<\/li>\n<\/ul>\n<p>&nbsp;<\/p>\n<p>&nbsp;<\/p>\n<p><span style=\"font-weight: 400;\">En total, 73 estudiantes del Centro de Atenci\u00f3n M\u00faltiple de Educaci\u00f3n Especial (CAM) de Los Ayala, recibieron de manos de la presidenta del DIF, Liliana Flores Castro, su apoyo correspondiente al programa de Becas Municipales y se entregaron los nuevos tarjetones en el marco de la Semana de la Inclusi\u00f3n 2018.<\/span><\/p>\n<p><span style=\"font-weight: 400;\">En su mensaje, Castro Flores refrend\u00f3 el compromiso de nuestro alcalde Alex Espinoza para apoyar a las personas con discapacidad, prueba de ello fue la entrega de becas para que logren culminar sus estudios.<\/span><\/p>\n<p><span style=\"font-weight: 400;\">Por su parte, el director de Educaci\u00f3n, Horacio Mart\u00edn S\u00e1nchez Molina, fue el encargado de inaugurar la Semana de Inclusi\u00f3n, misma que tendr\u00e1 eventos para fomentar el respeto a las personas con discapacidad y es organizada por la Comisi\u00f3n de Grupos Vulnerables.<\/span><\/p>\n<p><span style=\"font-weight: 400;\">Tras la entrega de los est\u00edmulos a la educaci\u00f3n, en el CAM fue impartida una charla para los padres de familia, impartida por la directora del Instituto de la Mujer, Claudia Buenrostro.<\/span><\/p>\n<p><span style=\"font-weight: 400;\">La directora del CAM, Teresa Salda\u00f1a, agradeci\u00f3 la presencia de las autoridades y se\u00f1al\u00f3 como importante el que este Gobierno incluya a los ni\u00f1os con discapacidad dentro del programa de becas, pues se trata de un incentivo que les permitir\u00e1 mejor su calidad educativa.<\/span><\/p>\n<p><span style=\"font-weight: 400;\">En el evento, tambi\u00e9n estuvieron presentes los regidores Carmen L\u00f3pez Alvarado y Claudia Arcelia Guzm\u00e1n y Jos\u00e9 Eduardo Torres Quintanar y la presidenta de la sociedad de padres de familia, Mar\u00eda de Lourdes Castellanos Soria.<\/span><\/p>\n","protected":false},"excerpt":{"rendered":"<p>&nbsp; La presidenta del DIF Liliana Flores Castro entreg\u00f3 los apoyos econ\u00f3micos Padres de familia&#8230;<\/p>\n","protected":false},"author":1,"featured_media":4617,"comment_status":"open","ping_status":"open","sticky":false,"template":"","format":"standard","meta":{"jetpack_post_was_ever_published":false,"_jetpack_newsletter_access":"","_jetpack_dont_email_post_to_subs":false,"_jetpack_newsletter_tier_id":0,"_jetpack_memberships_contains_paywalled_content":false,"_jetpack_memberships_contains_paid_content":false,"footnotes":"","jetpack_publicize_message":"","jetpack_publicize_feature_enabled":true,"jetpack_social_post_already_shared":false,"jetpack_social_options":{"image_generator_settings":{"template":"highway","enabled":false},"version":2}},"categories":[1],"tags":[15,36],"class_list":["post-4616","post","type-post","status-publish","format-standard","has-post-thumbnail","hentry","category-la-piedad","tag-la-piedad","tag-principales"],"jetpack_publicize_connections":[],"jetpack_sharing_enabled":true,"featured_image_urls":{"full":["http:\/\/tvalaire.com\/wp-content\/uploads\/2018\/12\/01-10.jpeg",1124,750,false],"thumbnail":["http:\/\/tvalaire.com\/wp-content\/uploads\/2018\/12\/01-10-150x150.jpeg",150,150,true],"medium":["http:\/\/tvalaire.com\/wp-content\/uploads\/2018\/12\/01-10-300x200.jpeg",300,200,true],"medium_large":["http:\/\/tvalaire.com\/wp-content\/uploads\/2018\/12\/01-10-768x512.jpeg",640,427,true],"large":["http:\/\/tvalaire.com\/wp-content\/uploads\/2018\/12\/01-10-1024x683.jpeg",640,427,true],"post-slider-thumb-size":["http:\/\/tvalaire.com\/wp-content\/uploads\/2018\/12\/01-10.jpeg",285,190,false],"post-category-slider-size":["http:\/\/tvalaire.com\/wp-content\/uploads\/2018\/12\/01-10.jpeg",330,220,false],"1536x1536":["http:\/\/tvalaire.com\/wp-content\/uploads\/2018\/12\/01-10.jpeg",1124,750,false],"2048x2048":["http:\/\/tvalaire.com\/wp-content\/uploads\/2018\/12\/01-10.jpeg",1124,750,false],"newsium-slider-full":["http:\/\/tvalaire.com\/wp-content\/uploads\/2018\/12\/01-10.jpeg",1124,750,false],"newsium-featured":["http:\/\/tvalaire.com\/wp-content\/uploads\/2018\/12\/01-10.jpeg",1024,683,false],"newsium-medium":["http:\/\/tvalaire.com\/wp-content\/uploads\/2018\/12\/01-10.jpeg",712,475,false]},"author_info":{"info":["tvalairenoti"]},"category_info":"<a href=\"http:\/\/tvalaire.com\/?cat=1\" rel=\"category\">La Piedad<\/a>","tag_info":"La Piedad","comment_count":"0","jetpack_featured_media_url":"http:\/\/tvalaire.com\/wp-content\/uploads\/2018\/12\/01-10.jpeg","_links":{"self":[{"href":"http:\/\/tvalaire.com\/index.php?rest_route=\/wp\/v2\/posts\/4616"}],"collection":[{"href":"http:\/\/tvalaire.com\/index.php?rest_route=\/wp\/v2\/posts"}],"about":[{"href":"http:\/\/tvalaire.com\/index.php?rest_route=\/wp\/v2\/types\/post"}],"author":[{"embeddable":true,"href":"http:\/\/tvalaire.com\/index.php?rest_route=\/wp\/v2\/users\/1"}],"replies":[{"embeddable":true,"href":"http:\/\/tvalaire.com\/index.php?rest_route=%2Fwp%2Fv2%2Fcomments&post=4616"}],"version-history":[{"count":1,"href":"http:\/\/tvalaire.com\/index.php?rest_route=\/wp\/v2\/posts\/4616\/revisions"}],"predecessor-version":[{"id":4618,"href":"http:\/\/tvalaire.com\/index.php?rest_route=\/wp\/v2\/posts\/4616\/revisions\/4618"}],"wp:featuredmedia":[{"embeddable":true,"href":"http:\/\/tvalaire.com\/index.php?rest_route=\/wp\/v2\/media\/4617"}],"wp:attachment":[{"href":"http:\/\/tvalaire.com\/index.php?rest_route=%2Fwp%2Fv2%2Fmedia&parent=4616"}],"wp:term":[{"taxonomy":"category","embeddable":true,"href":"http:\/\/tvalaire.com\/index.php?rest_route=%2Fwp%2Fv2%2Fcategories&post=4616"},{"taxonomy":"post_tag","embeddable":true,"href":"http:\/\/tvalaire.com\/index.php?rest_route=%2Fwp%2Fv2%2Ftags&post=4616"}],"curies":[{"name":"wp","href":"https:\/\/api.w.org\/{rel}","templated":true}]}}