{"id":4610,"date":"2018-11-26T12:43:33","date_gmt":"2018-11-26T18:43:33","guid":{"rendered":"http:\/\/tvalaire.com\/?p=4610"},"modified":"2018-12-10T12:44:07","modified_gmt":"2018-12-10T18:44:07","slug":"recomienda-ecologia-abstenerse-de-quemar-pastizales-o-lotes-baldios","status":"publish","type":"post","link":"http:\/\/tvalaire.com\/?p=4610","title":{"rendered":"RECOMIENDA ECOLOG\u00cdA ABSTENERSE DE QUEMAR PASTIZALES O LOTES BALD\u00cdOS"},"content":{"rendered":"<p>&nbsp;<\/p>\n<ul>\n<li><b>Habr\u00e1 sanciones a quienes sean sorprendidos en flagrancia<\/b><\/li>\n<\/ul>\n<ul>\n<li>La ciudadan\u00eda puede denunciar al 52 2 65 71<\/li>\n<\/ul>\n<p>&nbsp;<\/p>\n<p><span style=\"font-weight: 400;\">La coordinadora de Ecolog\u00eda, Tatiana Ayala Avi\u00f1a, hizo un llamado a la poblaci\u00f3n para evitar la quema de pastizales en lotes bald\u00edos o de basura, como se ha presentado hasta ahora, pues de encontrarlos en flagrancia se proceder\u00e1 a aplicar las sanciones administrativas correspondientes.<\/span><\/p>\n<p><span style=\"font-weight: 400;\">Para ello, pidi\u00f3 de la colaboraci\u00f3n de la sociedad piedadense para que denuncie los casos en los que se presenta la quema indebida de pastizales ante la Coordinaci\u00f3n de Ecolog\u00eda a los tel\u00e9fonos 52 2 65 71 en horario de las 08:30 de la ma\u00f1ana a las 3:30 de la tarde de lunes a viernes o al tel\u00e9fono 352 52 9 08 83, fuera del horario laboral.<\/span><\/p>\n<p><span style=\"font-weight: 400;\">Mencion\u00f3 que en caso de encontrar infraganti a alguna persona, se actuar\u00e1 conforme al Reglamento Municipal de Ecolog\u00eda y Protecci\u00f3n al Ambiente, en el que en su Cap\u00edtulo IX sobre la Prevenci\u00f3n y Control de la Contaminaci\u00f3n en el art\u00edculo 39 establece que: La prevenci\u00f3n y control de la contaminaci\u00f3n atmosf\u00e9rica por humos, polvos, gases en el \u00e1rea urbana de la ciudad de La Piedad y su zona suburbana es una prioridad de las pol\u00edticas ambientales.<\/span><\/p>\n<p><span style=\"font-weight: 400;\">El art\u00edculo 43 hace referencia a la prohibici\u00f3n de la quema de basura y otros materiales que, por su toxicidad o frecuencia, pueden causar deterioro significativo a la salud o bienestar de los habitantes. <\/span><\/p>\n<p><span style=\"font-weight: 400;\">En caso de violar este art\u00edculo, la ley contempla sanciones que van desde 1 a 15 d\u00edas de salario m\u00ednimo por quema de basura y materiales de alta toxicidad y de 1 a 30 d\u00edas de salario m\u00ednimo diario a quien incurra en reincidencia.<\/span><\/p>\n<p><span style=\"font-weight: 400;\">Tatiana Ayala pidi\u00f3 a su vez a quienes tengan alg\u00fan lote o terreno que quiera limpiar, para que solicite el apoyo a la Coordinaci\u00f3n de Ecolog\u00eda con la finalidad de evitar que le sigan prendiendo fuego.<\/span><\/p>\n<p><span style=\"font-weight: 400;\">Por su parte el director de Protecci\u00f3n Civil, Juan Gabriel N\u00fa\u00f1ez Naranjo, destac\u00f3 la importancia de atender el llamado, toda vez que existe una mala calidad de aire en el espacio abierto, lo cual puede traducirse en enfermedades respiratorias.<\/span><\/p>\n<p><span style=\"font-weight: 400;\">La mala calidad de aire en La Piedad, se debe a varios factores entre ellos, las emisiones que arrojan los autom\u00f3viles, los aparatos en combusti\u00f3n, basura a cielo abierto, entre otros.<\/span><\/p>\n<p><span style=\"font-weight: 400;\">Por lo que recomend\u00f3 a la poblaci\u00f3n abstenerse de quemar basura o pastizales, compartir su autom\u00f3vil, no realizar ejercicios al aire libre en horas pico y cubrirse nariz y boca; no exponer a ni\u00f1os o ancianos y no realizar fogatas o utilizar anafres.<\/span><\/p>\n","protected":false},"excerpt":{"rendered":"<p>&nbsp; Habr\u00e1 sanciones a quienes sean sorprendidos en flagrancia La ciudadan\u00eda puede denunciar al 52&#8230;<\/p>\n","protected":false},"author":1,"featured_media":4611,"comment_status":"open","ping_status":"open","sticky":false,"template":"","format":"standard","meta":{"jetpack_post_was_ever_published":false,"_jetpack_newsletter_access":"","_jetpack_dont_email_post_to_subs":false,"_jetpack_newsletter_tier_id":0,"_jetpack_memberships_contains_paywalled_content":false,"_jetpack_memberships_contains_paid_content":false,"footnotes":"","jetpack_publicize_message":"","jetpack_publicize_feature_enabled":true,"jetpack_social_post_already_shared":false,"jetpack_social_options":{"image_generator_settings":{"template":"highway","enabled":false},"version":2}},"categories":[1],"tags":[15,36],"class_list":["post-4610","post","type-post","status-publish","format-standard","has-post-thumbnail","hentry","category-la-piedad","tag-la-piedad","tag-principales"],"jetpack_publicize_connections":[],"jetpack_sharing_enabled":true,"featured_image_urls":{"full":["http:\/\/tvalaire.com\/wp-content\/uploads\/2018\/12\/01-6.jpg",1280,960,false],"thumbnail":["http:\/\/tvalaire.com\/wp-content\/uploads\/2018\/12\/01-6-150x150.jpg",150,150,true],"medium":["http:\/\/tvalaire.com\/wp-content\/uploads\/2018\/12\/01-6-300x225.jpg",300,225,true],"medium_large":["http:\/\/tvalaire.com\/wp-content\/uploads\/2018\/12\/01-6-768x576.jpg",640,480,true],"large":["http:\/\/tvalaire.com\/wp-content\/uploads\/2018\/12\/01-6-1024x768.jpg",640,480,true],"post-slider-thumb-size":["http:\/\/tvalaire.com\/wp-content\/uploads\/2018\/12\/01-6.jpg",253,190,false],"post-category-slider-size":["http:\/\/tvalaire.com\/wp-content\/uploads\/2018\/12\/01-6.jpg",330,248,false],"1536x1536":["http:\/\/tvalaire.com\/wp-content\/uploads\/2018\/12\/01-6.jpg",1280,960,false],"2048x2048":["http:\/\/tvalaire.com\/wp-content\/uploads\/2018\/12\/01-6.jpg",1280,960,false],"newsium-slider-full":["http:\/\/tvalaire.com\/wp-content\/uploads\/2018\/12\/01-6.jpg",1127,845,false],"newsium-featured":["http:\/\/tvalaire.com\/wp-content\/uploads\/2018\/12\/01-6.jpg",1024,768,false],"newsium-medium":["http:\/\/tvalaire.com\/wp-content\/uploads\/2018\/12\/01-6.jpg",633,475,false]},"author_info":{"info":["tvalairenoti"]},"category_info":"<a href=\"http:\/\/tvalaire.com\/?cat=1\" rel=\"category\">La Piedad<\/a>","tag_info":"La Piedad","comment_count":"0","jetpack_featured_media_url":"http:\/\/tvalaire.com\/wp-content\/uploads\/2018\/12\/01-6.jpg","_links":{"self":[{"href":"http:\/\/tvalaire.com\/index.php?rest_route=\/wp\/v2\/posts\/4610"}],"collection":[{"href":"http:\/\/tvalaire.com\/index.php?rest_route=\/wp\/v2\/posts"}],"about":[{"href":"http:\/\/tvalaire.com\/index.php?rest_route=\/wp\/v2\/types\/post"}],"author":[{"embeddable":true,"href":"http:\/\/tvalaire.com\/index.php?rest_route=\/wp\/v2\/users\/1"}],"replies":[{"embeddable":true,"href":"http:\/\/tvalaire.com\/index.php?rest_route=%2Fwp%2Fv2%2Fcomments&post=4610"}],"version-history":[{"count":1,"href":"http:\/\/tvalaire.com\/index.php?rest_route=\/wp\/v2\/posts\/4610\/revisions"}],"predecessor-version":[{"id":4612,"href":"http:\/\/tvalaire.com\/index.php?rest_route=\/wp\/v2\/posts\/4610\/revisions\/4612"}],"wp:featuredmedia":[{"embeddable":true,"href":"http:\/\/tvalaire.com\/index.php?rest_route=\/wp\/v2\/media\/4611"}],"wp:attachment":[{"href":"http:\/\/tvalaire.com\/index.php?rest_route=%2Fwp%2Fv2%2Fmedia&parent=4610"}],"wp:term":[{"taxonomy":"category","embeddable":true,"href":"http:\/\/tvalaire.com\/index.php?rest_route=%2Fwp%2Fv2%2Fcategories&post=4610"},{"taxonomy":"post_tag","embeddable":true,"href":"http:\/\/tvalaire.com\/index.php?rest_route=%2Fwp%2Fv2%2Ftags&post=4610"}],"curies":[{"name":"wp","href":"https:\/\/api.w.org\/{rel}","templated":true}]}}