{"id":4607,"date":"2018-11-23T12:42:15","date_gmt":"2018-11-23T18:42:15","guid":{"rendered":"http:\/\/tvalaire.com\/?p=4607"},"modified":"2018-12-10T12:42:52","modified_gmt":"2018-12-10T18:42:52","slug":"gobierno-de-la-piedad-y-profeco-firman-convenio-de-colaboracion","status":"publish","type":"post","link":"http:\/\/tvalaire.com\/?p=4607","title":{"rendered":"GOBIERNO DE LA PIEDAD Y PROFECO FIRMAN CONVENIO DE COLABORACI\u00d3N"},"content":{"rendered":"<p>&nbsp;<\/p>\n<ul>\n<li><b>Se reforzar\u00e1 el m\u00f3dulo de atenci\u00f3n que est\u00e1 en la direcci\u00f3n de Promoci\u00f3n Econ\u00f3mica <\/b><\/li>\n<\/ul>\n<ul>\n<li>El Delegado de PROFECO reconoce la labor y compromiso del alcalde Alex Espinoza<\/li>\n<\/ul>\n<p>&nbsp;<\/p>\n<p><span style=\"font-weight: 400;\">El presidente municipal Alex Espinoza y el Delegado estatal de la Procuradur\u00eda Federal del Consumidor (PROFECO), Edgardo Castro firmaron un convenio de colaboraci\u00f3n, mediante el cual, en La Piedad se refuerzan los trabajos y el servicio a la poblaci\u00f3n a trav\u00e9s del m\u00f3dulo que se encuentra ubicado en la direcci\u00f3n de Promoci\u00f3n Econ\u00f3mica.<\/span><\/p>\n<p><span style=\"font-weight: 400;\">Alex Espinoza en su mensaje resalt\u00f3 la responsabilidad que tiene el Gobierno para garantizar a los consumidores de La Piedad a trav\u00e9s de este m\u00f3dulo, un buen servicio de parte de las empresas que proveen un bien, servicio o producto, ya que a trav\u00e9s de este espacio que se encuentra dentro de Promoci\u00f3n Econ\u00f3mica se atienden las quejas y promueven los derechos que se tienen.<\/span><\/p>\n<p><span style=\"font-weight: 400;\">Destac\u00f3 a su vez, la importancia de establecer el convenio en esta temporada que est\u00e1 considerada como buena para el comercio en general, ya que adem\u00e1s de promover los derechos del consumidor, tambi\u00e9n imparte cursos de capacitaci\u00f3n para las amas de casa mediante el uso de tecnolog\u00edas dom\u00e9sticas con las cuales aprenden a elaborar productos de limpieza general, as\u00ed como a elaborar platillos sabios, por lo que exhort\u00f3 a la poblaci\u00f3n que lo requiera acudir al m\u00f3dulo a presentar sus quejas.<\/span><\/p>\n<p><span style=\"font-weight: 400;\">Por su parte el delegado de la PROFECO, Edgardo Castro reconoci\u00f3 al presidente municipal Alex Espinoza quien inici\u00f3 su administraci\u00f3n dijo, con el pie derecho por el compromiso que tiene con los habitantes.<\/span><\/p>\n<p><span style=\"font-weight: 400;\">A trav\u00e9s del m\u00f3dulo local, indic\u00f3 que de enero a agosto, se recibieron 23 quejas de los consumidores de las cuales 16 fueron conciliadas aqu\u00ed mismo sin tener que recurrir a Morelia y en lo que va de la presente administraci\u00f3n se han recibido 9 quejas, mismas que fueron conciliadas en su totalidad.<\/span><\/p>\n<p><span style=\"font-weight: 400;\">La firma del convenio se realiz\u00f3 en el Centro Cultural Piedadense mediante un acto al que tambi\u00e9n asistieron, Mara Calder\u00f3n jefa del departamento de educaci\u00f3n y Alejandro Mendoza jefe del departamento de vigilancia de la PROFECO; la s\u00edndico Esther Naranjo; el secretario del Ayuntamiento, Samuel Hidalgo; Roc\u00edo Guadalupe Contreras presidenta de la C\u00e1mara Nacional del Comercio (CANACO) y el director de promoci\u00f3n econ\u00f3mica, Juan Carlos Guzm\u00e1n.<\/span><\/p>\n","protected":false},"excerpt":{"rendered":"<p>&nbsp; Se reforzar\u00e1 el m\u00f3dulo de atenci\u00f3n que est\u00e1 en la direcci\u00f3n de Promoci\u00f3n Econ\u00f3mica&#8230;<\/p>\n","protected":false},"author":1,"featured_media":4608,"comment_status":"open","ping_status":"open","sticky":false,"template":"","format":"standard","meta":{"jetpack_post_was_ever_published":false,"_jetpack_newsletter_access":"","_jetpack_dont_email_post_to_subs":false,"_jetpack_newsletter_tier_id":0,"_jetpack_memberships_contains_paywalled_content":false,"_jetpack_memberships_contains_paid_content":false,"footnotes":"","jetpack_publicize_message":"","jetpack_publicize_feature_enabled":true,"jetpack_social_post_already_shared":false,"jetpack_social_options":{"image_generator_settings":{"template":"highway","enabled":false},"version":2}},"categories":[1],"tags":[15,36],"class_list":["post-4607","post","type-post","status-publish","format-standard","has-post-thumbnail","hentry","category-la-piedad","tag-la-piedad","tag-principales"],"jetpack_publicize_connections":[],"jetpack_sharing_enabled":true,"featured_image_urls":{"full":["http:\/\/tvalaire.com\/wp-content\/uploads\/2018\/12\/1-6.jpg",1024,683,false],"thumbnail":["http:\/\/tvalaire.com\/wp-content\/uploads\/2018\/12\/1-6-150x150.jpg",150,150,true],"medium":["http:\/\/tvalaire.com\/wp-content\/uploads\/2018\/12\/1-6-300x200.jpg",300,200,true],"medium_large":["http:\/\/tvalaire.com\/wp-content\/uploads\/2018\/12\/1-6-768x512.jpg",640,427,true],"large":["http:\/\/tvalaire.com\/wp-content\/uploads\/2018\/12\/1-6-1024x683.jpg",640,427,true],"post-slider-thumb-size":["http:\/\/tvalaire.com\/wp-content\/uploads\/2018\/12\/1-6.jpg",285,190,false],"post-category-slider-size":["http:\/\/tvalaire.com\/wp-content\/uploads\/2018\/12\/1-6.jpg",330,220,false],"1536x1536":["http:\/\/tvalaire.com\/wp-content\/uploads\/2018\/12\/1-6.jpg",1024,683,false],"2048x2048":["http:\/\/tvalaire.com\/wp-content\/uploads\/2018\/12\/1-6.jpg",1024,683,false],"newsium-slider-full":["http:\/\/tvalaire.com\/wp-content\/uploads\/2018\/12\/1-6.jpg",1024,683,false],"newsium-featured":["http:\/\/tvalaire.com\/wp-content\/uploads\/2018\/12\/1-6.jpg",1024,683,false],"newsium-medium":["http:\/\/tvalaire.com\/wp-content\/uploads\/2018\/12\/1-6.jpg",712,475,false]},"author_info":{"info":["tvalairenoti"]},"category_info":"<a href=\"http:\/\/tvalaire.com\/?cat=1\" rel=\"category\">La Piedad<\/a>","tag_info":"La Piedad","comment_count":"0","jetpack_featured_media_url":"http:\/\/tvalaire.com\/wp-content\/uploads\/2018\/12\/1-6.jpg","_links":{"self":[{"href":"http:\/\/tvalaire.com\/index.php?rest_route=\/wp\/v2\/posts\/4607"}],"collection":[{"href":"http:\/\/tvalaire.com\/index.php?rest_route=\/wp\/v2\/posts"}],"about":[{"href":"http:\/\/tvalaire.com\/index.php?rest_route=\/wp\/v2\/types\/post"}],"author":[{"embeddable":true,"href":"http:\/\/tvalaire.com\/index.php?rest_route=\/wp\/v2\/users\/1"}],"replies":[{"embeddable":true,"href":"http:\/\/tvalaire.com\/index.php?rest_route=%2Fwp%2Fv2%2Fcomments&post=4607"}],"version-history":[{"count":1,"href":"http:\/\/tvalaire.com\/index.php?rest_route=\/wp\/v2\/posts\/4607\/revisions"}],"predecessor-version":[{"id":4609,"href":"http:\/\/tvalaire.com\/index.php?rest_route=\/wp\/v2\/posts\/4607\/revisions\/4609"}],"wp:featuredmedia":[{"embeddable":true,"href":"http:\/\/tvalaire.com\/index.php?rest_route=\/wp\/v2\/media\/4608"}],"wp:attachment":[{"href":"http:\/\/tvalaire.com\/index.php?rest_route=%2Fwp%2Fv2%2Fmedia&parent=4607"}],"wp:term":[{"taxonomy":"category","embeddable":true,"href":"http:\/\/tvalaire.com\/index.php?rest_route=%2Fwp%2Fv2%2Fcategories&post=4607"},{"taxonomy":"post_tag","embeddable":true,"href":"http:\/\/tvalaire.com\/index.php?rest_route=%2Fwp%2Fv2%2Ftags&post=4607"}],"curies":[{"name":"wp","href":"https:\/\/api.w.org\/{rel}","templated":true}]}}