{"id":4604,"date":"2018-11-22T12:41:24","date_gmt":"2018-11-22T18:41:24","guid":{"rendered":"http:\/\/tvalaire.com\/?p=4604"},"modified":"2018-12-10T12:41:57","modified_gmt":"2018-12-10T18:41:57","slug":"desde-temprana-edad-transito-municipal-fomenta-la-educacion-vial","status":"publish","type":"post","link":"http:\/\/tvalaire.com\/?p=4604","title":{"rendered":"DESDE TEMPRANA EDAD TR\u00c1NSITO MUNICIPAL FOMENTA LA EDUCACI\u00d3N VIAL"},"content":{"rendered":"<p>&nbsp;<\/p>\n<ul>\n<li><b>120 alumnos del turno vespertino participaron en la presentaci\u00f3n<\/b><\/li>\n<\/ul>\n<ul>\n<li>Se realiz\u00f3 un circuito vial para interactuar con los ni\u00f1os mediante juegos<\/li>\n<\/ul>\n<p>&nbsp;<\/p>\n<p><span style=\"font-weight: 400;\">Con el fin de generar una cultura vial entre la poblaci\u00f3n, el Gobierno Municipal a trav\u00e9s de la direcci\u00f3n de Tr\u00e1nsito y Vialidad ha retomado los trabajos relacionados con el fomento a la educaci\u00f3n vial ahora con los ni\u00f1os del nivel Preescolar.<\/span><\/p>\n<p><span style=\"font-weight: 400;\">En esta ocasi\u00f3n, la instituci\u00f3n educativa visitada fue el jard\u00edn de ni\u00f1os del colegio Vasco de Quiroga, en donde la mec\u00e1nica que se sigui\u00f3 para que el mensaje llegara de una forma divertida a los menores, fue mediante la realizaci\u00f3n de un circuito vial en el cual todos participaron.<\/span><\/p>\n<p><span style=\"font-weight: 400;\">El tema central del taller, fue sobre Prevenci\u00f3n y Seguridad Vial a trav\u00e9s del cual se logr\u00f3 interactuar con un promedio de 120 menores de edad correspondientes al turno vespertino.<\/span><\/p>\n<p><span style=\"font-weight: 400;\">Para ello, se establecieron juegos sobre educaci\u00f3n vial, mediante los cuales se ense\u00f1\u00f3 a los menores, algunas indicaciones b\u00e1sicas e indispensables sobre el tema de vialidad e incluso ellos participaron de manera activa en cada una de las actividades.<\/span><\/p>\n<p><span style=\"font-weight: 400;\">La invitaci\u00f3n del personal de la direcci\u00f3n de Tr\u00e1nsito Municipal, se dio en el marco de la Semana Nacional de los Derechos de las Ni\u00f1as y Ni\u00f1os.<\/span><\/p>\n<p>&nbsp;<\/p>\n","protected":false},"excerpt":{"rendered":"<p>&nbsp; 120 alumnos del turno vespertino participaron en la presentaci\u00f3n Se realiz\u00f3 un circuito vial&#8230;<\/p>\n","protected":false},"author":1,"featured_media":4605,"comment_status":"open","ping_status":"open","sticky":false,"template":"","format":"standard","meta":{"jetpack_post_was_ever_published":false,"_jetpack_newsletter_access":"","_jetpack_dont_email_post_to_subs":false,"_jetpack_newsletter_tier_id":0,"_jetpack_memberships_contains_paywalled_content":false,"_jetpack_memberships_contains_paid_content":false,"footnotes":"","jetpack_publicize_message":"","jetpack_publicize_feature_enabled":true,"jetpack_social_post_already_shared":false,"jetpack_social_options":{"image_generator_settings":{"template":"highway","enabled":false},"version":2}},"categories":[1],"tags":[15,36],"class_list":["post-4604","post","type-post","status-publish","format-standard","has-post-thumbnail","hentry","category-la-piedad","tag-la-piedad","tag-principales"],"jetpack_publicize_connections":[],"jetpack_sharing_enabled":true,"featured_image_urls":{"full":["http:\/\/tvalaire.com\/wp-content\/uploads\/2018\/12\/01-2.jpeg",1280,960,false],"thumbnail":["http:\/\/tvalaire.com\/wp-content\/uploads\/2018\/12\/01-2-150x150.jpeg",150,150,true],"medium":["http:\/\/tvalaire.com\/wp-content\/uploads\/2018\/12\/01-2-300x225.jpeg",300,225,true],"medium_large":["http:\/\/tvalaire.com\/wp-content\/uploads\/2018\/12\/01-2-768x576.jpeg",640,480,true],"large":["http:\/\/tvalaire.com\/wp-content\/uploads\/2018\/12\/01-2-1024x768.jpeg",640,480,true],"post-slider-thumb-size":["http:\/\/tvalaire.com\/wp-content\/uploads\/2018\/12\/01-2.jpeg",253,190,false],"post-category-slider-size":["http:\/\/tvalaire.com\/wp-content\/uploads\/2018\/12\/01-2.jpeg",330,248,false],"1536x1536":["http:\/\/tvalaire.com\/wp-content\/uploads\/2018\/12\/01-2.jpeg",1280,960,false],"2048x2048":["http:\/\/tvalaire.com\/wp-content\/uploads\/2018\/12\/01-2.jpeg",1280,960,false],"newsium-slider-full":["http:\/\/tvalaire.com\/wp-content\/uploads\/2018\/12\/01-2.jpeg",1127,845,false],"newsium-featured":["http:\/\/tvalaire.com\/wp-content\/uploads\/2018\/12\/01-2.jpeg",1024,768,false],"newsium-medium":["http:\/\/tvalaire.com\/wp-content\/uploads\/2018\/12\/01-2.jpeg",633,475,false]},"author_info":{"info":["tvalairenoti"]},"category_info":"<a href=\"http:\/\/tvalaire.com\/?cat=1\" rel=\"category\">La Piedad<\/a>","tag_info":"La Piedad","comment_count":"0","jetpack_featured_media_url":"http:\/\/tvalaire.com\/wp-content\/uploads\/2018\/12\/01-2.jpeg","_links":{"self":[{"href":"http:\/\/tvalaire.com\/index.php?rest_route=\/wp\/v2\/posts\/4604"}],"collection":[{"href":"http:\/\/tvalaire.com\/index.php?rest_route=\/wp\/v2\/posts"}],"about":[{"href":"http:\/\/tvalaire.com\/index.php?rest_route=\/wp\/v2\/types\/post"}],"author":[{"embeddable":true,"href":"http:\/\/tvalaire.com\/index.php?rest_route=\/wp\/v2\/users\/1"}],"replies":[{"embeddable":true,"href":"http:\/\/tvalaire.com\/index.php?rest_route=%2Fwp%2Fv2%2Fcomments&post=4604"}],"version-history":[{"count":1,"href":"http:\/\/tvalaire.com\/index.php?rest_route=\/wp\/v2\/posts\/4604\/revisions"}],"predecessor-version":[{"id":4606,"href":"http:\/\/tvalaire.com\/index.php?rest_route=\/wp\/v2\/posts\/4604\/revisions\/4606"}],"wp:featuredmedia":[{"embeddable":true,"href":"http:\/\/tvalaire.com\/index.php?rest_route=\/wp\/v2\/media\/4605"}],"wp:attachment":[{"href":"http:\/\/tvalaire.com\/index.php?rest_route=%2Fwp%2Fv2%2Fmedia&parent=4604"}],"wp:term":[{"taxonomy":"category","embeddable":true,"href":"http:\/\/tvalaire.com\/index.php?rest_route=%2Fwp%2Fv2%2Fcategories&post=4604"},{"taxonomy":"post_tag","embeddable":true,"href":"http:\/\/tvalaire.com\/index.php?rest_route=%2Fwp%2Fv2%2Ftags&post=4604"}],"curies":[{"name":"wp","href":"https:\/\/api.w.org\/{rel}","templated":true}]}}