{"id":4601,"date":"2018-11-21T12:40:23","date_gmt":"2018-11-21T18:40:23","guid":{"rendered":"http:\/\/tvalaire.com\/?p=4601"},"modified":"2018-12-10T12:41:02","modified_gmt":"2018-12-10T18:41:02","slug":"entrega-alex-espinoza-credenciales-a-becados-municipales","status":"publish","type":"post","link":"http:\/\/tvalaire.com\/?p=4601","title":{"rendered":"ENTREGA ALEX ESPINOZA CREDENCIALES A BECADOS MUNICIPALES"},"content":{"rendered":"<p>&nbsp;<\/p>\n<ul>\n<li><b>2 mil 611 estudiantes de primaria ya tienen su credencial de beneficiario<\/b><\/li>\n<\/ul>\n<ul>\n<li>La Piedad de los pocos municipios que otorgan este apoyo a los estudiantes<\/li>\n<\/ul>\n<p>&nbsp;<\/p>\n<p><span style=\"font-weight: 400;\">El presidente municipal Alex Espinoza, comenz\u00f3 hoy con la entrega de las credenciales a los m\u00e1s de 4 mil 200 alumnos que se encuentran inscritos en el programa, con el cual se cristaliza el compromiso de continuar con el apoyo a la educaci\u00f3n mediante este est\u00edmulo para los estudiantes; el pr\u00f3ximo a\u00f1o prev\u00e9 iniciar un proyecto de mejoramiento de escuelas.<\/span><\/p>\n<p><span style=\"font-weight: 400;\">Lo anterior, en base a que su Gobierno ve la necesidad de impulsar la educaci\u00f3n y no quedarse s\u00f3lo con las becas, es por eso que el a\u00f1o que entra implementar\u00e1 un programa para mejorar las escuelas, ya que muchas de ellas requieren ba\u00f1os o los techos est\u00e1n ca\u00eddos.<\/span><\/p>\n<p><span style=\"font-weight: 400;\">Para lograrlo, indic\u00f3 que el Gobierno realizar\u00e1 este programa junto con los padres de familia.<\/span><\/p>\n<p><span style=\"font-weight: 400;\">El Alcalde expuso que con la entrega de las credenciales, se garantiza su permanencia dentro del programa de Becas Municipales de las cuales durante este primer d\u00eda estaba previsto otorgar 2 mil 611 credenciales, 2 mil 500 ordinarias y 111 de excelencia educativa. Este jueves seguir\u00e1n con los alumnos de Secundaria y el viernes con los de Preparatoria y Universidad, entre los cuales el Gobierno invierte 10 millones de pesos anuales.<\/span><\/p>\n<p><span style=\"font-weight: 400;\">A los padres de familia, invit\u00f3 a seguir impulsando a sus hijos para que con su esfuerzo, apoyo y dedicaci\u00f3n, puedan mantener sus buenas calificaciones y anunci\u00f3 que en los pr\u00f3ximos d\u00edas se dar\u00e1 a conocer la fecha de entrega del apoyo econ\u00f3mico.<\/span><\/p>\n<p><span style=\"font-weight: 400;\">Javier Negrete Dur\u00e1n, jefe del sector 31 de Primarias a nombre del Gobierno del Estado reconoci\u00f3 el trabajo del Gobierno local para entregar estos apoyos que no se dan en todos los municipios y resalt\u00f3 m\u00e1s a\u00fan a los 111 alumnos de excelencia educativa que ser\u00e1n beneficiados, lo cual representa expuso, el logro de su trabajo y esfuerzo recompensado. <\/span><\/p>\n<p><span style=\"font-weight: 400;\">El acto de entrega de las nuevas credenciales se llev\u00f3 a cabo en el auditorio de la unidad deportiva \u201cLic. Humberto Romero P\u00e9rez\u201d, en donde tambi\u00e9n se cont\u00f3 con la presencia de la presidenta de la comisi\u00f3n de educaci\u00f3n, cultura y turismo del Cabildo, Claudia Arcelia Guzm\u00e1n; el regidor Jos\u00e9 Luis L\u00f3pez Torres; Javier Negrete Dur\u00e1n jefe del sector 31 de Primarias; Manuel Garc\u00eda Ortega jefe del sector 13 del mismo nivel educativo, as\u00ed como Horacio Mart\u00edn S\u00e1nchez Molina, director de Educaci\u00f3n.<\/span><\/p>\n","protected":false},"excerpt":{"rendered":"<p>&nbsp; 2 mil 611 estudiantes de primaria ya tienen su credencial de beneficiario La Piedad&#8230;<\/p>\n","protected":false},"author":1,"featured_media":4602,"comment_status":"open","ping_status":"open","sticky":false,"template":"","format":"standard","meta":{"jetpack_post_was_ever_published":false,"_jetpack_newsletter_access":"","_jetpack_dont_email_post_to_subs":false,"_jetpack_newsletter_tier_id":0,"_jetpack_memberships_contains_paywalled_content":false,"_jetpack_memberships_contains_paid_content":false,"footnotes":"","jetpack_publicize_message":"","jetpack_publicize_feature_enabled":true,"jetpack_social_post_already_shared":false,"jetpack_social_options":{"image_generator_settings":{"template":"highway","enabled":false},"version":2}},"categories":[1],"tags":[15,36],"class_list":["post-4601","post","type-post","status-publish","format-standard","has-post-thumbnail","hentry","category-la-piedad","tag-la-piedad","tag-principales"],"jetpack_publicize_connections":[],"jetpack_sharing_enabled":true,"featured_image_urls":{"full":["http:\/\/tvalaire.com\/wp-content\/uploads\/2018\/12\/1-5.jpg",1024,683,false],"thumbnail":["http:\/\/tvalaire.com\/wp-content\/uploads\/2018\/12\/1-5-150x150.jpg",150,150,true],"medium":["http:\/\/tvalaire.com\/wp-content\/uploads\/2018\/12\/1-5-300x200.jpg",300,200,true],"medium_large":["http:\/\/tvalaire.com\/wp-content\/uploads\/2018\/12\/1-5-768x512.jpg",640,427,true],"large":["http:\/\/tvalaire.com\/wp-content\/uploads\/2018\/12\/1-5-1024x683.jpg",640,427,true],"post-slider-thumb-size":["http:\/\/tvalaire.com\/wp-content\/uploads\/2018\/12\/1-5.jpg",285,190,false],"post-category-slider-size":["http:\/\/tvalaire.com\/wp-content\/uploads\/2018\/12\/1-5.jpg",330,220,false],"1536x1536":["http:\/\/tvalaire.com\/wp-content\/uploads\/2018\/12\/1-5.jpg",1024,683,false],"2048x2048":["http:\/\/tvalaire.com\/wp-content\/uploads\/2018\/12\/1-5.jpg",1024,683,false],"newsium-slider-full":["http:\/\/tvalaire.com\/wp-content\/uploads\/2018\/12\/1-5.jpg",1024,683,false],"newsium-featured":["http:\/\/tvalaire.com\/wp-content\/uploads\/2018\/12\/1-5.jpg",1024,683,false],"newsium-medium":["http:\/\/tvalaire.com\/wp-content\/uploads\/2018\/12\/1-5.jpg",712,475,false]},"author_info":{"info":["tvalairenoti"]},"category_info":"<a href=\"http:\/\/tvalaire.com\/?cat=1\" rel=\"category\">La Piedad<\/a>","tag_info":"La Piedad","comment_count":"0","jetpack_featured_media_url":"http:\/\/tvalaire.com\/wp-content\/uploads\/2018\/12\/1-5.jpg","_links":{"self":[{"href":"http:\/\/tvalaire.com\/index.php?rest_route=\/wp\/v2\/posts\/4601"}],"collection":[{"href":"http:\/\/tvalaire.com\/index.php?rest_route=\/wp\/v2\/posts"}],"about":[{"href":"http:\/\/tvalaire.com\/index.php?rest_route=\/wp\/v2\/types\/post"}],"author":[{"embeddable":true,"href":"http:\/\/tvalaire.com\/index.php?rest_route=\/wp\/v2\/users\/1"}],"replies":[{"embeddable":true,"href":"http:\/\/tvalaire.com\/index.php?rest_route=%2Fwp%2Fv2%2Fcomments&post=4601"}],"version-history":[{"count":1,"href":"http:\/\/tvalaire.com\/index.php?rest_route=\/wp\/v2\/posts\/4601\/revisions"}],"predecessor-version":[{"id":4603,"href":"http:\/\/tvalaire.com\/index.php?rest_route=\/wp\/v2\/posts\/4601\/revisions\/4603"}],"wp:featuredmedia":[{"embeddable":true,"href":"http:\/\/tvalaire.com\/index.php?rest_route=\/wp\/v2\/media\/4602"}],"wp:attachment":[{"href":"http:\/\/tvalaire.com\/index.php?rest_route=%2Fwp%2Fv2%2Fmedia&parent=4601"}],"wp:term":[{"taxonomy":"category","embeddable":true,"href":"http:\/\/tvalaire.com\/index.php?rest_route=%2Fwp%2Fv2%2Fcategories&post=4601"},{"taxonomy":"post_tag","embeddable":true,"href":"http:\/\/tvalaire.com\/index.php?rest_route=%2Fwp%2Fv2%2Ftags&post=4601"}],"curies":[{"name":"wp","href":"https:\/\/api.w.org\/{rel}","templated":true}]}}