{"id":4598,"date":"2018-11-20T12:39:13","date_gmt":"2018-11-20T18:39:13","guid":{"rendered":"http:\/\/tvalaire.com\/?p=4598"},"modified":"2018-12-10T12:39:50","modified_gmt":"2018-12-10T18:39:50","slug":"mas-de-5-mil-alumnos-participaron-en-el-tradicional-desfile-deportivo","status":"publish","type":"post","link":"http:\/\/tvalaire.com\/?p=4598","title":{"rendered":"M\u00c1S DE 5 MIL ALUMNOS PARTICIPARON EN EL TRADICIONAL DESFILE DEPORTIVO"},"content":{"rendered":"<p>&nbsp;<\/p>\n<ul>\n<li><b>Preparatorias, universidades, escuelas deportivas, gimnasios, corporaciones de auxilio, DIF, formaron parte de los contingentes<\/b><\/li>\n<\/ul>\n<ul>\n<li>Autoridades municipales reconocieron el civismo de participantes y asistentes<\/li>\n<\/ul>\n<p>&nbsp;<\/p>\n<p><span style=\"font-weight: 400;\">Un promedio de 5 mil alumnos de las escuelas de nivel Medio Superior y Superior, as\u00ed como las corporaciones de auxilio, gimnasios, escuelas deportivas, grupos de la tercera edad del DIF Municipal e integrantes del Centro de Rehabilitaci\u00f3n Emmanuel, participaron en el tradicional desfile deportivo por el aniversario de la Revoluci\u00f3n Mexicana.<\/span><\/p>\n<p><span style=\"font-weight: 400;\">El recorrido inici\u00f3 en el parque Venustiano Carranza a las 9:30 de la ma\u00f1ana y concluy\u00f3 poco despu\u00e9s de las 2:00 de la tarde en la Plaza Principal, se destac\u00f3 por el lucimiento y la destreza que los alumnos mostraron en cada una de las coreograf\u00edas y las pir\u00e1mides que desarrollaron durante su paso.<\/span><\/p>\n<p><span style=\"font-weight: 400;\">El desfile fue encabezado por las autoridades municipales presididas por Alex Espinoza y su esposa Liliana Flores e integrantes del Cabildo, directores y miembros del comit\u00e9 c\u00edvico local, los galardonados con el Premio Municipal y M\u00e9rito Deportivo acompa\u00f1ados por una banda de m\u00fasica y la escolta de Seguridad P\u00fablica, dirigieron el recorrido que estuvo engalanado por las reinas del adulto mayor del DIF y de todas las instituciones educativas.<\/span><\/p>\n<p><span style=\"font-weight: 400;\">La Escuela Municipal de Lucha Libre tambi\u00e9n se hizo presente, los cuales portaron playeras con un mensaje a la poblaci\u00f3n que dec\u00eda: \u201cGrande es aquel que para brillar no necesita apagar la luz de los dem\u00e1s\u201d.<\/span><\/p>\n<p><span style=\"font-weight: 400;\">Las corporaciones de auxilio y los miembros de la escuela Haran Tae Kwon Do encabezaron los contingentes al igual que los alumnos de la preparatoria federal por cooperaci\u00f3n M\u00e1rtires de la Reforma, ICEP, Paulo Freire, Centro de Estudios Superiores de las Culturas, colegio Miguel de Cervantes, UNIVER, CONALEP, UDL, Shock Dance, Protecci\u00f3n Civil, CBTIS 84, COBAEM; Independiente Femenil, Centro de Rehabilitaci\u00f3n Emmanuel, Gimnasio Olimpia, Juana de Asbaje, Tecnol\u00f3gico de La Piedad, UPN, UNIVA, colegio Vasco de Quiroga, EDUCEM plantel Santa Ana, as\u00ed como las corporaciones de auxilio, entre otros, formaron parte de los contingentes.<\/span><\/p>\n<p><span style=\"font-weight: 400;\">En algunos casos, hubo planteles que desfilaron con toda su matr\u00edcula escolar con el fin de dar apertura a los j\u00f3venes quienes son los m\u00e1s entusiasmados con participar en este tradicional desfile.<\/span><\/p>\n<p><span style=\"font-weight: 400;\">Por lo que autoridades municipales, felicitaron el comportamiento no solo de los alumnos que participaron, sino de los cientos o miles de asistentes que permanecieron de principio a fin en este tradicional desfile, que tiene por objetivo recordar uno de los acontecimientos importantes para el pa\u00eds, as\u00ed como el promover la vida y cuerpo sano entre los j\u00f3venes.<\/span><\/p>\n","protected":false},"excerpt":{"rendered":"<p>&nbsp; Preparatorias, universidades, escuelas deportivas, gimnasios, corporaciones de auxilio, DIF, formaron parte de los contingentes&#8230;<\/p>\n","protected":false},"author":1,"featured_media":4599,"comment_status":"open","ping_status":"open","sticky":false,"template":"","format":"standard","meta":{"jetpack_post_was_ever_published":false,"_jetpack_newsletter_access":"","_jetpack_dont_email_post_to_subs":false,"_jetpack_newsletter_tier_id":0,"_jetpack_memberships_contains_paywalled_content":false,"_jetpack_memberships_contains_paid_content":false,"footnotes":"","jetpack_publicize_message":"","jetpack_publicize_feature_enabled":true,"jetpack_social_post_already_shared":false,"jetpack_social_options":{"image_generator_settings":{"template":"highway","enabled":false},"version":2}},"categories":[1],"tags":[15,36],"class_list":["post-4598","post","type-post","status-publish","format-standard","has-post-thumbnail","hentry","category-la-piedad","tag-la-piedad","tag-principales"],"jetpack_publicize_connections":[],"jetpack_sharing_enabled":true,"featured_image_urls":{"full":["http:\/\/tvalaire.com\/wp-content\/uploads\/2018\/12\/01-9.jpg",1024,683,false],"thumbnail":["http:\/\/tvalaire.com\/wp-content\/uploads\/2018\/12\/01-9-150x150.jpg",150,150,true],"medium":["http:\/\/tvalaire.com\/wp-content\/uploads\/2018\/12\/01-9-300x200.jpg",300,200,true],"medium_large":["http:\/\/tvalaire.com\/wp-content\/uploads\/2018\/12\/01-9-768x512.jpg",640,427,true],"large":["http:\/\/tvalaire.com\/wp-content\/uploads\/2018\/12\/01-9-1024x683.jpg",640,427,true],"post-slider-thumb-size":["http:\/\/tvalaire.com\/wp-content\/uploads\/2018\/12\/01-9.jpg",285,190,false],"post-category-slider-size":["http:\/\/tvalaire.com\/wp-content\/uploads\/2018\/12\/01-9.jpg",330,220,false],"1536x1536":["http:\/\/tvalaire.com\/wp-content\/uploads\/2018\/12\/01-9.jpg",1024,683,false],"2048x2048":["http:\/\/tvalaire.com\/wp-content\/uploads\/2018\/12\/01-9.jpg",1024,683,false],"newsium-slider-full":["http:\/\/tvalaire.com\/wp-content\/uploads\/2018\/12\/01-9.jpg",1024,683,false],"newsium-featured":["http:\/\/tvalaire.com\/wp-content\/uploads\/2018\/12\/01-9.jpg",1024,683,false],"newsium-medium":["http:\/\/tvalaire.com\/wp-content\/uploads\/2018\/12\/01-9.jpg",712,475,false]},"author_info":{"info":["tvalairenoti"]},"category_info":"<a href=\"http:\/\/tvalaire.com\/?cat=1\" rel=\"category\">La Piedad<\/a>","tag_info":"La Piedad","comment_count":"0","jetpack_featured_media_url":"http:\/\/tvalaire.com\/wp-content\/uploads\/2018\/12\/01-9.jpg","_links":{"self":[{"href":"http:\/\/tvalaire.com\/index.php?rest_route=\/wp\/v2\/posts\/4598"}],"collection":[{"href":"http:\/\/tvalaire.com\/index.php?rest_route=\/wp\/v2\/posts"}],"about":[{"href":"http:\/\/tvalaire.com\/index.php?rest_route=\/wp\/v2\/types\/post"}],"author":[{"embeddable":true,"href":"http:\/\/tvalaire.com\/index.php?rest_route=\/wp\/v2\/users\/1"}],"replies":[{"embeddable":true,"href":"http:\/\/tvalaire.com\/index.php?rest_route=%2Fwp%2Fv2%2Fcomments&post=4598"}],"version-history":[{"count":1,"href":"http:\/\/tvalaire.com\/index.php?rest_route=\/wp\/v2\/posts\/4598\/revisions"}],"predecessor-version":[{"id":4600,"href":"http:\/\/tvalaire.com\/index.php?rest_route=\/wp\/v2\/posts\/4598\/revisions\/4600"}],"wp:featuredmedia":[{"embeddable":true,"href":"http:\/\/tvalaire.com\/index.php?rest_route=\/wp\/v2\/media\/4599"}],"wp:attachment":[{"href":"http:\/\/tvalaire.com\/index.php?rest_route=%2Fwp%2Fv2%2Fmedia&parent=4598"}],"wp:term":[{"taxonomy":"category","embeddable":true,"href":"http:\/\/tvalaire.com\/index.php?rest_route=%2Fwp%2Fv2%2Fcategories&post=4598"},{"taxonomy":"post_tag","embeddable":true,"href":"http:\/\/tvalaire.com\/index.php?rest_route=%2Fwp%2Fv2%2Ftags&post=4598"}],"curies":[{"name":"wp","href":"https:\/\/api.w.org\/{rel}","templated":true}]}}