{"id":4595,"date":"2018-11-20T12:37:26","date_gmt":"2018-11-20T18:37:26","guid":{"rendered":"http:\/\/tvalaire.com\/?p=4595"},"modified":"2018-12-10T12:38:51","modified_gmt":"2018-12-10T18:38:51","slug":"recuerdan-a-eduardo-villasenor-como-un-hombre-visionario","status":"publish","type":"post","link":"http:\/\/tvalaire.com\/?p=4595","title":{"rendered":"RECUERDAN A EDUARDO VILLASE\u00d1OR COMO UN HOMBRE VISIONARIO"},"content":{"rendered":"<p>&nbsp;<\/p>\n<ul>\n<li><b>Autoridades civiles encabezadas por nuestro alcalde Alex Espinoza y el ICATMI conmemoraron el 24 Aniversario de su muerte<\/b><\/li>\n<\/ul>\n<ul>\n<li>Piden a generaciones actuales tomar el ejemplo y legado de quien fuera Gobernador de Michoac\u00e1n<\/li>\n<\/ul>\n<p>&nbsp;<\/p>\n<p><span style=\"font-weight: 400;\">Autoridades municipales y educativas, conmemoraron el 24 Aniversario Luctuoso del ex gobernador de Michoac\u00e1n, Eduardo Villase\u00f1or Pe\u00f1a a quienes recordaron como el hombre visionario que trabaj\u00f3 por atraer m\u00e1s empresas generadoras de empleos.<\/span><\/p>\n<p><span style=\"font-weight: 400;\">Al pol\u00edtico que dej\u00f3 huella en el Estado y que se preocup\u00f3 por la preparaci\u00f3n acad\u00e9mica de la juventud piedadense, al ser el principal impulsor y benefactor del Instituto Tecnol\u00f3gico local, expuso la regidora Claudia Arcelia Guzm\u00e1n Bravo, quien fue la oradora oficial en el acto realizado en el jard\u00edn Marcos H. Pulido en La Pur\u00edsima.<\/span><\/p>\n<p><span style=\"font-weight: 400;\">Mencion\u00f3 tambi\u00e9n que las generaciones actuales, pol\u00edticas, empresariales y de profesionistas deben tomar el ejemplo y legado que dej\u00f3 Eduardo Villase\u00f1or Pe\u00f1a con su visi\u00f3n de futuro en lo empresarial, con empresas de largo alcance que han traspasado ya las fronteras de nuestro pa\u00eds, y en el \u00e1mbito pol\u00edtico ser promotor y privilegiar los consensos y acuerdos en beneficio social.<\/span><\/p>\n<p><span style=\"font-weight: 400;\">En lo pol\u00edtico destac\u00f3 que Eduardo Villase\u00f1or tuvo una participaci\u00f3n ejemplar, logr\u00f3 en poco tiempo lo que muchos personajes del medio no han experimentado en muchos a\u00f1os y eso gracias a su sencillez, humildad, pero sobre todo su perseverancia como pol\u00edtico y calidad humana.<\/span><\/p>\n<p><span style=\"font-weight: 400;\">Durante el acto se rindieron los honores a la Bandera y se enton\u00f3 el Himno Nacional, posteriormente el profesor Mauricio Flores, ofreci\u00f3 la rese\u00f1a hist\u00f3rica del piedadense que fuera Gobernador de Michoac\u00e1n y Rigoberto Reyes Cano ofreci\u00f3 la poes\u00eda Lanzar los dados de Charles Bukowski.<\/span><\/p>\n<p><span style=\"font-weight: 400;\">Al t\u00e9rmino del evento, todos los integrantes del pres\u00eddium encabezados por el alcalde Alex Espinoza colocaron una ofrenda floral y montaron guardia de honor en el monumento del ilustre piedadense.<\/span><\/p>\n<p><span style=\"font-weight: 400;\">El acto estuvo encabezado por el alcalde Alex Espinoza; la s\u00edndico Esther Naranjo Armend\u00e1riz; el secretario del Ayuntamiento, Samuel Hidalgo Gallardo; regidores que forman parte de Cabildo; la se\u00f1ora Yolanda Meza viuda de Villase\u00f1or; Horario Mart\u00edn S\u00e1nchez Molina, director de educaci\u00f3n y Teresita Isabel Cano Higuera directora de ICATMI, entre otros.<\/span><\/p>\n","protected":false},"excerpt":{"rendered":"<p>&nbsp; Autoridades civiles encabezadas por nuestro alcalde Alex Espinoza y el ICATMI conmemoraron el 24&#8230;<\/p>\n","protected":false},"author":1,"featured_media":4596,"comment_status":"open","ping_status":"open","sticky":false,"template":"","format":"standard","meta":{"jetpack_post_was_ever_published":false,"_jetpack_newsletter_access":"","_jetpack_dont_email_post_to_subs":false,"_jetpack_newsletter_tier_id":0,"_jetpack_memberships_contains_paywalled_content":false,"_jetpack_memberships_contains_paid_content":false,"footnotes":"","jetpack_publicize_message":"","jetpack_publicize_feature_enabled":true,"jetpack_social_post_already_shared":false,"jetpack_social_options":{"image_generator_settings":{"template":"highway","enabled":false},"version":2}},"categories":[1],"tags":[15,36],"class_list":["post-4595","post","type-post","status-publish","format-standard","has-post-thumbnail","hentry","category-la-piedad","tag-la-piedad","tag-principales"],"jetpack_publicize_connections":[],"jetpack_sharing_enabled":true,"featured_image_urls":{"full":["http:\/\/tvalaire.com\/wp-content\/uploads\/2018\/12\/01-3.jpg",1024,683,false],"thumbnail":["http:\/\/tvalaire.com\/wp-content\/uploads\/2018\/12\/01-3-150x150.jpg",150,150,true],"medium":["http:\/\/tvalaire.com\/wp-content\/uploads\/2018\/12\/01-3-300x200.jpg",300,200,true],"medium_large":["http:\/\/tvalaire.com\/wp-content\/uploads\/2018\/12\/01-3-768x512.jpg",640,427,true],"large":["http:\/\/tvalaire.com\/wp-content\/uploads\/2018\/12\/01-3-1024x683.jpg",640,427,true],"post-slider-thumb-size":["http:\/\/tvalaire.com\/wp-content\/uploads\/2018\/12\/01-3.jpg",285,190,false],"post-category-slider-size":["http:\/\/tvalaire.com\/wp-content\/uploads\/2018\/12\/01-3.jpg",330,220,false],"1536x1536":["http:\/\/tvalaire.com\/wp-content\/uploads\/2018\/12\/01-3.jpg",1024,683,false],"2048x2048":["http:\/\/tvalaire.com\/wp-content\/uploads\/2018\/12\/01-3.jpg",1024,683,false],"newsium-slider-full":["http:\/\/tvalaire.com\/wp-content\/uploads\/2018\/12\/01-3.jpg",1024,683,false],"newsium-featured":["http:\/\/tvalaire.com\/wp-content\/uploads\/2018\/12\/01-3.jpg",1024,683,false],"newsium-medium":["http:\/\/tvalaire.com\/wp-content\/uploads\/2018\/12\/01-3.jpg",712,475,false]},"author_info":{"info":["tvalairenoti"]},"category_info":"<a href=\"http:\/\/tvalaire.com\/?cat=1\" rel=\"category\">La Piedad<\/a>","tag_info":"La Piedad","comment_count":"0","jetpack_featured_media_url":"http:\/\/tvalaire.com\/wp-content\/uploads\/2018\/12\/01-3.jpg","_links":{"self":[{"href":"http:\/\/tvalaire.com\/index.php?rest_route=\/wp\/v2\/posts\/4595"}],"collection":[{"href":"http:\/\/tvalaire.com\/index.php?rest_route=\/wp\/v2\/posts"}],"about":[{"href":"http:\/\/tvalaire.com\/index.php?rest_route=\/wp\/v2\/types\/post"}],"author":[{"embeddable":true,"href":"http:\/\/tvalaire.com\/index.php?rest_route=\/wp\/v2\/users\/1"}],"replies":[{"embeddable":true,"href":"http:\/\/tvalaire.com\/index.php?rest_route=%2Fwp%2Fv2%2Fcomments&post=4595"}],"version-history":[{"count":1,"href":"http:\/\/tvalaire.com\/index.php?rest_route=\/wp\/v2\/posts\/4595\/revisions"}],"predecessor-version":[{"id":4597,"href":"http:\/\/tvalaire.com\/index.php?rest_route=\/wp\/v2\/posts\/4595\/revisions\/4597"}],"wp:featuredmedia":[{"embeddable":true,"href":"http:\/\/tvalaire.com\/index.php?rest_route=\/wp\/v2\/media\/4596"}],"wp:attachment":[{"href":"http:\/\/tvalaire.com\/index.php?rest_route=%2Fwp%2Fv2%2Fmedia&parent=4595"}],"wp:term":[{"taxonomy":"category","embeddable":true,"href":"http:\/\/tvalaire.com\/index.php?rest_route=%2Fwp%2Fv2%2Fcategories&post=4595"},{"taxonomy":"post_tag","embeddable":true,"href":"http:\/\/tvalaire.com\/index.php?rest_route=%2Fwp%2Fv2%2Ftags&post=4595"}],"curies":[{"name":"wp","href":"https:\/\/api.w.org\/{rel}","templated":true}]}}