{"id":4589,"date":"2018-11-15T12:34:52","date_gmt":"2018-11-15T18:34:52","guid":{"rendered":"http:\/\/tvalaire.com\/?p=4589"},"modified":"2018-12-10T12:36:10","modified_gmt":"2018-12-10T18:36:10","slug":"autoriza-cabildo-celebrar-convenio-de-coordinacion-estatal-en-materia-de-seguridad","status":"publish","type":"post","link":"http:\/\/tvalaire.com\/?p=4589","title":{"rendered":"AUTORIZA CABILDO CELEBRAR CONVENIO DE COORDINACI\u00d3N ESTATAL EN MATERIA DE SEGURIDAD"},"content":{"rendered":"<p>&nbsp;<\/p>\n<ul>\n<li><b>La firma representa recursos por 10 MDP para capacitaci\u00f3n, dotaci\u00f3n de patrullas y equipamiento<\/b><\/li>\n<\/ul>\n<ul>\n<li>Garantiza que los mandos directivos sean de este Municipio<\/li>\n<\/ul>\n<p>&nbsp;<\/p>\n<p>&nbsp;<\/p>\n<p><span style=\"font-weight: 400;\">Por mayor\u00eda de votos, integrantes del Cabildo de La Piedad aprobaron la solicitud que present\u00f3 el alcalde Alex Espinoza, para que junto con la s\u00edndico Esther Naranjo Armend\u00e1riz, firmen a nombre del Ayuntamiento, el Convenio de coordinaci\u00f3n Estado y Municipio en materia de Seguridad P\u00fablica.<\/span><\/p>\n<p><span style=\"font-weight: 400;\">Seg\u00fan lo explic\u00f3 el Presidente Municipal no se trata de refrendar convenio con el Mando \u00danico, es un acuerdo de Coordinaci\u00f3n con el Estado que incluye bajar para La Piedad recursos por 10 millones de pesos para capacitaci\u00f3n, adquisici\u00f3n de patrullas y equipamiento para la corporaci\u00f3n.<\/span><\/p>\n<p><span style=\"font-weight: 400;\">La propuesta fue apoyada por los regidores de las fracciones del PAN-PRD; PRI y MORENA, pero los representantes de Movimiento Ciudadano, Julio Basurto e Hildelisa Abarca se abstuvieron de votar.<\/span><\/p>\n<p><span style=\"font-weight: 400;\">Sin embargo, cuando el Alcalde pidi\u00f3 que expresaran el sentido de su voto, Julio Basurto dijo que se absten\u00eda porque antes necesitaba ver resultados y ante los cuestionamientos de integrantes del Cabildo, neg\u00f3 acudir al pleno con cierta indicaci\u00f3n sobre su actuaci\u00f3n. Hildelisa Abarca simplemente indic\u00f3 que se absten\u00eda de hacer comentario alguno.<\/span><\/p>\n<p><span style=\"font-weight: 400;\">Hecho que el Presidente Municipal lament\u00f3, pues previamente se les explic\u00f3 a detalle en qu\u00e9 consiste el convenio y la cantidad de recursos que pueden bajar en beneficio de la ciudadan\u00eda y m\u00e1s a\u00fan, que acudan al seno del Cabildo a representar intereses partidistas y no vean por el bienestar de la poblaci\u00f3n.<\/span><\/p>\n<p><span style=\"font-weight: 400;\">\u201cMe preocupa que vengan a abstenerse aqu\u00ed; dej\u00e9monos de ser t\u00edteres de personas y asumamos la responsabilidad que el pueblo nos confiri\u00f3\u201d, expuso el mun\u00edcipe.<\/span><\/p>\n<p><span style=\"font-weight: 400;\">Al comentario del Alcalde se le sumaron los regidores Luis L\u00f3pez, Jos\u00e9 Eduardo Torres y Felipe de Jes\u00fas S\u00e1nchez de la fracci\u00f3n PAN-PRD, as\u00ed como Hugo P\u00e9rez del PRI quien ofreci\u00f3 de parte de su bancada, total respaldo a esta acci\u00f3n de gobierno.<\/span><\/p>\n<p><span style=\"font-weight: 400;\">En otro punto del orden del d\u00eda, el presidente municipal Alex Espinoza con base al art\u00edculo 32 de la Ley Org\u00e1nica Municipal art\u00edculo XVI bis, present\u00f3 la propuesta para la direcci\u00f3n de Seguridad P\u00fablica. <\/span><\/p>\n<p><span style=\"font-weight: 400;\">Al respecto, se\u00f1al\u00f3 que luego de una revisi\u00f3n el perfil adecuado reca\u00eda en el subdirector Carlos Ascencio Ru\u00edz, para director de Seguridad P\u00fablica, propuesta que fue apoyada por unanimidad.<\/span><\/p>\n","protected":false},"excerpt":{"rendered":"<p>&nbsp; La firma representa recursos por 10 MDP para capacitaci\u00f3n, dotaci\u00f3n de patrullas y equipamiento&#8230;<\/p>\n","protected":false},"author":1,"featured_media":4590,"comment_status":"open","ping_status":"open","sticky":false,"template":"","format":"standard","meta":{"jetpack_post_was_ever_published":false,"_jetpack_newsletter_access":"","_jetpack_dont_email_post_to_subs":false,"_jetpack_newsletter_tier_id":0,"_jetpack_memberships_contains_paywalled_content":false,"_jetpack_memberships_contains_paid_content":false,"footnotes":"","jetpack_publicize_message":"","jetpack_publicize_feature_enabled":true,"jetpack_social_post_already_shared":false,"jetpack_social_options":{"image_generator_settings":{"template":"highway","enabled":false},"version":2}},"categories":[1],"tags":[15,36],"class_list":["post-4589","post","type-post","status-publish","format-standard","has-post-thumbnail","hentry","category-la-piedad","tag-la-piedad","tag-principales"],"jetpack_publicize_connections":[],"jetpack_sharing_enabled":true,"featured_image_urls":{"full":["http:\/\/tvalaire.com\/wp-content\/uploads\/2018\/12\/01-1.jpg",1024,683,false],"thumbnail":["http:\/\/tvalaire.com\/wp-content\/uploads\/2018\/12\/01-1-150x150.jpg",150,150,true],"medium":["http:\/\/tvalaire.com\/wp-content\/uploads\/2018\/12\/01-1-300x200.jpg",300,200,true],"medium_large":["http:\/\/tvalaire.com\/wp-content\/uploads\/2018\/12\/01-1-768x512.jpg",640,427,true],"large":["http:\/\/tvalaire.com\/wp-content\/uploads\/2018\/12\/01-1-1024x683.jpg",640,427,true],"post-slider-thumb-size":["http:\/\/tvalaire.com\/wp-content\/uploads\/2018\/12\/01-1.jpg",285,190,false],"post-category-slider-size":["http:\/\/tvalaire.com\/wp-content\/uploads\/2018\/12\/01-1.jpg",330,220,false],"1536x1536":["http:\/\/tvalaire.com\/wp-content\/uploads\/2018\/12\/01-1.jpg",1024,683,false],"2048x2048":["http:\/\/tvalaire.com\/wp-content\/uploads\/2018\/12\/01-1.jpg",1024,683,false],"newsium-slider-full":["http:\/\/tvalaire.com\/wp-content\/uploads\/2018\/12\/01-1.jpg",1024,683,false],"newsium-featured":["http:\/\/tvalaire.com\/wp-content\/uploads\/2018\/12\/01-1.jpg",1024,683,false],"newsium-medium":["http:\/\/tvalaire.com\/wp-content\/uploads\/2018\/12\/01-1.jpg",712,475,false]},"author_info":{"info":["tvalairenoti"]},"category_info":"<a href=\"http:\/\/tvalaire.com\/?cat=1\" rel=\"category\">La Piedad<\/a>","tag_info":"La Piedad","comment_count":"0","jetpack_featured_media_url":"http:\/\/tvalaire.com\/wp-content\/uploads\/2018\/12\/01-1.jpg","_links":{"self":[{"href":"http:\/\/tvalaire.com\/index.php?rest_route=\/wp\/v2\/posts\/4589"}],"collection":[{"href":"http:\/\/tvalaire.com\/index.php?rest_route=\/wp\/v2\/posts"}],"about":[{"href":"http:\/\/tvalaire.com\/index.php?rest_route=\/wp\/v2\/types\/post"}],"author":[{"embeddable":true,"href":"http:\/\/tvalaire.com\/index.php?rest_route=\/wp\/v2\/users\/1"}],"replies":[{"embeddable":true,"href":"http:\/\/tvalaire.com\/index.php?rest_route=%2Fwp%2Fv2%2Fcomments&post=4589"}],"version-history":[{"count":1,"href":"http:\/\/tvalaire.com\/index.php?rest_route=\/wp\/v2\/posts\/4589\/revisions"}],"predecessor-version":[{"id":4591,"href":"http:\/\/tvalaire.com\/index.php?rest_route=\/wp\/v2\/posts\/4589\/revisions\/4591"}],"wp:featuredmedia":[{"embeddable":true,"href":"http:\/\/tvalaire.com\/index.php?rest_route=\/wp\/v2\/media\/4590"}],"wp:attachment":[{"href":"http:\/\/tvalaire.com\/index.php?rest_route=%2Fwp%2Fv2%2Fmedia&parent=4589"}],"wp:term":[{"taxonomy":"category","embeddable":true,"href":"http:\/\/tvalaire.com\/index.php?rest_route=%2Fwp%2Fv2%2Fcategories&post=4589"},{"taxonomy":"post_tag","embeddable":true,"href":"http:\/\/tvalaire.com\/index.php?rest_route=%2Fwp%2Fv2%2Ftags&post=4589"}],"curies":[{"name":"wp","href":"https:\/\/api.w.org\/{rel}","templated":true}]}}