{"id":4574,"date":"2018-11-12T12:24:32","date_gmt":"2018-11-12T18:24:32","guid":{"rendered":"http:\/\/tvalaire.com\/?p=4574"},"modified":"2018-12-10T12:27:35","modified_gmt":"2018-12-10T18:27:35","slug":"dif-ofrece-platica-a-los-adultos-mayores-sobre-salud-auditiva-2","status":"publish","type":"post","link":"http:\/\/tvalaire.com\/?p=4574","title":{"rendered":"DIF OFRECE PL\u00c1TICA A LOS ADULTOS MAYORES SOBRE SALUD AUDITIVA"},"content":{"rendered":"<ul>\n<li><strong>Durante el mes de noviembre habr\u00e1 descuentos en equipos<\/strong><\/li>\n<li><strong>Se atiende a la poblaci\u00f3n de lunes a viernes en el Gabinete Auditivo<\/strong><\/li>\n<\/ul>\n<p>&nbsp;<\/p>\n<p>Gracias a las gestiones que ha realizado el DIF La Piedad con la empresa Blauton Tecnolog\u00eda de la Salud de la ciudad de Guadalajara Jalisco, se imparti\u00f3 una charla a los adultos mayores sobre \u201cSalud Auditiva\u201d en el auditorio de la Preparatoria M\u00e1rtires de la Reforma, adem\u00e1s de otorgar audiometr\u00edas gratuitas.<\/p>\n<p>Brenda Roc\u00edo Orozco Torres, directora del Sistema DIF coment\u00f3 durante su mensaje de bienvenida que estas acciones son con la finalidad de mejorar la calidad de vida de las personas que sufren de p\u00e9rdida auditiva y durante este mes pueden adquirir sus auxiliares a bajo costo.<\/p>\n<p>A\u00f1adi\u00f3, que en el DIF est\u00e1 de manera permanente el Gabinete Auditivo atendiendo a la poblaci\u00f3n en un horario de 08:00 de la ma\u00f1ana a 3:00 de la tarde de lunes a viernes, donde se hacen estudios de: Otoscopia, Timpanometr\u00eda, Audiometr\u00edas y Logodiometr\u00eda.<\/p>\n<p>En esta \u00e1rea se les brinda mantenimiento a los aparatos auditivos, limpieza de mangueras, micr\u00f3fono, cambio de pila o alguna otra cosa que se requiera, los equipos que se tienen cuentan con un a\u00f1o de garant\u00eda, se\u00f1al\u00f3 la directora.<\/p>\n<p>&nbsp;<\/p>\n<p>Este servicio es abierto a cualquier persona, tanto del municipio como de otros lugares circunvecinos a La Piedad, adem\u00e1s puedes comunicarte al tel\u00e9fono 52 201 22 para mayores informes o previa cita, finaliz\u00f3 Orozco Torres.<\/p>\n<p>&nbsp;<\/p>\n<p>&nbsp;<\/p>\n<p>&nbsp;<\/p>\n<p>&nbsp;<\/p>\n","protected":false},"excerpt":{"rendered":"<p>Durante el mes de noviembre habr\u00e1 descuentos en equipos Se atiende a la poblaci\u00f3n de&#8230;<\/p>\n","protected":false},"author":1,"featured_media":4575,"comment_status":"open","ping_status":"open","sticky":false,"template":"","format":"standard","meta":{"jetpack_post_was_ever_published":false,"_jetpack_newsletter_access":"","_jetpack_dont_email_post_to_subs":false,"_jetpack_newsletter_tier_id":0,"_jetpack_memberships_contains_paywalled_content":false,"_jetpack_memberships_contains_paid_content":false,"footnotes":"","jetpack_publicize_message":"","jetpack_publicize_feature_enabled":true,"jetpack_social_post_already_shared":false,"jetpack_social_options":{"image_generator_settings":{"template":"highway","enabled":false},"version":2}},"categories":[1],"tags":[15,36],"class_list":["post-4574","post","type-post","status-publish","format-standard","has-post-thumbnail","hentry","category-la-piedad","tag-la-piedad","tag-principales"],"jetpack_publicize_connections":[],"jetpack_sharing_enabled":true,"featured_image_urls":{"full":["http:\/\/tvalaire.com\/wp-content\/uploads\/2018\/12\/01-5.jpg",1650,1100,false],"thumbnail":["http:\/\/tvalaire.com\/wp-content\/uploads\/2018\/12\/01-5-150x150.jpg",150,150,true],"medium":["http:\/\/tvalaire.com\/wp-content\/uploads\/2018\/12\/01-5-300x200.jpg",300,200,true],"medium_large":["http:\/\/tvalaire.com\/wp-content\/uploads\/2018\/12\/01-5-768x512.jpg",640,427,true],"large":["http:\/\/tvalaire.com\/wp-content\/uploads\/2018\/12\/01-5-1024x683.jpg",640,427,true],"post-slider-thumb-size":["http:\/\/tvalaire.com\/wp-content\/uploads\/2018\/12\/01-5.jpg",285,190,false],"post-category-slider-size":["http:\/\/tvalaire.com\/wp-content\/uploads\/2018\/12\/01-5.jpg",330,220,false],"1536x1536":["http:\/\/tvalaire.com\/wp-content\/uploads\/2018\/12\/01-5.jpg",1536,1024,false],"2048x2048":["http:\/\/tvalaire.com\/wp-content\/uploads\/2018\/12\/01-5.jpg",1650,1100,false],"newsium-slider-full":["http:\/\/tvalaire.com\/wp-content\/uploads\/2018\/12\/01-5.jpg",1268,845,false],"newsium-featured":["http:\/\/tvalaire.com\/wp-content\/uploads\/2018\/12\/01-5.jpg",1024,683,false],"newsium-medium":["http:\/\/tvalaire.com\/wp-content\/uploads\/2018\/12\/01-5.jpg",713,475,false]},"author_info":{"info":["tvalairenoti"]},"category_info":"<a href=\"http:\/\/tvalaire.com\/?cat=1\" rel=\"category\">La Piedad<\/a>","tag_info":"La Piedad","comment_count":"0","jetpack_featured_media_url":"http:\/\/tvalaire.com\/wp-content\/uploads\/2018\/12\/01-5.jpg","_links":{"self":[{"href":"http:\/\/tvalaire.com\/index.php?rest_route=\/wp\/v2\/posts\/4574"}],"collection":[{"href":"http:\/\/tvalaire.com\/index.php?rest_route=\/wp\/v2\/posts"}],"about":[{"href":"http:\/\/tvalaire.com\/index.php?rest_route=\/wp\/v2\/types\/post"}],"author":[{"embeddable":true,"href":"http:\/\/tvalaire.com\/index.php?rest_route=\/wp\/v2\/users\/1"}],"replies":[{"embeddable":true,"href":"http:\/\/tvalaire.com\/index.php?rest_route=%2Fwp%2Fv2%2Fcomments&post=4574"}],"version-history":[{"count":1,"href":"http:\/\/tvalaire.com\/index.php?rest_route=\/wp\/v2\/posts\/4574\/revisions"}],"predecessor-version":[{"id":4576,"href":"http:\/\/tvalaire.com\/index.php?rest_route=\/wp\/v2\/posts\/4574\/revisions\/4576"}],"wp:featuredmedia":[{"embeddable":true,"href":"http:\/\/tvalaire.com\/index.php?rest_route=\/wp\/v2\/media\/4575"}],"wp:attachment":[{"href":"http:\/\/tvalaire.com\/index.php?rest_route=%2Fwp%2Fv2%2Fmedia&parent=4574"}],"wp:term":[{"taxonomy":"category","embeddable":true,"href":"http:\/\/tvalaire.com\/index.php?rest_route=%2Fwp%2Fv2%2Fcategories&post=4574"},{"taxonomy":"post_tag","embeddable":true,"href":"http:\/\/tvalaire.com\/index.php?rest_route=%2Fwp%2Fv2%2Ftags&post=4574"}],"curies":[{"name":"wp","href":"https:\/\/api.w.org\/{rel}","templated":true}]}}