{"id":4570,"date":"2018-11-14T17:56:28","date_gmt":"2018-11-14T23:56:28","guid":{"rendered":"http:\/\/tvalaire.com\/?p=4570"},"modified":"2018-11-14T17:56:28","modified_gmt":"2018-11-14T23:56:28","slug":"confirman-visita-de-la-unidad-de-pensiones-de-eeuu-a-la-piedad","status":"publish","type":"post","link":"http:\/\/tvalaire.com\/?p=4570","title":{"rendered":"CONFIRMAN VISITA DE LA UNIDAD DE PENSIONES DE EEUU A LA PIEDAD"},"content":{"rendered":"<p>&nbsp;<\/p>\n<ul>\n<li><b>Estar\u00e1n en la ciudad los d\u00edas 5 y 6 de diciembre <\/b><\/li>\n<\/ul>\n<ul>\n<li>Interesados acudir a la direcci\u00f3n de Vinculaci\u00f3n Internacional a solicitar cita<\/li>\n<\/ul>\n<p>&nbsp;<\/p>\n<p><span style=\"font-weight: 400;\">La directora de Vinculaci\u00f3n Internacional, Priscila Fern\u00e1ndez Molina, confirm\u00f3 la visita del personal de la Unidad de Pensiones del Seguro Social de los Estados Unidos de Am\u00e9rica a esta ciudad, para los d\u00edas 5 y 6 de diciembre.<\/span><\/p>\n<p><span style=\"font-weight: 400;\">Por lo anterior, invit\u00f3 a todas las personas interesadas en realizar los tr\u00e1mites correspondientes para obtenci\u00f3n de su pensi\u00f3n del seguro por el tiempo que permanecieron realizando labores de trabajo en ese pa\u00eds, a que acudan a la direcci\u00f3n de Vinculaci\u00f3n Internacional que se encuentra ubicada en la calle Vicente Guerrero n\u00famero 130 en la colonia centro de esta localidad para solicitar cita de atenci\u00f3n y presentar toda la documentaci\u00f3n que los acredite como tal.<\/span><\/p>\n<p><span style=\"font-weight: 400;\">Dentro de los requisitos que se pide a los solicitantes se encuentran: Comprobar que laboraron con un n\u00famero de seguridad social en Norteam\u00e9rica \u00a0por m\u00e1s de 10 a\u00f1os; copia de su credencial de elector; comprobante de domicilio; acta de nacimiento y ser mayor de 62 a\u00f1os. Esto para los titulares.<\/span><\/p>\n<p><span style=\"font-weight: 400;\">En caso de que la persona que labor\u00f3 ya muri\u00f3, alguno de sus familiares directos puede acudir y presentar la solicitud para la cita, as\u00ed como el acta de defunci\u00f3n; la de matrimonio en caso de ser la esposa o esposo, hijos o padres quien los tramite junto con su documentaci\u00f3n.<\/span><\/p>\n<p><span style=\"font-weight: 400;\">Priscila Fern\u00e1ndez dijo que con esta actividad, el gobierno que preside el alcalde Alex Espinoza hace patente su respaldo a la poblaci\u00f3n y reitera su compromiso de apoyo a nuestros paisanos y sus familias.<\/span><\/p>\n","protected":false},"excerpt":{"rendered":"<p>&nbsp; Estar\u00e1n en la ciudad los d\u00edas 5 y 6 de diciembre Interesados acudir a&#8230;<\/p>\n","protected":false},"author":1,"featured_media":4571,"comment_status":"open","ping_status":"open","sticky":false,"template":"","format":"standard","meta":{"jetpack_post_was_ever_published":false,"_jetpack_newsletter_access":"","_jetpack_dont_email_post_to_subs":false,"_jetpack_newsletter_tier_id":0,"_jetpack_memberships_contains_paywalled_content":false,"_jetpack_memberships_contains_paid_content":false,"footnotes":"","jetpack_publicize_message":"","jetpack_publicize_feature_enabled":true,"jetpack_social_post_already_shared":false,"jetpack_social_options":{"image_generator_settings":{"template":"highway","enabled":false},"version":2}},"categories":[1],"tags":[15,36],"class_list":["post-4570","post","type-post","status-publish","format-standard","has-post-thumbnail","hentry","category-la-piedad","tag-la-piedad","tag-principales"],"jetpack_publicize_connections":[],"jetpack_sharing_enabled":true,"featured_image_urls":{"full":["http:\/\/tvalaire.com\/wp-content\/uploads\/2018\/11\/01-3-20.jpg",1024,684,false],"thumbnail":["http:\/\/tvalaire.com\/wp-content\/uploads\/2018\/11\/01-3-20-150x150.jpg",150,150,true],"medium":["http:\/\/tvalaire.com\/wp-content\/uploads\/2018\/11\/01-3-20-300x200.jpg",300,200,true],"medium_large":["http:\/\/tvalaire.com\/wp-content\/uploads\/2018\/11\/01-3-20-768x513.jpg",640,428,true],"large":["http:\/\/tvalaire.com\/wp-content\/uploads\/2018\/11\/01-3-20-1024x684.jpg",640,428,true],"post-slider-thumb-size":["http:\/\/tvalaire.com\/wp-content\/uploads\/2018\/11\/01-3-20.jpg",284,190,false],"post-category-slider-size":["http:\/\/tvalaire.com\/wp-content\/uploads\/2018\/11\/01-3-20.jpg",330,220,false],"1536x1536":["http:\/\/tvalaire.com\/wp-content\/uploads\/2018\/11\/01-3-20.jpg",1024,684,false],"2048x2048":["http:\/\/tvalaire.com\/wp-content\/uploads\/2018\/11\/01-3-20.jpg",1024,684,false],"newsium-slider-full":["http:\/\/tvalaire.com\/wp-content\/uploads\/2018\/11\/01-3-20.jpg",1024,684,false],"newsium-featured":["http:\/\/tvalaire.com\/wp-content\/uploads\/2018\/11\/01-3-20.jpg",1024,684,false],"newsium-medium":["http:\/\/tvalaire.com\/wp-content\/uploads\/2018\/11\/01-3-20.jpg",711,475,false]},"author_info":{"info":["tvalairenoti"]},"category_info":"<a href=\"http:\/\/tvalaire.com\/?cat=1\" rel=\"category\">La Piedad<\/a>","tag_info":"La Piedad","comment_count":"0","jetpack_featured_media_url":"http:\/\/tvalaire.com\/wp-content\/uploads\/2018\/11\/01-3-20.jpg","_links":{"self":[{"href":"http:\/\/tvalaire.com\/index.php?rest_route=\/wp\/v2\/posts\/4570"}],"collection":[{"href":"http:\/\/tvalaire.com\/index.php?rest_route=\/wp\/v2\/posts"}],"about":[{"href":"http:\/\/tvalaire.com\/index.php?rest_route=\/wp\/v2\/types\/post"}],"author":[{"embeddable":true,"href":"http:\/\/tvalaire.com\/index.php?rest_route=\/wp\/v2\/users\/1"}],"replies":[{"embeddable":true,"href":"http:\/\/tvalaire.com\/index.php?rest_route=%2Fwp%2Fv2%2Fcomments&post=4570"}],"version-history":[{"count":1,"href":"http:\/\/tvalaire.com\/index.php?rest_route=\/wp\/v2\/posts\/4570\/revisions"}],"predecessor-version":[{"id":4572,"href":"http:\/\/tvalaire.com\/index.php?rest_route=\/wp\/v2\/posts\/4570\/revisions\/4572"}],"wp:featuredmedia":[{"embeddable":true,"href":"http:\/\/tvalaire.com\/index.php?rest_route=\/wp\/v2\/media\/4571"}],"wp:attachment":[{"href":"http:\/\/tvalaire.com\/index.php?rest_route=%2Fwp%2Fv2%2Fmedia&parent=4570"}],"wp:term":[{"taxonomy":"category","embeddable":true,"href":"http:\/\/tvalaire.com\/index.php?rest_route=%2Fwp%2Fv2%2Fcategories&post=4570"},{"taxonomy":"post_tag","embeddable":true,"href":"http:\/\/tvalaire.com\/index.php?rest_route=%2Fwp%2Fv2%2Ftags&post=4570"}],"curies":[{"name":"wp","href":"https:\/\/api.w.org\/{rel}","templated":true}]}}