{"id":4564,"date":"2018-11-13T17:53:07","date_gmt":"2018-11-13T23:53:07","guid":{"rendered":"http:\/\/tvalaire.com\/?p=4564"},"modified":"2018-11-14T17:54:12","modified_gmt":"2018-11-14T23:54:12","slug":"dif-la-piedad-mejora-calidad-de-vida-gracias-a-equinoterapia","status":"publish","type":"post","link":"http:\/\/tvalaire.com\/?p=4564","title":{"rendered":"DIF LA PIEDAD MEJORA CALIDAD DE VIDA GRACIAS A EQUINOTERAPIA"},"content":{"rendered":"<p>&nbsp;<\/p>\n<p>&nbsp;<\/p>\n<ul>\n<li><b>Los ni\u00f1os reciben 100% de beca para ser atendidos<\/b><\/li>\n<\/ul>\n<ul>\n<li>Mejoran su capacidad f\u00edsica, motriz, intelectual, comunicativa, entre otros<\/li>\n<\/ul>\n<p>&nbsp;<\/p>\n<p>&nbsp;<\/p>\n<p><span style=\"font-weight: 400;\">Con el compromiso de ser un gobierno incluyente, donde todos tengan oportunidad de mejorar su calidad de vida, 16 ni\u00f1os son beneficiados gracias al programa de \u201cLa Querencia Amigos DIF, Equinoterapia al alcance\u201d, atendiendo problemas de Par\u00e1lisis Cerebral Infantil, Autismo, S\u00edndrome de Down, retraso Psicomotriz, Asperger, da\u00f1o Neurol\u00f3gico, Hipoacusia y discapacidad Intelectual. \u00a0\u00a0\u00a0\u00a0\u00a0\u00a0\u00a0\u00a0\u00a0\u00a0\u00a0\u00a0\u00a0\u00a0\u00a0\u00a0\u00a0\u00a0\u00a0\u00a0\u00a0\u00a0\u00a0\u00a0\u00a0\u00a0\u00a0\u00a0\u00a0\u00a0\u00a0\u00a0\u00a0\u00a0\u00a0\u00a0\u00a0\u00a0\u00a0\u00a0\u00a0\u00a0\u00a0\u00a0\u00a0\u00a0\u00a0\u00a0\u00a0\u00a0\u00a0\u00a0\u00a0\u00a0\u00a0\u00a0\u00a0\u00a0\u00a0\u00a0\u00a0\u00a0\u00a0\u00a0\u00a0\u00a0<\/span><\/p>\n<p><span style=\"font-weight: 400;\">\u201cLa equinoterapia es un m\u00e9todo f\u00edsico y mental complementario al tratamiento que recibe el ni\u00f1o, donde el elemento principal con el que se trabaja es el caballo, cuyo animal es usado para ayudar a los ni\u00f1os con alguna discapacidad, mejorando su calidad de vida para que sean personas m\u00e1s independientes\u201d, coment\u00f3 el presidente Alex Espinoza durante la apertura del programa en su administraci\u00f3n.<\/span><\/p>\n<p><span style=\"font-weight: 400;\">Puntualiz\u00f3, que la manera en que se trabaja con el Centro Terap\u00e9utico es por medio de becas que se les brindan a los ni\u00f1os, donde el DIF pone el 50% y La Querencia el resto, dando el 100% del apoyo sin costo alguno para los padres de los infantes, aquellos ni\u00f1os que tengan alguna discapacidad pueden acudir a la instituci\u00f3n para que sean valorados y ver si son actos para recibir estas terapias.<\/span><\/p>\n<p><span style=\"font-weight: 400;\">Por su parte Liliana Flores Castro, presidenta del DIF en La Piedad mencion\u00f3 a los pap\u00e1s de los ni\u00f1os que son beneficiados, \u00a0que por medio de este programa han podido mejorar su capacidad f\u00edsica, motriz, intelectual, comunicativa, de concentraci\u00f3n, de postura y de atenci\u00f3n, ya que este sistema tiene m\u00e1s de cinco a\u00f1os en el DIF y que varios de los peque\u00f1os est\u00e1n desde que inici\u00f3.<\/span><\/p>\n","protected":false},"excerpt":{"rendered":"<p>&nbsp; &nbsp; Los ni\u00f1os reciben 100% de beca para ser atendidos Mejoran su capacidad f\u00edsica,&#8230;<\/p>\n","protected":false},"author":1,"featured_media":4565,"comment_status":"open","ping_status":"open","sticky":false,"template":"","format":"standard","meta":{"jetpack_post_was_ever_published":false,"_jetpack_newsletter_access":"","_jetpack_dont_email_post_to_subs":false,"_jetpack_newsletter_tier_id":0,"_jetpack_memberships_contains_paywalled_content":false,"_jetpack_memberships_contains_paid_content":false,"footnotes":"","jetpack_publicize_message":"","jetpack_publicize_feature_enabled":true,"jetpack_social_post_already_shared":false,"jetpack_social_options":{"image_generator_settings":{"template":"highway","enabled":false},"version":2}},"categories":[1],"tags":[15,36],"class_list":["post-4564","post","type-post","status-publish","format-standard","has-post-thumbnail","hentry","category-la-piedad","tag-la-piedad","tag-principales"],"jetpack_publicize_connections":[],"jetpack_sharing_enabled":true,"featured_image_urls":{"full":["http:\/\/tvalaire.com\/wp-content\/uploads\/2018\/11\/01-3-18.jpg",1650,1100,false],"thumbnail":["http:\/\/tvalaire.com\/wp-content\/uploads\/2018\/11\/01-3-18-150x150.jpg",150,150,true],"medium":["http:\/\/tvalaire.com\/wp-content\/uploads\/2018\/11\/01-3-18-300x200.jpg",300,200,true],"medium_large":["http:\/\/tvalaire.com\/wp-content\/uploads\/2018\/11\/01-3-18-768x512.jpg",640,427,true],"large":["http:\/\/tvalaire.com\/wp-content\/uploads\/2018\/11\/01-3-18-1024x683.jpg",640,427,true],"post-slider-thumb-size":["http:\/\/tvalaire.com\/wp-content\/uploads\/2018\/11\/01-3-18.jpg",285,190,false],"post-category-slider-size":["http:\/\/tvalaire.com\/wp-content\/uploads\/2018\/11\/01-3-18.jpg",330,220,false],"1536x1536":["http:\/\/tvalaire.com\/wp-content\/uploads\/2018\/11\/01-3-18.jpg",1536,1024,false],"2048x2048":["http:\/\/tvalaire.com\/wp-content\/uploads\/2018\/11\/01-3-18.jpg",1650,1100,false],"newsium-slider-full":["http:\/\/tvalaire.com\/wp-content\/uploads\/2018\/11\/01-3-18.jpg",1268,845,false],"newsium-featured":["http:\/\/tvalaire.com\/wp-content\/uploads\/2018\/11\/01-3-18.jpg",1024,683,false],"newsium-medium":["http:\/\/tvalaire.com\/wp-content\/uploads\/2018\/11\/01-3-18.jpg",713,475,false]},"author_info":{"info":["tvalairenoti"]},"category_info":"<a href=\"http:\/\/tvalaire.com\/?cat=1\" rel=\"category\">La Piedad<\/a>","tag_info":"La Piedad","comment_count":"0","jetpack_featured_media_url":"http:\/\/tvalaire.com\/wp-content\/uploads\/2018\/11\/01-3-18.jpg","_links":{"self":[{"href":"http:\/\/tvalaire.com\/index.php?rest_route=\/wp\/v2\/posts\/4564"}],"collection":[{"href":"http:\/\/tvalaire.com\/index.php?rest_route=\/wp\/v2\/posts"}],"about":[{"href":"http:\/\/tvalaire.com\/index.php?rest_route=\/wp\/v2\/types\/post"}],"author":[{"embeddable":true,"href":"http:\/\/tvalaire.com\/index.php?rest_route=\/wp\/v2\/users\/1"}],"replies":[{"embeddable":true,"href":"http:\/\/tvalaire.com\/index.php?rest_route=%2Fwp%2Fv2%2Fcomments&post=4564"}],"version-history":[{"count":1,"href":"http:\/\/tvalaire.com\/index.php?rest_route=\/wp\/v2\/posts\/4564\/revisions"}],"predecessor-version":[{"id":4566,"href":"http:\/\/tvalaire.com\/index.php?rest_route=\/wp\/v2\/posts\/4564\/revisions\/4566"}],"wp:featuredmedia":[{"embeddable":true,"href":"http:\/\/tvalaire.com\/index.php?rest_route=\/wp\/v2\/media\/4565"}],"wp:attachment":[{"href":"http:\/\/tvalaire.com\/index.php?rest_route=%2Fwp%2Fv2%2Fmedia&parent=4564"}],"wp:term":[{"taxonomy":"category","embeddable":true,"href":"http:\/\/tvalaire.com\/index.php?rest_route=%2Fwp%2Fv2%2Fcategories&post=4564"},{"taxonomy":"post_tag","embeddable":true,"href":"http:\/\/tvalaire.com\/index.php?rest_route=%2Fwp%2Fv2%2Ftags&post=4564"}],"curies":[{"name":"wp","href":"https:\/\/api.w.org\/{rel}","templated":true}]}}