{"id":4552,"date":"2018-11-12T17:45:56","date_gmt":"2018-11-12T23:45:56","guid":{"rendered":"http:\/\/tvalaire.com\/?p=4552"},"modified":"2018-11-14T17:46:38","modified_gmt":"2018-11-14T23:46:38","slug":"gobierno-municipal-da-facilidades-de-transito-a-migrantes-de-centroamerica","status":"publish","type":"post","link":"http:\/\/tvalaire.com\/?p=4552","title":{"rendered":"GOBIERNO MUNICIPAL DA FACILIDADES DE TR\u00c1NSITO A MIGRANTES DE CENTROAM\u00c9RICA"},"content":{"rendered":"<p>&nbsp;<\/p>\n<ul>\n<li><b>Ponen en marcha operativo especial para garantizan sus derechos humanos<\/b><\/li>\n<\/ul>\n<ul>\n<li>Su presencia en La Piedad es de paso pues la intenci\u00f3n es llegar a Guadalajara, Jalisco<\/li>\n<\/ul>\n<p>&nbsp;<\/p>\n<p>&nbsp;<\/p>\n<p><span style=\"font-weight: 400;\">El Consejo de Protecci\u00f3n Civil del Gobierno Municipal puso en marcha un operativo especial para brindar todas las facilidades de acceso y gu\u00eda a los migrantes centroamericanos en su paso por La Piedad.<\/span><\/p>\n<p><span style=\"font-weight: 400;\">La presencia de la Caravana Migrante se hizo presente desde el domingo por la tarde, e inmediatamente nuestro alcalde Alex Espinoza instruy\u00f3 a dependencias como Protecci\u00f3n Civil, Seguridad P\u00fablica y Tr\u00e1nsito Municipal, para que se brindaran todas las facilidades de protecci\u00f3n y gu\u00eda en su b\u00fasqueda por llegar al estado de Jalisco.<\/span><\/p>\n<p><span style=\"font-weight: 400;\">Esta ma\u00f1ana, integrantes del Consejo Municipal de Protecci\u00f3n Civil, encabezados por el secretario del Ayuntamiento Samuel Hidalgo Gallardo sesion\u00f3 de forma permanente para monitorear el apoyo que se les dar a los cientos de migrantes que pasaron por La Piedad.<\/span><\/p>\n<p><span style=\"font-weight: 400;\">Ah\u00ed se plante\u00f3 la posibilidad de habilitar la Unidad Deportiva \u201cLic. Humberto Romero P\u00e9rez\u201d, en caso de que algunos migrantes se rezaguen en el horario de tr\u00e1nsito por esta ciudad.<\/span><\/p>\n<p><span style=\"font-weight: 400;\">Tambi\u00e9n, se plante\u00f3 la necesidad de mantener atento un operativo para brindar los servicios b\u00e1sicos a los migrantes centroamericanos, tanto como lo es del Sector Salud como de asistencia social por parte del DIF La Piedad.<\/span><\/p>\n<p><span style=\"font-weight: 400;\">Al respecto, el jefe de la Jurisdicci\u00f3n Sanitaria, Luis Alberto Arriaga Belman, inform\u00f3 que todas las unidades m\u00e9dicas del municipio, incluyendo Yur\u00e9cuaro y Tanhuato est\u00e1n alertadas para atender a los migrantes centroamericanos en caso de que alguno de ellos requiera atenci\u00f3n m\u00e9dica.<\/span><\/p>\n","protected":false},"excerpt":{"rendered":"<p>&nbsp; Ponen en marcha operativo especial para garantizan sus derechos humanos Su presencia en La&#8230;<\/p>\n","protected":false},"author":1,"featured_media":4553,"comment_status":"open","ping_status":"open","sticky":false,"template":"","format":"standard","meta":{"jetpack_post_was_ever_published":false,"_jetpack_newsletter_access":"","_jetpack_dont_email_post_to_subs":false,"_jetpack_newsletter_tier_id":0,"_jetpack_memberships_contains_paywalled_content":false,"_jetpack_memberships_contains_paid_content":false,"footnotes":"","jetpack_publicize_message":"","jetpack_publicize_feature_enabled":true,"jetpack_social_post_already_shared":false,"jetpack_social_options":{"image_generator_settings":{"template":"highway","enabled":false},"version":2}},"categories":[1],"tags":[15,36],"class_list":["post-4552","post","type-post","status-publish","format-standard","has-post-thumbnail","hentry","category-la-piedad","tag-la-piedad","tag-principales"],"jetpack_publicize_connections":[],"jetpack_sharing_enabled":true,"featured_image_urls":{"full":["http:\/\/tvalaire.com\/wp-content\/uploads\/2018\/11\/01-5-11.jpg",6000,3376,false],"thumbnail":["http:\/\/tvalaire.com\/wp-content\/uploads\/2018\/11\/01-5-11-150x150.jpg",150,150,true],"medium":["http:\/\/tvalaire.com\/wp-content\/uploads\/2018\/11\/01-5-11-300x169.jpg",300,169,true],"medium_large":["http:\/\/tvalaire.com\/wp-content\/uploads\/2018\/11\/01-5-11-768x432.jpg",640,360,true],"large":["http:\/\/tvalaire.com\/wp-content\/uploads\/2018\/11\/01-5-11-1024x576.jpg",640,360,true],"post-slider-thumb-size":["http:\/\/tvalaire.com\/wp-content\/uploads\/2018\/11\/01-5-11.jpg",330,186,false],"post-category-slider-size":["http:\/\/tvalaire.com\/wp-content\/uploads\/2018\/11\/01-5-11.jpg",330,186,false],"1536x1536":["http:\/\/tvalaire.com\/wp-content\/uploads\/2018\/11\/01-5-11.jpg",1536,864,false],"2048x2048":["http:\/\/tvalaire.com\/wp-content\/uploads\/2018\/11\/01-5-11.jpg",2048,1152,false],"newsium-slider-full":["http:\/\/tvalaire.com\/wp-content\/uploads\/2018\/11\/01-5-11.jpg",1280,720,false],"newsium-featured":["http:\/\/tvalaire.com\/wp-content\/uploads\/2018\/11\/01-5-11.jpg",1024,576,false],"newsium-medium":["http:\/\/tvalaire.com\/wp-content\/uploads\/2018\/11\/01-5-11.jpg",720,405,false]},"author_info":{"info":["tvalairenoti"]},"category_info":"<a href=\"http:\/\/tvalaire.com\/?cat=1\" rel=\"category\">La Piedad<\/a>","tag_info":"La Piedad","comment_count":"0","jetpack_featured_media_url":"http:\/\/tvalaire.com\/wp-content\/uploads\/2018\/11\/01-5-11.jpg","_links":{"self":[{"href":"http:\/\/tvalaire.com\/index.php?rest_route=\/wp\/v2\/posts\/4552"}],"collection":[{"href":"http:\/\/tvalaire.com\/index.php?rest_route=\/wp\/v2\/posts"}],"about":[{"href":"http:\/\/tvalaire.com\/index.php?rest_route=\/wp\/v2\/types\/post"}],"author":[{"embeddable":true,"href":"http:\/\/tvalaire.com\/index.php?rest_route=\/wp\/v2\/users\/1"}],"replies":[{"embeddable":true,"href":"http:\/\/tvalaire.com\/index.php?rest_route=%2Fwp%2Fv2%2Fcomments&post=4552"}],"version-history":[{"count":1,"href":"http:\/\/tvalaire.com\/index.php?rest_route=\/wp\/v2\/posts\/4552\/revisions"}],"predecessor-version":[{"id":4554,"href":"http:\/\/tvalaire.com\/index.php?rest_route=\/wp\/v2\/posts\/4552\/revisions\/4554"}],"wp:featuredmedia":[{"embeddable":true,"href":"http:\/\/tvalaire.com\/index.php?rest_route=\/wp\/v2\/media\/4553"}],"wp:attachment":[{"href":"http:\/\/tvalaire.com\/index.php?rest_route=%2Fwp%2Fv2%2Fmedia&parent=4552"}],"wp:term":[{"taxonomy":"category","embeddable":true,"href":"http:\/\/tvalaire.com\/index.php?rest_route=%2Fwp%2Fv2%2Fcategories&post=4552"},{"taxonomy":"post_tag","embeddable":true,"href":"http:\/\/tvalaire.com\/index.php?rest_route=%2Fwp%2Fv2%2Ftags&post=4552"}],"curies":[{"name":"wp","href":"https:\/\/api.w.org\/{rel}","templated":true}]}}