{"id":4543,"date":"2018-11-08T17:42:38","date_gmt":"2018-11-08T23:42:38","guid":{"rendered":"http:\/\/tvalaire.com\/?p=4543"},"modified":"2018-11-14T17:43:09","modified_gmt":"2018-11-14T23:43:09","slug":"stand-ganadero-de-la-expo-pecuaria-2018-sera-coordinado-por-el-gobierno-municipal","status":"publish","type":"post","link":"http:\/\/tvalaire.com\/?p=4543","title":{"rendered":"STAND GANADERO DE LA EXPO PECUARIA 2018 SER\u00c1 COORDINADO POR EL GOBIERNO MUNICIPAL"},"content":{"rendered":"<p>&nbsp;<\/p>\n<ul>\n<li><b>En el lugar promover\u00e1n el mejoramiento de la gen\u00e9tica animal <\/b><\/li>\n<\/ul>\n<ul>\n<li>Expondr\u00e1n diferentes razas de ganado, as\u00ed como la posibilidad de contactar para la monta<\/li>\n<\/ul>\n<p>&nbsp;<\/p>\n<p>&nbsp;<\/p>\n<p><span style=\"font-weight: 400;\">El Gobierno Municipal estar\u00e1 presente en esta que ser\u00e1 la emisi\u00f3n n\u00famero 23 de la Expo Pecuaria 2018 que dar\u00e1 inicio este viernes 09 en el hotel Cerro Grande de esta ciudad.<\/span><\/p>\n<p><span style=\"font-weight: 400;\">Al respecto, el director de Fomento Agropecuario Fernando Rosales Vallecillos, indic\u00f3 que la dependencia a su cargo ser\u00e1 la responsable del stand ganadero en donde se contar\u00e1 con la presencia de productores invitados de Numar\u00e1n, Buena Vista, Zacapu, Tepatitl\u00e1n, Jacona y La Piedad.<\/span><\/p>\n<p><span style=\"font-weight: 400;\">En esta \u00e1rea, que se ubicar\u00e1 a un lado de la Mini Granja did\u00e1ctica se mostrar\u00e1n diferentes razas de ovinos entre ellas Katahdin, Dorper, Pelibuey, entre otros, que son considerados como de alta gen\u00e9tica.<\/span><\/p>\n<p><span style=\"font-weight: 400;\">Tambi\u00e9n habr\u00e1 diversas razas de ganado mayor tales como los toros Charolais, Simental y Simbrah, los cuales provienen de Valle de Santiago.<\/span><\/p>\n<p><span style=\"font-weight: 400;\">Habr\u00e1 a su vez expositores de equinos de los criaderos de Cuarto de Milla del se\u00f1or Jaime Vallecillo y Alfonso Cabrera, los cuales son utilizados para la charrer\u00eda.<\/span><\/p>\n<p><span style=\"font-weight: 400;\">Fernando Vallecillo indic\u00f3 que la realizaci\u00f3n de este evento, es un buen escenario para que las personas que se dedican a esta actividad puedan conocer los avances sobre el mejoramiento de la gen\u00e9tica y establezcan los contactos para la compra y venta del ganado.<\/span><\/p>\n<p><span style=\"font-weight: 400;\">La Expo Porcina 2018 tendr\u00e1 lugar ma\u00f1ana viernes en el hotel Cerro Grande, a partir de las 13:00 horas, para lo cual se invit\u00f3 a toda la poblaci\u00f3n para que conozcan sobre el mejoramiento de la gen\u00e9tica y las bondades en el consumo de la carne de cerdo.<\/span><\/p>\n","protected":false},"excerpt":{"rendered":"<p>&nbsp; En el lugar promover\u00e1n el mejoramiento de la gen\u00e9tica animal Expondr\u00e1n diferentes razas de&#8230;<\/p>\n","protected":false},"author":1,"featured_media":4544,"comment_status":"open","ping_status":"open","sticky":false,"template":"","format":"standard","meta":{"jetpack_post_was_ever_published":false,"_jetpack_newsletter_access":"","_jetpack_dont_email_post_to_subs":false,"_jetpack_newsletter_tier_id":0,"_jetpack_memberships_contains_paywalled_content":false,"_jetpack_memberships_contains_paid_content":false,"footnotes":"","jetpack_publicize_message":"","jetpack_publicize_feature_enabled":true,"jetpack_social_post_already_shared":false,"jetpack_social_options":{"image_generator_settings":{"template":"highway","enabled":false},"version":2}},"categories":[1],"tags":[15,36],"class_list":["post-4543","post","type-post","status-publish","format-standard","has-post-thumbnail","hentry","category-la-piedad","tag-la-piedad","tag-principales"],"jetpack_publicize_connections":[],"jetpack_sharing_enabled":true,"featured_image_urls":{"full":["http:\/\/tvalaire.com\/wp-content\/uploads\/2018\/11\/01-1-14.jpg",1024,684,false],"thumbnail":["http:\/\/tvalaire.com\/wp-content\/uploads\/2018\/11\/01-1-14-150x150.jpg",150,150,true],"medium":["http:\/\/tvalaire.com\/wp-content\/uploads\/2018\/11\/01-1-14-300x200.jpg",300,200,true],"medium_large":["http:\/\/tvalaire.com\/wp-content\/uploads\/2018\/11\/01-1-14-768x513.jpg",640,428,true],"large":["http:\/\/tvalaire.com\/wp-content\/uploads\/2018\/11\/01-1-14-1024x684.jpg",640,428,true],"post-slider-thumb-size":["http:\/\/tvalaire.com\/wp-content\/uploads\/2018\/11\/01-1-14.jpg",284,190,false],"post-category-slider-size":["http:\/\/tvalaire.com\/wp-content\/uploads\/2018\/11\/01-1-14.jpg",330,220,false],"1536x1536":["http:\/\/tvalaire.com\/wp-content\/uploads\/2018\/11\/01-1-14.jpg",1024,684,false],"2048x2048":["http:\/\/tvalaire.com\/wp-content\/uploads\/2018\/11\/01-1-14.jpg",1024,684,false],"newsium-slider-full":["http:\/\/tvalaire.com\/wp-content\/uploads\/2018\/11\/01-1-14.jpg",1024,684,false],"newsium-featured":["http:\/\/tvalaire.com\/wp-content\/uploads\/2018\/11\/01-1-14.jpg",1024,684,false],"newsium-medium":["http:\/\/tvalaire.com\/wp-content\/uploads\/2018\/11\/01-1-14.jpg",711,475,false]},"author_info":{"info":["tvalairenoti"]},"category_info":"<a href=\"http:\/\/tvalaire.com\/?cat=1\" rel=\"category\">La Piedad<\/a>","tag_info":"La Piedad","comment_count":"0","jetpack_featured_media_url":"http:\/\/tvalaire.com\/wp-content\/uploads\/2018\/11\/01-1-14.jpg","_links":{"self":[{"href":"http:\/\/tvalaire.com\/index.php?rest_route=\/wp\/v2\/posts\/4543"}],"collection":[{"href":"http:\/\/tvalaire.com\/index.php?rest_route=\/wp\/v2\/posts"}],"about":[{"href":"http:\/\/tvalaire.com\/index.php?rest_route=\/wp\/v2\/types\/post"}],"author":[{"embeddable":true,"href":"http:\/\/tvalaire.com\/index.php?rest_route=\/wp\/v2\/users\/1"}],"replies":[{"embeddable":true,"href":"http:\/\/tvalaire.com\/index.php?rest_route=%2Fwp%2Fv2%2Fcomments&post=4543"}],"version-history":[{"count":1,"href":"http:\/\/tvalaire.com\/index.php?rest_route=\/wp\/v2\/posts\/4543\/revisions"}],"predecessor-version":[{"id":4545,"href":"http:\/\/tvalaire.com\/index.php?rest_route=\/wp\/v2\/posts\/4543\/revisions\/4545"}],"wp:featuredmedia":[{"embeddable":true,"href":"http:\/\/tvalaire.com\/index.php?rest_route=\/wp\/v2\/media\/4544"}],"wp:attachment":[{"href":"http:\/\/tvalaire.com\/index.php?rest_route=%2Fwp%2Fv2%2Fmedia&parent=4543"}],"wp:term":[{"taxonomy":"category","embeddable":true,"href":"http:\/\/tvalaire.com\/index.php?rest_route=%2Fwp%2Fv2%2Fcategories&post=4543"},{"taxonomy":"post_tag","embeddable":true,"href":"http:\/\/tvalaire.com\/index.php?rest_route=%2Fwp%2Fv2%2Ftags&post=4543"}],"curies":[{"name":"wp","href":"https:\/\/api.w.org\/{rel}","templated":true}]}}