{"id":4531,"date":"2018-11-06T17:38:06","date_gmt":"2018-11-06T23:38:06","guid":{"rendered":"http:\/\/tvalaire.com\/?p=4531"},"modified":"2018-11-14T17:38:31","modified_gmt":"2018-11-14T23:38:31","slug":"inaugura-alcalde-calle-orquideas","status":"publish","type":"post","link":"http:\/\/tvalaire.com\/?p=4531","title":{"rendered":"INAUGURA ALCALDE CALLE ORQU\u00cdDEAS"},"content":{"rendered":"<p>&nbsp;<\/p>\n<ul>\n<li><b>\u201cHaremos lo que est\u00e9 a nuestro alcance para mejorar las colonias\u201d: Alex Espinoza<\/b><\/li>\n<\/ul>\n<ul>\n<li>Con obras como \u00e9sta, se cambia la calidad de vida de los habitantes en La Piedad<\/li>\n<\/ul>\n<p>&nbsp;<\/p>\n<p>&nbsp;<\/p>\n<p><span style=\"font-weight: 400;\">Nuestro presidente municipal, Alex Espinoza, inaugur\u00f3 la obra de rehabilitaci\u00f3n de la calle Orqu\u00eddeas en la colonia Laureles, con una inversi\u00f3n de 1 mill\u00f3n 040 mil pesos.<\/span><\/p>\n<p><span style=\"font-weight: 400;\">De acuerdo con la Direcci\u00f3n de Obras P\u00fablica y Urbanismo, la primera etapa del proyecto consisti\u00f3 en la colocaci\u00f3n de las l\u00edneas de drenaje y agua potable, a trav\u00e9s de recurso del Fondo II, por 185 mil 289 pesos.<\/span><\/p>\n<p><span style=\"font-weight: 400;\">Posteriormente, se hizo la colocaci\u00f3n de concreto hidr\u00e1ulico en 76 metros lineales, entre las calles Fresno y Girasol, con 860 mil pesos provenientes del programa federal H\u00e1bitat, a trav\u00e9s de la Secretar\u00eda de Desarrollo Agrario, Territorial y Urbano (SEDATU).<\/span><\/p>\n<p><span style=\"font-weight: 400;\">El alcalde Alex Espinoza afirm\u00f3 a los ciudadanos que esta obra no s\u00f3lo impactar\u00e1 en el mejoramiento urbano de su calle, sino tambi\u00e9n en las condiciones de salud para sus familias.<\/span><\/p>\n<p><span style=\"font-weight: 400;\">Tambi\u00e9n solicit\u00f3 se logr\u00e9 tener una verdadera cultura vial, pues tanto automovilistas como peatones deben respetar los se\u00f1alamientos para evitar accidentes.<\/span><\/p>\n<p><span style=\"font-weight: 400;\">La obra tuvo una duraci\u00f3n de cinco meses y fue ejecutada por el contratista Reyes Pavimentos y terracer\u00edas S.A. de C.V.<\/span><\/p>\n<p><span style=\"font-weight: 400;\">En su mensaje, el Presidente Municipal tambi\u00e9n invit\u00f3 a los habitantes de Los Laureles a que acudan al Centro Comunitario de su pol\u00edgono, ubicado en la colonia Ciudad del Sol, mismo que fue reactivado con consultas m\u00e9dicas, clases de zumba o yoga, regularizaci\u00f3n para los ni\u00f1os, entre otras actividades<\/span><\/p>\n","protected":false},"excerpt":{"rendered":"<p>&nbsp; \u201cHaremos lo que est\u00e9 a nuestro alcance para mejorar las colonias\u201d: Alex Espinoza Con&#8230;<\/p>\n","protected":false},"author":1,"featured_media":4532,"comment_status":"open","ping_status":"open","sticky":false,"template":"","format":"standard","meta":{"jetpack_post_was_ever_published":false,"_jetpack_newsletter_access":"","_jetpack_dont_email_post_to_subs":false,"_jetpack_newsletter_tier_id":0,"_jetpack_memberships_contains_paywalled_content":false,"_jetpack_memberships_contains_paid_content":false,"footnotes":"","jetpack_publicize_message":"","jetpack_publicize_feature_enabled":true,"jetpack_social_post_already_shared":false,"jetpack_social_options":{"image_generator_settings":{"template":"highway","enabled":false},"version":2}},"categories":[1],"tags":[15,36],"class_list":["post-4531","post","type-post","status-publish","format-standard","has-post-thumbnail","hentry","category-la-piedad","tag-la-piedad","tag-principales"],"jetpack_publicize_connections":[],"jetpack_sharing_enabled":true,"featured_image_urls":{"full":["http:\/\/tvalaire.com\/wp-content\/uploads\/2018\/11\/01-3-17.jpg",1124,750,false],"thumbnail":["http:\/\/tvalaire.com\/wp-content\/uploads\/2018\/11\/01-3-17-150x150.jpg",150,150,true],"medium":["http:\/\/tvalaire.com\/wp-content\/uploads\/2018\/11\/01-3-17-300x200.jpg",300,200,true],"medium_large":["http:\/\/tvalaire.com\/wp-content\/uploads\/2018\/11\/01-3-17-768x512.jpg",640,427,true],"large":["http:\/\/tvalaire.com\/wp-content\/uploads\/2018\/11\/01-3-17-1024x683.jpg",640,427,true],"post-slider-thumb-size":["http:\/\/tvalaire.com\/wp-content\/uploads\/2018\/11\/01-3-17.jpg",285,190,false],"post-category-slider-size":["http:\/\/tvalaire.com\/wp-content\/uploads\/2018\/11\/01-3-17.jpg",330,220,false],"1536x1536":["http:\/\/tvalaire.com\/wp-content\/uploads\/2018\/11\/01-3-17.jpg",1124,750,false],"2048x2048":["http:\/\/tvalaire.com\/wp-content\/uploads\/2018\/11\/01-3-17.jpg",1124,750,false],"newsium-slider-full":["http:\/\/tvalaire.com\/wp-content\/uploads\/2018\/11\/01-3-17.jpg",1124,750,false],"newsium-featured":["http:\/\/tvalaire.com\/wp-content\/uploads\/2018\/11\/01-3-17.jpg",1024,683,false],"newsium-medium":["http:\/\/tvalaire.com\/wp-content\/uploads\/2018\/11\/01-3-17.jpg",712,475,false]},"author_info":{"info":["tvalairenoti"]},"category_info":"<a href=\"http:\/\/tvalaire.com\/?cat=1\" rel=\"category\">La Piedad<\/a>","tag_info":"La Piedad","comment_count":"0","jetpack_featured_media_url":"http:\/\/tvalaire.com\/wp-content\/uploads\/2018\/11\/01-3-17.jpg","_links":{"self":[{"href":"http:\/\/tvalaire.com\/index.php?rest_route=\/wp\/v2\/posts\/4531"}],"collection":[{"href":"http:\/\/tvalaire.com\/index.php?rest_route=\/wp\/v2\/posts"}],"about":[{"href":"http:\/\/tvalaire.com\/index.php?rest_route=\/wp\/v2\/types\/post"}],"author":[{"embeddable":true,"href":"http:\/\/tvalaire.com\/index.php?rest_route=\/wp\/v2\/users\/1"}],"replies":[{"embeddable":true,"href":"http:\/\/tvalaire.com\/index.php?rest_route=%2Fwp%2Fv2%2Fcomments&post=4531"}],"version-history":[{"count":1,"href":"http:\/\/tvalaire.com\/index.php?rest_route=\/wp\/v2\/posts\/4531\/revisions"}],"predecessor-version":[{"id":4533,"href":"http:\/\/tvalaire.com\/index.php?rest_route=\/wp\/v2\/posts\/4531\/revisions\/4533"}],"wp:featuredmedia":[{"embeddable":true,"href":"http:\/\/tvalaire.com\/index.php?rest_route=\/wp\/v2\/media\/4532"}],"wp:attachment":[{"href":"http:\/\/tvalaire.com\/index.php?rest_route=%2Fwp%2Fv2%2Fmedia&parent=4531"}],"wp:term":[{"taxonomy":"category","embeddable":true,"href":"http:\/\/tvalaire.com\/index.php?rest_route=%2Fwp%2Fv2%2Fcategories&post=4531"},{"taxonomy":"post_tag","embeddable":true,"href":"http:\/\/tvalaire.com\/index.php?rest_route=%2Fwp%2Fv2%2Ftags&post=4531"}],"curies":[{"name":"wp","href":"https:\/\/api.w.org\/{rel}","templated":true}]}}