{"id":4528,"date":"2018-11-06T17:37:04","date_gmt":"2018-11-06T23:37:04","guid":{"rendered":"http:\/\/tvalaire.com\/?p=4528"},"modified":"2018-11-14T17:37:35","modified_gmt":"2018-11-14T23:37:35","slug":"reabren-la-academia-de-transito-municipal","status":"publish","type":"post","link":"http:\/\/tvalaire.com\/?p=4528","title":{"rendered":"REABREN LA ACADEMIA DE TR\u00c1NSITO MUNICIPAL"},"content":{"rendered":"<p>&nbsp;<\/p>\n<ul>\n<li><b>Tener personal capacitado y ofrecer un mejor servicio es la meta <\/b><\/li>\n<\/ul>\n<ul>\n<li>Equidad de g\u00e9nero y disciplina en el \u00e1rea operativa fueron algunos de los temas<\/li>\n<\/ul>\n<p>&nbsp;<\/p>\n<p><span style=\"font-weight: 400;\">Con el fin de formar y capacitar a los agentes viales, el Gobierno Municipal reabri\u00f3 la Academia de Tr\u00e1nsito en la ciudad.<\/span><\/p>\n<p><span style=\"font-weight: 400;\">La reapertura de esta Academia se da por indicaciones del alcalde Alex Espinoza y el primer m\u00f3dulo de capacitaci\u00f3n se imparti\u00f3 este lunes en el Centro Cultural Piedadense, as\u00ed lo explic\u00f3 el director de Tr\u00e1nsito Municipal, Gabriel Anguiano Maga\u00f1a.<\/span><\/p>\n<p><span style=\"font-weight: 400;\">El curso de Equidad de G\u00e9nero fue realizado por el psic\u00f3logo Jes\u00fas Rodr\u00edguez, mientras que el curso de Disciplina en el \u00c1rea Operativa fue impartido por el coordinador de Educaci\u00f3n Vial, Jorge Rafael Casillas.<\/span><\/p>\n<p><span style=\"font-weight: 400;\">El Director de Tr\u00e1nsito Municipal inform\u00f3 que la Academia funcionar\u00e1 por tiempo indefinido, ya que el programa de actividades con el cual se reinici\u00f3 incluye otros temas como el de Acondicionamiento F\u00edsico; Peritajes en Hechos de Tr\u00e1nsito Terrestre; Primeros Auxilios; Marco Legal, entre otros.<\/span><\/p>\n<p><span style=\"font-weight: 400;\">Para cada uno de los m\u00f3dulos as\u00ed como los temas, se contar\u00e1 con personal especializado con la finalidad de que la capacitaci\u00f3n que reciban los agentes en activo, est\u00e9n debidamente preparados para la funci\u00f3n que cotidianamente realizan.<\/span><\/p>\n<p><span style=\"font-weight: 400;\">El objetivo, explic\u00f3 Gabriel Anguiano Maga\u00f1a, es contar con personal m\u00e1s capacitado y que \u00e9ste puedan brindar un mejor servicio a la comunidad; que ellos sean quienes perciban el cambio en los agentes viales.<\/span><\/p>\n","protected":false},"excerpt":{"rendered":"<p>&nbsp; Tener personal capacitado y ofrecer un mejor servicio es la meta Equidad de g\u00e9nero&#8230;<\/p>\n","protected":false},"author":1,"featured_media":4529,"comment_status":"open","ping_status":"open","sticky":false,"template":"","format":"standard","meta":{"jetpack_post_was_ever_published":false,"_jetpack_newsletter_access":"","_jetpack_dont_email_post_to_subs":false,"_jetpack_newsletter_tier_id":0,"_jetpack_memberships_contains_paywalled_content":false,"_jetpack_memberships_contains_paid_content":false,"footnotes":"","jetpack_publicize_message":"","jetpack_publicize_feature_enabled":true,"jetpack_social_post_already_shared":false,"jetpack_social_options":{"image_generator_settings":{"template":"highway","enabled":false},"version":2}},"categories":[1],"tags":[15,36],"class_list":["post-4528","post","type-post","status-publish","format-standard","has-post-thumbnail","hentry","category-la-piedad","tag-la-piedad","tag-principales"],"jetpack_publicize_connections":[],"jetpack_sharing_enabled":true,"featured_image_urls":{"full":["http:\/\/tvalaire.com\/wp-content\/uploads\/2018\/11\/01-2-13.jpg",1024,683,false],"thumbnail":["http:\/\/tvalaire.com\/wp-content\/uploads\/2018\/11\/01-2-13-150x150.jpg",150,150,true],"medium":["http:\/\/tvalaire.com\/wp-content\/uploads\/2018\/11\/01-2-13-300x200.jpg",300,200,true],"medium_large":["http:\/\/tvalaire.com\/wp-content\/uploads\/2018\/11\/01-2-13-768x512.jpg",640,427,true],"large":["http:\/\/tvalaire.com\/wp-content\/uploads\/2018\/11\/01-2-13-1024x683.jpg",640,427,true],"post-slider-thumb-size":["http:\/\/tvalaire.com\/wp-content\/uploads\/2018\/11\/01-2-13.jpg",285,190,false],"post-category-slider-size":["http:\/\/tvalaire.com\/wp-content\/uploads\/2018\/11\/01-2-13.jpg",330,220,false],"1536x1536":["http:\/\/tvalaire.com\/wp-content\/uploads\/2018\/11\/01-2-13.jpg",1024,683,false],"2048x2048":["http:\/\/tvalaire.com\/wp-content\/uploads\/2018\/11\/01-2-13.jpg",1024,683,false],"newsium-slider-full":["http:\/\/tvalaire.com\/wp-content\/uploads\/2018\/11\/01-2-13.jpg",1024,683,false],"newsium-featured":["http:\/\/tvalaire.com\/wp-content\/uploads\/2018\/11\/01-2-13.jpg",1024,683,false],"newsium-medium":["http:\/\/tvalaire.com\/wp-content\/uploads\/2018\/11\/01-2-13.jpg",712,475,false]},"author_info":{"info":["tvalairenoti"]},"category_info":"<a href=\"http:\/\/tvalaire.com\/?cat=1\" rel=\"category\">La Piedad<\/a>","tag_info":"La Piedad","comment_count":"0","jetpack_featured_media_url":"http:\/\/tvalaire.com\/wp-content\/uploads\/2018\/11\/01-2-13.jpg","_links":{"self":[{"href":"http:\/\/tvalaire.com\/index.php?rest_route=\/wp\/v2\/posts\/4528"}],"collection":[{"href":"http:\/\/tvalaire.com\/index.php?rest_route=\/wp\/v2\/posts"}],"about":[{"href":"http:\/\/tvalaire.com\/index.php?rest_route=\/wp\/v2\/types\/post"}],"author":[{"embeddable":true,"href":"http:\/\/tvalaire.com\/index.php?rest_route=\/wp\/v2\/users\/1"}],"replies":[{"embeddable":true,"href":"http:\/\/tvalaire.com\/index.php?rest_route=%2Fwp%2Fv2%2Fcomments&post=4528"}],"version-history":[{"count":1,"href":"http:\/\/tvalaire.com\/index.php?rest_route=\/wp\/v2\/posts\/4528\/revisions"}],"predecessor-version":[{"id":4530,"href":"http:\/\/tvalaire.com\/index.php?rest_route=\/wp\/v2\/posts\/4528\/revisions\/4530"}],"wp:featuredmedia":[{"embeddable":true,"href":"http:\/\/tvalaire.com\/index.php?rest_route=\/wp\/v2\/media\/4529"}],"wp:attachment":[{"href":"http:\/\/tvalaire.com\/index.php?rest_route=%2Fwp%2Fv2%2Fmedia&parent=4528"}],"wp:term":[{"taxonomy":"category","embeddable":true,"href":"http:\/\/tvalaire.com\/index.php?rest_route=%2Fwp%2Fv2%2Fcategories&post=4528"},{"taxonomy":"post_tag","embeddable":true,"href":"http:\/\/tvalaire.com\/index.php?rest_route=%2Fwp%2Fv2%2Ftags&post=4528"}],"curies":[{"name":"wp","href":"https:\/\/api.w.org\/{rel}","templated":true}]}}