{"id":4516,"date":"2018-11-02T17:32:13","date_gmt":"2018-11-02T23:32:13","guid":{"rendered":"http:\/\/tvalaire.com\/?p=4516"},"modified":"2018-11-14T17:32:45","modified_gmt":"2018-11-14T23:32:45","slug":"honran-piedadenses-memoria-de-ex-alcalde-ricardo-guzman","status":"publish","type":"post","link":"http:\/\/tvalaire.com\/?p=4516","title":{"rendered":"HONRAN PIEDADENSES MEMORIA DE EX ALCALDE RICARDO GUZM\u00c1N"},"content":{"rendered":"<ul>\n<li style=\"font-weight: 400;\"><span style=\"font-weight: 400;\">El acto por el VII Aniversario Luctuoso se llev\u00f3 a cabo frente a su monumento en la plaza Venustiano Carranza<\/span><\/li>\n<li style=\"font-weight: 400;\"><span style=\"font-weight: 400;\">Recuerdan trabajo ejemplar de Ricardo Guzm\u00e1n a favor de La Piedad<\/span><\/li>\n<\/ul>\n<p>&nbsp;<\/p>\n<p><span style=\"font-weight: 400;\">Integrantes del Gobierno Municipal que encabeza Alex Espinoza, conmemoraron el VII Aniversario Luctuoso del ex alcalde Ricardo Guzm\u00e1n Romero, quien fue recordado como el mejor ejemplo y gu\u00eda de inspiraci\u00f3n para muchos piedadenses.<\/span><\/p>\n<p><span style=\"font-weight: 400;\">As\u00ed lo refiri\u00f3 el regidor Luis L\u00f3pez Torres en su intervenci\u00f3n durante el acto c\u00edvico realizado en la plaza Venustiano Carranza, en donde se encuentra el monumento del ex alcalde de La Piedad.<\/span><\/p>\n<p><span style=\"font-weight: 400;\">En su discurso, el regidor record\u00f3 la tenacidad del hombre que ha trascendido por su trabajo, su labor de gesti\u00f3n y por la generaci\u00f3n de obras por m\u00e1s de 3 mil 500 millones de pesos en su gobierno.<\/span><\/p>\n<p><span style=\"font-weight: 400;\">Destac\u00f3 la empat\u00eda que ten\u00eda para con la poblaci\u00f3n m\u00e1s necesitada, raz\u00f3n por la cual como funcionarios deb\u00edan rendir las mejores cuentas porque todos son herederos del legado de Ricardo Guzm\u00e1n Romero. <\/span><\/p>\n<p><span style=\"font-weight: 400;\">Actualmente, afirm\u00f3 el regidor, La Piedad esta sedienta de un buen trabajo y para ello necesitan de suma de esfuerzos de todos, tanto sociedad y Gobierno. Por ello, explic\u00f3 que las obras que har\u00e1 este Gobierno ser\u00e1n trascendentes para mejorar los servicios de la ciudadan\u00eda.<\/span><\/p>\n<p><span style=\"font-weight: 400;\">A los ni\u00f1os de la escuela primaria \u201cRicardo Guzm\u00e1n Romero\u201d, los invit\u00f3 a sumarse y enfrentar todas las batallas que se les presenten, tanto en la escuela como en el hogar.<\/span><\/p>\n<p><span style=\"font-weight: 400;\">El acto estuvo organizado por la escuela primaria \u201cRicardo Guzm\u00e1n Romero\u201d y estuvo encabezado por el alcalde Alex Espinoza; tambi\u00e9n estuvieron presentes la s\u00edndico Esther Naranjo Armand\u00e1riz; el secretario del Ayuntamiento, Samuel Hidalgo Gallardo; la presidenta del DIF Liliana Flores Castro y los regidores del Ayuntamiento.<\/span><\/p>\n<p><span style=\"font-weight: 400;\">Durante el acto, se rindieron honores a la Bandera y los alumnos Janeth Monserrath M\u00e9ndez Meza y Jovanny Antonio Mart\u00ednez Mart\u00ednez, dieron lectura a la biograf\u00eda de Ricardo Guzm\u00e1n Romero y la alumna Ximena Tovar Garc\u00eda ofreci\u00f3 una poes\u00eda.<\/span><\/p>\n","protected":false},"excerpt":{"rendered":"<p>El acto por el VII Aniversario Luctuoso se llev\u00f3 a cabo frente a su monumento&#8230;<\/p>\n","protected":false},"author":1,"featured_media":4517,"comment_status":"open","ping_status":"open","sticky":false,"template":"","format":"standard","meta":{"jetpack_post_was_ever_published":false,"_jetpack_newsletter_access":"","_jetpack_dont_email_post_to_subs":false,"_jetpack_newsletter_tier_id":0,"_jetpack_memberships_contains_paywalled_content":false,"_jetpack_memberships_contains_paid_content":false,"footnotes":"","jetpack_publicize_message":"","jetpack_publicize_feature_enabled":true,"jetpack_social_post_already_shared":false,"jetpack_social_options":{"image_generator_settings":{"template":"highway","enabled":false},"version":2}},"categories":[1],"tags":[15,36],"class_list":["post-4516","post","type-post","status-publish","format-standard","has-post-thumbnail","hentry","category-la-piedad","tag-la-piedad","tag-principales"],"jetpack_publicize_connections":[],"jetpack_sharing_enabled":true,"featured_image_urls":{"full":["http:\/\/tvalaire.com\/wp-content\/uploads\/2018\/11\/ANIVERSARIO-LUCUTOSO-1.jpeg",1280,720,false],"thumbnail":["http:\/\/tvalaire.com\/wp-content\/uploads\/2018\/11\/ANIVERSARIO-LUCUTOSO-1-150x150.jpeg",150,150,true],"medium":["http:\/\/tvalaire.com\/wp-content\/uploads\/2018\/11\/ANIVERSARIO-LUCUTOSO-1-300x169.jpeg",300,169,true],"medium_large":["http:\/\/tvalaire.com\/wp-content\/uploads\/2018\/11\/ANIVERSARIO-LUCUTOSO-1-768x432.jpeg",640,360,true],"large":["http:\/\/tvalaire.com\/wp-content\/uploads\/2018\/11\/ANIVERSARIO-LUCUTOSO-1-1024x576.jpeg",640,360,true],"post-slider-thumb-size":["http:\/\/tvalaire.com\/wp-content\/uploads\/2018\/11\/ANIVERSARIO-LUCUTOSO-1.jpeg",330,186,false],"post-category-slider-size":["http:\/\/tvalaire.com\/wp-content\/uploads\/2018\/11\/ANIVERSARIO-LUCUTOSO-1.jpeg",330,186,false],"1536x1536":["http:\/\/tvalaire.com\/wp-content\/uploads\/2018\/11\/ANIVERSARIO-LUCUTOSO-1.jpeg",1280,720,false],"2048x2048":["http:\/\/tvalaire.com\/wp-content\/uploads\/2018\/11\/ANIVERSARIO-LUCUTOSO-1.jpeg",1280,720,false],"newsium-slider-full":["http:\/\/tvalaire.com\/wp-content\/uploads\/2018\/11\/ANIVERSARIO-LUCUTOSO-1.jpeg",1280,720,false],"newsium-featured":["http:\/\/tvalaire.com\/wp-content\/uploads\/2018\/11\/ANIVERSARIO-LUCUTOSO-1.jpeg",1024,576,false],"newsium-medium":["http:\/\/tvalaire.com\/wp-content\/uploads\/2018\/11\/ANIVERSARIO-LUCUTOSO-1.jpeg",720,405,false]},"author_info":{"info":["tvalairenoti"]},"category_info":"<a href=\"http:\/\/tvalaire.com\/?cat=1\" rel=\"category\">La Piedad<\/a>","tag_info":"La Piedad","comment_count":"0","jetpack_featured_media_url":"http:\/\/tvalaire.com\/wp-content\/uploads\/2018\/11\/ANIVERSARIO-LUCUTOSO-1.jpeg","_links":{"self":[{"href":"http:\/\/tvalaire.com\/index.php?rest_route=\/wp\/v2\/posts\/4516"}],"collection":[{"href":"http:\/\/tvalaire.com\/index.php?rest_route=\/wp\/v2\/posts"}],"about":[{"href":"http:\/\/tvalaire.com\/index.php?rest_route=\/wp\/v2\/types\/post"}],"author":[{"embeddable":true,"href":"http:\/\/tvalaire.com\/index.php?rest_route=\/wp\/v2\/users\/1"}],"replies":[{"embeddable":true,"href":"http:\/\/tvalaire.com\/index.php?rest_route=%2Fwp%2Fv2%2Fcomments&post=4516"}],"version-history":[{"count":1,"href":"http:\/\/tvalaire.com\/index.php?rest_route=\/wp\/v2\/posts\/4516\/revisions"}],"predecessor-version":[{"id":4518,"href":"http:\/\/tvalaire.com\/index.php?rest_route=\/wp\/v2\/posts\/4516\/revisions\/4518"}],"wp:featuredmedia":[{"embeddable":true,"href":"http:\/\/tvalaire.com\/index.php?rest_route=\/wp\/v2\/media\/4517"}],"wp:attachment":[{"href":"http:\/\/tvalaire.com\/index.php?rest_route=%2Fwp%2Fv2%2Fmedia&parent=4516"}],"wp:term":[{"taxonomy":"category","embeddable":true,"href":"http:\/\/tvalaire.com\/index.php?rest_route=%2Fwp%2Fv2%2Fcategories&post=4516"},{"taxonomy":"post_tag","embeddable":true,"href":"http:\/\/tvalaire.com\/index.php?rest_route=%2Fwp%2Fv2%2Ftags&post=4516"}],"curies":[{"name":"wp","href":"https:\/\/api.w.org\/{rel}","templated":true}]}}