{"id":4510,"date":"2018-10-31T17:29:49","date_gmt":"2018-10-31T23:29:49","guid":{"rendered":"http:\/\/tvalaire.com\/?p=4510"},"modified":"2018-11-14T17:30:23","modified_gmt":"2018-11-14T23:30:23","slug":"las-listas-de-nuevos-becarios-ya-esta-publicada","status":"publish","type":"post","link":"http:\/\/tvalaire.com\/?p=4510","title":{"rendered":"LAS LISTAS DE NUEVOS BECARIOS YA EST\u00c1 PUBLICADA"},"content":{"rendered":"<p>&nbsp;<\/p>\n<ul>\n<li><b>El alcalde Alex Espinoza coloc\u00f3 las primeras listas en presidencia <\/b><\/li>\n<\/ul>\n<ul>\n<li>Las nuevas credenciales se entregar\u00e1n del 21 al 23 de noviembre<\/li>\n<\/ul>\n<p>&nbsp;<\/p>\n<p><span style=\"font-weight: 400;\">Tal como lo ofreci\u00f3 en su momento, el alcalde Alex Espinoza coloc\u00f3 las listas de los nuevos beneficiarios del programa de Becas Municipales en el portal de Las Flores en el edificio de Presidencia Municipal como en la direcci\u00f3n de Educaci\u00f3n.<\/span><\/p>\n<p><span style=\"font-weight: 400;\">En las listas que se exhiben se incluyen los nombres de los alumnos de nuevo ingreso al programa de Becas Municipales el cual incluye un total de 4 mil 269 alumnos de los niveles de Primaria, Secundaria, Preparatoria y Universidad.<\/span><\/p>\n<p><span style=\"font-weight: 400;\">Para el caso de las becas de renovaci\u00f3n, se informa que no hay cambios, por tanto deber\u00e1n acudir todos los integrantes del programa a recibir su credencial que los acredita como parte del padr\u00f3n de beneficiarios.<\/span><\/p>\n<p><span style=\"font-weight: 400;\">La entrega de las credenciales se llevar\u00e1 a cabo en la Unidad Deportiva \u201cLic. Humberto Romero P\u00e9rez\u201d el 21 de noviembre en el caso de los alumnos de Primaria; el 22 los de Secundaria y el 23 los de Preparatoria y Universidad. El horario ser\u00e1 a las 10:00 de la ma\u00f1ana. <\/span><\/p>\n<p><span style=\"font-weight: 400;\">Para recoger la credencial, preferentemente deber\u00e1 acudir el alumno, alguno de los padres o tutor, ya que esta identificaci\u00f3n es de vital importancia para acudir a cobrar el apoyo municipal que se entregar\u00e1 en fecha posterior.<\/span><\/p>\n","protected":false},"excerpt":{"rendered":"<p>&nbsp; El alcalde Alex Espinoza coloc\u00f3 las primeras listas en presidencia Las nuevas credenciales se&#8230;<\/p>\n","protected":false},"author":1,"featured_media":4511,"comment_status":"open","ping_status":"open","sticky":false,"template":"","format":"standard","meta":{"jetpack_post_was_ever_published":false,"_jetpack_newsletter_access":"","_jetpack_dont_email_post_to_subs":false,"_jetpack_newsletter_tier_id":0,"_jetpack_memberships_contains_paywalled_content":false,"_jetpack_memberships_contains_paid_content":false,"footnotes":"","jetpack_publicize_message":"","jetpack_publicize_feature_enabled":true,"jetpack_social_post_already_shared":false,"jetpack_social_options":{"image_generator_settings":{"template":"highway","enabled":false},"version":2}},"categories":[1],"tags":[15,36],"class_list":["post-4510","post","type-post","status-publish","format-standard","has-post-thumbnail","hentry","category-la-piedad","tag-la-piedad","tag-principales"],"jetpack_publicize_connections":[],"jetpack_sharing_enabled":true,"featured_image_urls":{"full":["http:\/\/tvalaire.com\/wp-content\/uploads\/2018\/11\/01-4-9.jpg",1024,683,false],"thumbnail":["http:\/\/tvalaire.com\/wp-content\/uploads\/2018\/11\/01-4-9-150x150.jpg",150,150,true],"medium":["http:\/\/tvalaire.com\/wp-content\/uploads\/2018\/11\/01-4-9-300x200.jpg",300,200,true],"medium_large":["http:\/\/tvalaire.com\/wp-content\/uploads\/2018\/11\/01-4-9-768x512.jpg",640,427,true],"large":["http:\/\/tvalaire.com\/wp-content\/uploads\/2018\/11\/01-4-9-1024x683.jpg",640,427,true],"post-slider-thumb-size":["http:\/\/tvalaire.com\/wp-content\/uploads\/2018\/11\/01-4-9.jpg",285,190,false],"post-category-slider-size":["http:\/\/tvalaire.com\/wp-content\/uploads\/2018\/11\/01-4-9.jpg",330,220,false],"1536x1536":["http:\/\/tvalaire.com\/wp-content\/uploads\/2018\/11\/01-4-9.jpg",1024,683,false],"2048x2048":["http:\/\/tvalaire.com\/wp-content\/uploads\/2018\/11\/01-4-9.jpg",1024,683,false],"newsium-slider-full":["http:\/\/tvalaire.com\/wp-content\/uploads\/2018\/11\/01-4-9.jpg",1024,683,false],"newsium-featured":["http:\/\/tvalaire.com\/wp-content\/uploads\/2018\/11\/01-4-9.jpg",1024,683,false],"newsium-medium":["http:\/\/tvalaire.com\/wp-content\/uploads\/2018\/11\/01-4-9.jpg",712,475,false]},"author_info":{"info":["tvalairenoti"]},"category_info":"<a href=\"http:\/\/tvalaire.com\/?cat=1\" rel=\"category\">La Piedad<\/a>","tag_info":"La Piedad","comment_count":"0","jetpack_featured_media_url":"http:\/\/tvalaire.com\/wp-content\/uploads\/2018\/11\/01-4-9.jpg","_links":{"self":[{"href":"http:\/\/tvalaire.com\/index.php?rest_route=\/wp\/v2\/posts\/4510"}],"collection":[{"href":"http:\/\/tvalaire.com\/index.php?rest_route=\/wp\/v2\/posts"}],"about":[{"href":"http:\/\/tvalaire.com\/index.php?rest_route=\/wp\/v2\/types\/post"}],"author":[{"embeddable":true,"href":"http:\/\/tvalaire.com\/index.php?rest_route=\/wp\/v2\/users\/1"}],"replies":[{"embeddable":true,"href":"http:\/\/tvalaire.com\/index.php?rest_route=%2Fwp%2Fv2%2Fcomments&post=4510"}],"version-history":[{"count":1,"href":"http:\/\/tvalaire.com\/index.php?rest_route=\/wp\/v2\/posts\/4510\/revisions"}],"predecessor-version":[{"id":4512,"href":"http:\/\/tvalaire.com\/index.php?rest_route=\/wp\/v2\/posts\/4510\/revisions\/4512"}],"wp:featuredmedia":[{"embeddable":true,"href":"http:\/\/tvalaire.com\/index.php?rest_route=\/wp\/v2\/media\/4511"}],"wp:attachment":[{"href":"http:\/\/tvalaire.com\/index.php?rest_route=%2Fwp%2Fv2%2Fmedia&parent=4510"}],"wp:term":[{"taxonomy":"category","embeddable":true,"href":"http:\/\/tvalaire.com\/index.php?rest_route=%2Fwp%2Fv2%2Fcategories&post=4510"},{"taxonomy":"post_tag","embeddable":true,"href":"http:\/\/tvalaire.com\/index.php?rest_route=%2Fwp%2Fv2%2Ftags&post=4510"}],"curies":[{"name":"wp","href":"https:\/\/api.w.org\/{rel}","templated":true}]}}