{"id":4507,"date":"2018-10-30T17:28:02","date_gmt":"2018-10-30T23:28:02","guid":{"rendered":"http:\/\/tvalaire.com\/?p=4507"},"modified":"2018-11-14T17:29:05","modified_gmt":"2018-11-14T23:29:05","slug":"quedan-asignados-contingentes-para-desfile-deportivo-del-20-de-noviembre","status":"publish","type":"post","link":"http:\/\/tvalaire.com\/?p=4507","title":{"rendered":"QUEDAN ASIGNADOS CONTINGENTES PARA DESFILE DEPORTIVO DEL 20 DE NOVIEMBRE"},"content":{"rendered":"<p>&nbsp;<\/p>\n<p>&nbsp;<\/p>\n<ul>\n<li><b>Participar\u00e1n instituciones de nivel Medio Superior y Superior<\/b><\/li>\n<\/ul>\n<ul>\n<li>Inicia frente al Parque Morelos a partir de las 09:30 de la ma\u00f1ana<\/li>\n<\/ul>\n<p>&nbsp;<\/p>\n<p><span style=\"font-weight: 400;\">La Escuela de Tae Kwon Do La Piedad, ser\u00e1 quien encabece el tradicional desfile deportivo con el cual se conmemora un aniversario m\u00e1s del inicio de la Revoluci\u00f3n Mexicana.<\/span><\/p>\n<p><span style=\"font-weight: 400;\">Lo anterior, resultado de la reuni\u00f3n de organizaci\u00f3n y sorteo de los lugares de los 25 contingentes que participar\u00e1n dentro del orden program\u00e1tico que se tiene establecido, en el cual se incluyen todas las instituciones educativas de los niveles Medio Superior y Superior, as\u00ed como agrupaciones deportivas y corporaciones de auxilio.<\/span><\/p>\n<p><span style=\"font-weight: 400;\">La mesa de trabajo se llev\u00f3 a cabo en el Centro Cultural Piedadense y estuvo encabezada por el director de Educaci\u00f3n, Horacio Mart\u00edn S\u00e1nchez Molina; as\u00ed como directores de Seguridad P\u00fablica, Tr\u00e1nsito y Vialidad, directivos y representantes de las instituciones educativas, deportivas y propietarios de gimnasios que tambi\u00e9n participan.<\/span><\/p>\n<p><span style=\"font-weight: 400;\">Se prev\u00e9 a su vez la participaci\u00f3n de los integrantes del equipo Reboceros de La Piedad, las corporaciones de auxilio, el grupo Alegr\u00eda de Vivir del DIF Municipal y los ciclistas locales quienes ir\u00e1n hasta atr\u00e1s de todos los contingentes y quienes portar\u00e1n motivos alusivos a la fecha.<\/span><\/p>\n<p><span style=\"font-weight: 400;\">El desfile dar\u00e1 inicio a partir de las 09:30 de la ma\u00f1ana el martes 20 de noviembre en el Parque Morelos, para recorrer las principales calles hasta llegar a la fuente Aldama en la calle Hidalgo donde se desintegrar\u00e1n las filas.<\/span><\/p>\n<p><span style=\"font-weight: 400;\">El director de Educaci\u00f3n indic\u00f3 que por instrucciones del Alcalde, se pedir\u00e1 puntualidad y fluidez a los participantes de tal forma que por instituci\u00f3n educativa, deportiva o gimnasio podr\u00e1n participar hasta dos contingentes de 4 X 11, con carro aleg\u00f3rico y equipo de sonido con rutinas de 3 minutos sobre la marcha.<\/span><\/p>\n","protected":false},"excerpt":{"rendered":"<p>&nbsp; &nbsp; Participar\u00e1n instituciones de nivel Medio Superior y Superior Inicia frente al Parque Morelos&#8230;<\/p>\n","protected":false},"author":1,"featured_media":4508,"comment_status":"open","ping_status":"open","sticky":false,"template":"","format":"standard","meta":{"jetpack_post_was_ever_published":false,"_jetpack_newsletter_access":"","_jetpack_dont_email_post_to_subs":false,"_jetpack_newsletter_tier_id":0,"_jetpack_memberships_contains_paywalled_content":false,"_jetpack_memberships_contains_paid_content":false,"footnotes":"","jetpack_publicize_message":"","jetpack_publicize_feature_enabled":true,"jetpack_social_post_already_shared":false,"jetpack_social_options":{"image_generator_settings":{"template":"highway","enabled":false},"version":2}},"categories":[1],"tags":[15,36],"class_list":["post-4507","post","type-post","status-publish","format-standard","has-post-thumbnail","hentry","category-la-piedad","tag-la-piedad","tag-principales"],"jetpack_publicize_connections":[],"jetpack_sharing_enabled":true,"featured_image_urls":{"full":["http:\/\/tvalaire.com\/wp-content\/uploads\/2018\/11\/1-1-1.jpg",2400,1600,false],"thumbnail":["http:\/\/tvalaire.com\/wp-content\/uploads\/2018\/11\/1-1-1-150x150.jpg",150,150,true],"medium":["http:\/\/tvalaire.com\/wp-content\/uploads\/2018\/11\/1-1-1-300x200.jpg",300,200,true],"medium_large":["http:\/\/tvalaire.com\/wp-content\/uploads\/2018\/11\/1-1-1-768x512.jpg",640,427,true],"large":["http:\/\/tvalaire.com\/wp-content\/uploads\/2018\/11\/1-1-1-1024x683.jpg",640,427,true],"post-slider-thumb-size":["http:\/\/tvalaire.com\/wp-content\/uploads\/2018\/11\/1-1-1.jpg",285,190,false],"post-category-slider-size":["http:\/\/tvalaire.com\/wp-content\/uploads\/2018\/11\/1-1-1.jpg",330,220,false],"1536x1536":["http:\/\/tvalaire.com\/wp-content\/uploads\/2018\/11\/1-1-1.jpg",1536,1024,false],"2048x2048":["http:\/\/tvalaire.com\/wp-content\/uploads\/2018\/11\/1-1-1.jpg",2048,1365,false],"newsium-slider-full":["http:\/\/tvalaire.com\/wp-content\/uploads\/2018\/11\/1-1-1.jpg",1268,845,false],"newsium-featured":["http:\/\/tvalaire.com\/wp-content\/uploads\/2018\/11\/1-1-1.jpg",1024,683,false],"newsium-medium":["http:\/\/tvalaire.com\/wp-content\/uploads\/2018\/11\/1-1-1.jpg",713,475,false]},"author_info":{"info":["tvalairenoti"]},"category_info":"<a href=\"http:\/\/tvalaire.com\/?cat=1\" rel=\"category\">La Piedad<\/a>","tag_info":"La Piedad","comment_count":"0","jetpack_featured_media_url":"http:\/\/tvalaire.com\/wp-content\/uploads\/2018\/11\/1-1-1.jpg","_links":{"self":[{"href":"http:\/\/tvalaire.com\/index.php?rest_route=\/wp\/v2\/posts\/4507"}],"collection":[{"href":"http:\/\/tvalaire.com\/index.php?rest_route=\/wp\/v2\/posts"}],"about":[{"href":"http:\/\/tvalaire.com\/index.php?rest_route=\/wp\/v2\/types\/post"}],"author":[{"embeddable":true,"href":"http:\/\/tvalaire.com\/index.php?rest_route=\/wp\/v2\/users\/1"}],"replies":[{"embeddable":true,"href":"http:\/\/tvalaire.com\/index.php?rest_route=%2Fwp%2Fv2%2Fcomments&post=4507"}],"version-history":[{"count":1,"href":"http:\/\/tvalaire.com\/index.php?rest_route=\/wp\/v2\/posts\/4507\/revisions"}],"predecessor-version":[{"id":4509,"href":"http:\/\/tvalaire.com\/index.php?rest_route=\/wp\/v2\/posts\/4507\/revisions\/4509"}],"wp:featuredmedia":[{"embeddable":true,"href":"http:\/\/tvalaire.com\/index.php?rest_route=\/wp\/v2\/media\/4508"}],"wp:attachment":[{"href":"http:\/\/tvalaire.com\/index.php?rest_route=%2Fwp%2Fv2%2Fmedia&parent=4507"}],"wp:term":[{"taxonomy":"category","embeddable":true,"href":"http:\/\/tvalaire.com\/index.php?rest_route=%2Fwp%2Fv2%2Fcategories&post=4507"},{"taxonomy":"post_tag","embeddable":true,"href":"http:\/\/tvalaire.com\/index.php?rest_route=%2Fwp%2Fv2%2Ftags&post=4507"}],"curies":[{"name":"wp","href":"https:\/\/api.w.org\/{rel}","templated":true}]}}