{"id":4495,"date":"2018-10-29T17:22:36","date_gmt":"2018-10-29T23:22:36","guid":{"rendered":"http:\/\/tvalaire.com\/?p=4495"},"modified":"2018-11-14T17:23:05","modified_gmt":"2018-11-14T23:23:05","slug":"el-31-de-octubre-se-publican-las-listas-del-programa-becas-municipales","status":"publish","type":"post","link":"http:\/\/tvalaire.com\/?p=4495","title":{"rendered":"EL 31 DE OCTUBRE SE PUBLICAN LAS LISTAS DEL PROGRAMA BECAS MUNICIPALES"},"content":{"rendered":"<p>&nbsp;<\/p>\n<ul>\n<li><b>Del 21 al 23 de noviembre se entregan las nuevas credenciales de becados<\/b><\/li>\n<\/ul>\n<ul>\n<li>Son 4 mil 269 los alumnos de todos los niveles educativos los beneficiados<\/li>\n<\/ul>\n<p>&nbsp;<\/p>\n<p><span style=\"font-weight: 400;\">A partir del pr\u00f3ximo mi\u00e9rcoles 31 de octubre, las autoridades locales a trav\u00e9s de la direcci\u00f3n de Educaci\u00f3n har\u00e1n p\u00fablica la lista de beneficiarios del programa Becas Municipales.<\/span><\/p>\n<p><span style=\"font-weight: 400;\">Las listas que incluir\u00e1n los nombres de los alumnos que forman parte de este programa que incentiva a los ni\u00f1os, adolescentes y j\u00f3venes al estudio, se exhibir\u00e1n en los estrados de Presidencia Municipal y la direcci\u00f3n de Educaci\u00f3n.<\/span><\/p>\n<p><span style=\"font-weight: 400;\">As\u00ed mismo, se informa que del 21 al 23 de noviembre se realizar\u00e1 la entrega de las nuevas credenciales a los alumnos que forman parte del programa y con las cuales habr\u00e1n de acercarse en fecha pr\u00f3xima para el cobro de la beca.<\/span><\/p>\n<p><span style=\"font-weight: 400;\">De acuerdo a la programaci\u00f3n que existe, el 21 de noviembre se entregar\u00e1n las credenciales a los ni\u00f1os de Primaria; el 22 a los de Secundaria y el 23 a los de Preparatoria y Universidad. La cita ser\u00e1 a partir de las 10:00 de la ma\u00f1ana en la unidad deportiva \u201cLic. Humberto Romero P\u00e9rez\u201d, conocida tambi\u00e9n como \u201cUnidad de abajo\u201d.<\/span><\/p>\n<p><span style=\"font-weight: 400;\">Para recoger la credencial, preferentemente deber\u00e1 acudir el alumno, alguno de los padres o tutor, ya que esta identificaci\u00f3n es de vital importancia para acudir a cobrar el apoyo municipal que se entregar\u00e1 en fecha posterior.<\/span><\/p>\n","protected":false},"excerpt":{"rendered":"<p>&nbsp; Del 21 al 23 de noviembre se entregan las nuevas credenciales de becados Son&#8230;<\/p>\n","protected":false},"author":1,"featured_media":4496,"comment_status":"open","ping_status":"open","sticky":false,"template":"","format":"standard","meta":{"jetpack_post_was_ever_published":false,"_jetpack_newsletter_access":"","_jetpack_dont_email_post_to_subs":false,"_jetpack_newsletter_tier_id":0,"_jetpack_memberships_contains_paywalled_content":false,"_jetpack_memberships_contains_paid_content":false,"footnotes":"","jetpack_publicize_message":"","jetpack_publicize_feature_enabled":true,"jetpack_social_post_already_shared":false,"jetpack_social_options":{"image_generator_settings":{"template":"highway","enabled":false},"version":2}},"categories":[1],"tags":[15,36],"class_list":["post-4495","post","type-post","status-publish","format-standard","has-post-thumbnail","hentry","category-la-piedad","tag-la-piedad","tag-principales"],"jetpack_publicize_connections":[],"jetpack_sharing_enabled":true,"featured_image_urls":{"full":["http:\/\/tvalaire.com\/wp-content\/uploads\/2018\/11\/01-3-16.jpg",1024,683,false],"thumbnail":["http:\/\/tvalaire.com\/wp-content\/uploads\/2018\/11\/01-3-16-150x150.jpg",150,150,true],"medium":["http:\/\/tvalaire.com\/wp-content\/uploads\/2018\/11\/01-3-16-300x200.jpg",300,200,true],"medium_large":["http:\/\/tvalaire.com\/wp-content\/uploads\/2018\/11\/01-3-16-768x512.jpg",640,427,true],"large":["http:\/\/tvalaire.com\/wp-content\/uploads\/2018\/11\/01-3-16-1024x683.jpg",640,427,true],"post-slider-thumb-size":["http:\/\/tvalaire.com\/wp-content\/uploads\/2018\/11\/01-3-16.jpg",285,190,false],"post-category-slider-size":["http:\/\/tvalaire.com\/wp-content\/uploads\/2018\/11\/01-3-16.jpg",330,220,false],"1536x1536":["http:\/\/tvalaire.com\/wp-content\/uploads\/2018\/11\/01-3-16.jpg",1024,683,false],"2048x2048":["http:\/\/tvalaire.com\/wp-content\/uploads\/2018\/11\/01-3-16.jpg",1024,683,false],"newsium-slider-full":["http:\/\/tvalaire.com\/wp-content\/uploads\/2018\/11\/01-3-16.jpg",1024,683,false],"newsium-featured":["http:\/\/tvalaire.com\/wp-content\/uploads\/2018\/11\/01-3-16.jpg",1024,683,false],"newsium-medium":["http:\/\/tvalaire.com\/wp-content\/uploads\/2018\/11\/01-3-16.jpg",712,475,false]},"author_info":{"info":["tvalairenoti"]},"category_info":"<a href=\"http:\/\/tvalaire.com\/?cat=1\" rel=\"category\">La Piedad<\/a>","tag_info":"La Piedad","comment_count":"0","jetpack_featured_media_url":"http:\/\/tvalaire.com\/wp-content\/uploads\/2018\/11\/01-3-16.jpg","_links":{"self":[{"href":"http:\/\/tvalaire.com\/index.php?rest_route=\/wp\/v2\/posts\/4495"}],"collection":[{"href":"http:\/\/tvalaire.com\/index.php?rest_route=\/wp\/v2\/posts"}],"about":[{"href":"http:\/\/tvalaire.com\/index.php?rest_route=\/wp\/v2\/types\/post"}],"author":[{"embeddable":true,"href":"http:\/\/tvalaire.com\/index.php?rest_route=\/wp\/v2\/users\/1"}],"replies":[{"embeddable":true,"href":"http:\/\/tvalaire.com\/index.php?rest_route=%2Fwp%2Fv2%2Fcomments&post=4495"}],"version-history":[{"count":1,"href":"http:\/\/tvalaire.com\/index.php?rest_route=\/wp\/v2\/posts\/4495\/revisions"}],"predecessor-version":[{"id":4497,"href":"http:\/\/tvalaire.com\/index.php?rest_route=\/wp\/v2\/posts\/4495\/revisions\/4497"}],"wp:featuredmedia":[{"embeddable":true,"href":"http:\/\/tvalaire.com\/index.php?rest_route=\/wp\/v2\/media\/4496"}],"wp:attachment":[{"href":"http:\/\/tvalaire.com\/index.php?rest_route=%2Fwp%2Fv2%2Fmedia&parent=4495"}],"wp:term":[{"taxonomy":"category","embeddable":true,"href":"http:\/\/tvalaire.com\/index.php?rest_route=%2Fwp%2Fv2%2Fcategories&post=4495"},{"taxonomy":"post_tag","embeddable":true,"href":"http:\/\/tvalaire.com\/index.php?rest_route=%2Fwp%2Fv2%2Ftags&post=4495"}],"curies":[{"name":"wp","href":"https:\/\/api.w.org\/{rel}","templated":true}]}}