{"id":4492,"date":"2018-10-26T17:21:23","date_gmt":"2018-10-26T22:21:23","guid":{"rendered":"http:\/\/tvalaire.com\/?p=4492"},"modified":"2018-11-14T17:22:00","modified_gmt":"2018-11-14T23:22:00","slug":"dif-la-piedad-recibe-donacion-de-aparatos-funcionales","status":"publish","type":"post","link":"http:\/\/tvalaire.com\/?p=4492","title":{"rendered":"DIF LA PIEDAD RECIBE DONACI\u00d3N DE APARATOS FUNCIONALES"},"content":{"rendered":"<p>&nbsp;<\/p>\n<ul>\n<li><b>El apoyo es para personas con alg\u00fan tipo de discapacidad <\/b><\/li>\n<\/ul>\n<ul>\n<li>Se invita a la poblaci\u00f3n visitar la dependencia y beneficiarse de los servicios<\/li>\n<\/ul>\n<p>&nbsp;<\/p>\n<p><span style=\"font-weight: 400;\">\u00a0 \u00a0 \u00a0 \u00a0 \u00a0 \u00a0 \u00a0 \u00a0 \u00a0 \u00a0 \u00a0 \u00a0 \u00a0 \u00a0 \u00a0 \u00a0 \u00a0 \u00a0 \u00a0 \u00a0 \u00a0 \u00a0 \u00a0 \u00a0 \u00a0 \u00a0 \u00a0 \u00a0 \u00a0 \u00a0 \u00a0 \u00a0 \u00a0 \u00a0 \u00a0 \u00a0 \u00a0\u00a0<\/span><\/p>\n<p><span style=\"font-weight: 400;\">Hoy las intensas gestiones por parte del DIF La Piedad comienzan a dar frutos, muestra de los trabajos es la dotaci\u00f3n de aparatos funcionales para personas con alg\u00fan tipo de discapacidad o que por alguna otra situaci\u00f3n necesitan de movilidad para su rehabilitaci\u00f3n. <\/span><\/p>\n<p><span style=\"font-weight: 400;\">La presidenta del DIF, Liliana Flores Castro, coment\u00f3 que es importante no dejar los brazos cruzados ante situaciones de vulnerabilidad o situaciones donde se trate de apoyar a personas que tienen padecimientos o problemas dif\u00edciles.<\/span><\/p>\n<p><span style=\"font-weight: 400;\">\u201cEstas donaciones que hemos recibido por parte del DIF estatal contribuyen en gran medida a fortalecer los programas de la instituci\u00f3n y m\u00e1s al \u00e1rea de campa\u00f1as donde diariamente se reciben solicitudes para sillas de ruedas, andaderas, bastones para d\u00e9biles visuales, bastones de apoyo o muletas\u201d, se\u00f1al\u00f3. <\/span><\/p>\n<p><span style=\"font-weight: 400;\">Inform\u00f3 tambi\u00e9n que se seguir\u00e1 trabajando arduamente por eliminar las barreras f\u00edsicas e incluir plenamente a los usuarios en la vida independiente.<\/span><\/p>\n<p><span style=\"font-weight: 400;\">DIF La Piedad mantiene campa\u00f1as permanentes en distintos \u00e1mbitos de la salud, por lo que pueden acudir a Enrique Ram\u00edrez #75 o comunicarse al tel\u00e9fono 5-22-01-22 para que se les ofrezca m\u00e1s informaci\u00f3n.<\/span><\/p>\n","protected":false},"excerpt":{"rendered":"<p>&nbsp; El apoyo es para personas con alg\u00fan tipo de discapacidad Se invita a la&#8230;<\/p>\n","protected":false},"author":1,"featured_media":4493,"comment_status":"open","ping_status":"open","sticky":false,"template":"","format":"standard","meta":{"jetpack_post_was_ever_published":false,"_jetpack_newsletter_access":"","_jetpack_dont_email_post_to_subs":false,"_jetpack_newsletter_tier_id":0,"_jetpack_memberships_contains_paywalled_content":false,"_jetpack_memberships_contains_paid_content":false,"footnotes":"","jetpack_publicize_message":"","jetpack_publicize_feature_enabled":true,"jetpack_social_post_already_shared":false,"jetpack_social_options":{"image_generator_settings":{"template":"highway","enabled":false},"version":2}},"categories":[1],"tags":[15,36],"class_list":["post-4492","post","type-post","status-publish","format-standard","has-post-thumbnail","hentry","category-la-piedad","tag-la-piedad","tag-principales"],"jetpack_publicize_connections":[],"jetpack_sharing_enabled":true,"featured_image_urls":{"full":["http:\/\/tvalaire.com\/wp-content\/uploads\/2018\/11\/01-3-15.jpg",862,670,false],"thumbnail":["http:\/\/tvalaire.com\/wp-content\/uploads\/2018\/11\/01-3-15-150x150.jpg",150,150,true],"medium":["http:\/\/tvalaire.com\/wp-content\/uploads\/2018\/11\/01-3-15-300x233.jpg",300,233,true],"medium_large":["http:\/\/tvalaire.com\/wp-content\/uploads\/2018\/11\/01-3-15-768x597.jpg",640,498,true],"large":["http:\/\/tvalaire.com\/wp-content\/uploads\/2018\/11\/01-3-15.jpg",640,497,false],"post-slider-thumb-size":["http:\/\/tvalaire.com\/wp-content\/uploads\/2018\/11\/01-3-15.jpg",244,190,false],"post-category-slider-size":["http:\/\/tvalaire.com\/wp-content\/uploads\/2018\/11\/01-3-15.jpg",330,256,false],"1536x1536":["http:\/\/tvalaire.com\/wp-content\/uploads\/2018\/11\/01-3-15.jpg",862,670,false],"2048x2048":["http:\/\/tvalaire.com\/wp-content\/uploads\/2018\/11\/01-3-15.jpg",862,670,false],"newsium-slider-full":["http:\/\/tvalaire.com\/wp-content\/uploads\/2018\/11\/01-3-15.jpg",862,670,false],"newsium-featured":["http:\/\/tvalaire.com\/wp-content\/uploads\/2018\/11\/01-3-15.jpg",862,670,false],"newsium-medium":["http:\/\/tvalaire.com\/wp-content\/uploads\/2018\/11\/01-3-15.jpg",611,475,false]},"author_info":{"info":["tvalairenoti"]},"category_info":"<a href=\"http:\/\/tvalaire.com\/?cat=1\" rel=\"category\">La Piedad<\/a>","tag_info":"La Piedad","comment_count":"0","jetpack_featured_media_url":"http:\/\/tvalaire.com\/wp-content\/uploads\/2018\/11\/01-3-15.jpg","_links":{"self":[{"href":"http:\/\/tvalaire.com\/index.php?rest_route=\/wp\/v2\/posts\/4492"}],"collection":[{"href":"http:\/\/tvalaire.com\/index.php?rest_route=\/wp\/v2\/posts"}],"about":[{"href":"http:\/\/tvalaire.com\/index.php?rest_route=\/wp\/v2\/types\/post"}],"author":[{"embeddable":true,"href":"http:\/\/tvalaire.com\/index.php?rest_route=\/wp\/v2\/users\/1"}],"replies":[{"embeddable":true,"href":"http:\/\/tvalaire.com\/index.php?rest_route=%2Fwp%2Fv2%2Fcomments&post=4492"}],"version-history":[{"count":1,"href":"http:\/\/tvalaire.com\/index.php?rest_route=\/wp\/v2\/posts\/4492\/revisions"}],"predecessor-version":[{"id":4494,"href":"http:\/\/tvalaire.com\/index.php?rest_route=\/wp\/v2\/posts\/4492\/revisions\/4494"}],"wp:featuredmedia":[{"embeddable":true,"href":"http:\/\/tvalaire.com\/index.php?rest_route=\/wp\/v2\/media\/4493"}],"wp:attachment":[{"href":"http:\/\/tvalaire.com\/index.php?rest_route=%2Fwp%2Fv2%2Fmedia&parent=4492"}],"wp:term":[{"taxonomy":"category","embeddable":true,"href":"http:\/\/tvalaire.com\/index.php?rest_route=%2Fwp%2Fv2%2Fcategories&post=4492"},{"taxonomy":"post_tag","embeddable":true,"href":"http:\/\/tvalaire.com\/index.php?rest_route=%2Fwp%2Fv2%2Ftags&post=4492"}],"curies":[{"name":"wp","href":"https:\/\/api.w.org\/{rel}","templated":true}]}}