{"id":4489,"date":"2018-10-26T17:20:16","date_gmt":"2018-10-26T22:20:16","guid":{"rendered":"http:\/\/tvalaire.com\/?p=4489"},"modified":"2018-11-14T17:20:48","modified_gmt":"2018-11-14T23:20:48","slug":"comerciantes-listos-para-la-venta-de-flores-en-dia-de-muertos","status":"publish","type":"post","link":"http:\/\/tvalaire.com\/?p=4489","title":{"rendered":"COMERCIANTES LISTOS PARA LA VENTA DE FLORES EN D\u00cdA DE MUERTOS"},"content":{"rendered":"<p>&nbsp;<\/p>\n<ul>\n<li><b>Se asignaran lugares para la venta en las inmediaciones del Pante\u00f3n Municipal y \u201cLa Placa\u201d<\/b><\/li>\n<\/ul>\n<ul>\n<li>Por indicaciones del Alcalde la prioridad es para comerciantes locales<\/li>\n<\/ul>\n<p>&nbsp;<\/p>\n<p>&nbsp;<\/p>\n<p><span style=\"font-weight: 400;\">Con el fin de fomentar el comercio local y generar una derrama econ\u00f3mica para los habitantes del municipio, el Gobierno a trav\u00e9s de la direcci\u00f3n de Reglamentos ha establecido ya las fechas y espacios, para la ubicaci\u00f3n de los puestos de vendedores de flores y coronas para los festejos de D\u00eda de Muertos.<\/span><\/p>\n<p><span style=\"font-weight: 400;\">La instalaci\u00f3n de los puestos de vendedores de coronas tradicionales de D\u00eda de Muertos se tiene contemplado a partir del mi\u00e9rcoles 31 de octubre sobre el bulevar \u201cAdolfo L\u00f3pez Mateos\u201d a la altura del parque \u201cL\u00e1zaro C\u00e1rdenas\u201d mejor conocido como <\/span><i><span style=\"font-weight: 400;\">La Placa,<\/span><\/i><span style=\"font-weight: 400;\"> en donde permanecer\u00e1n hasta el 2 de noviembre.<\/span><\/p>\n<p><span style=\"font-weight: 400;\">A su vez, se permitir\u00e1 la instalaci\u00f3n de puestos con venta de flores en las inmediaciones del Pante\u00f3n Municipal en Ciudad del Sol sobre la entrada principal al Campo Santo, as\u00ed como en la calle Acuario durante los d\u00edas 1 y 2 de noviembre.<\/span><\/p>\n<p><span style=\"font-weight: 400;\">La asignaci\u00f3n de los espacios que se marcar\u00e1n en estas \u00e1reas, se llevar\u00e1 a cabo el mismo mi\u00e9rcoles a partir de las 10:00 de la ma\u00f1ana; proceso en el cual participan personal directivo e inspectores de la direcci\u00f3n de Reglamentos con los vendedores de flores y coronas.<\/span><\/p>\n<p><span style=\"font-weight: 400;\">Entre ambos lugares se instalar\u00e1 un promedio de 80 vendedores de flores y comerciantes de coronas naturales y artificiales, quienes ofertar\u00e1n sus productos a la poblaci\u00f3n piedadense.<\/span><\/p>\n","protected":false},"excerpt":{"rendered":"<p>&nbsp; Se asignaran lugares para la venta en las inmediaciones del Pante\u00f3n Municipal y \u201cLa&#8230;<\/p>\n","protected":false},"author":1,"featured_media":4490,"comment_status":"open","ping_status":"open","sticky":false,"template":"","format":"standard","meta":{"jetpack_post_was_ever_published":false,"_jetpack_newsletter_access":"","_jetpack_dont_email_post_to_subs":false,"_jetpack_newsletter_tier_id":0,"_jetpack_memberships_contains_paywalled_content":false,"_jetpack_memberships_contains_paid_content":false,"footnotes":"","jetpack_publicize_message":"","jetpack_publicize_feature_enabled":true,"jetpack_social_post_already_shared":false,"jetpack_social_options":{"image_generator_settings":{"template":"highway","enabled":false},"version":2}},"categories":[1],"tags":[15,36],"class_list":["post-4489","post","type-post","status-publish","format-standard","has-post-thumbnail","hentry","category-la-piedad","tag-la-piedad","tag-principales"],"jetpack_publicize_connections":[],"jetpack_sharing_enabled":true,"featured_image_urls":{"full":["http:\/\/tvalaire.com\/wp-content\/uploads\/2018\/11\/01-4-8.jpg",1024,683,false],"thumbnail":["http:\/\/tvalaire.com\/wp-content\/uploads\/2018\/11\/01-4-8-150x150.jpg",150,150,true],"medium":["http:\/\/tvalaire.com\/wp-content\/uploads\/2018\/11\/01-4-8-300x200.jpg",300,200,true],"medium_large":["http:\/\/tvalaire.com\/wp-content\/uploads\/2018\/11\/01-4-8-768x512.jpg",640,427,true],"large":["http:\/\/tvalaire.com\/wp-content\/uploads\/2018\/11\/01-4-8-1024x683.jpg",640,427,true],"post-slider-thumb-size":["http:\/\/tvalaire.com\/wp-content\/uploads\/2018\/11\/01-4-8.jpg",285,190,false],"post-category-slider-size":["http:\/\/tvalaire.com\/wp-content\/uploads\/2018\/11\/01-4-8.jpg",330,220,false],"1536x1536":["http:\/\/tvalaire.com\/wp-content\/uploads\/2018\/11\/01-4-8.jpg",1024,683,false],"2048x2048":["http:\/\/tvalaire.com\/wp-content\/uploads\/2018\/11\/01-4-8.jpg",1024,683,false],"newsium-slider-full":["http:\/\/tvalaire.com\/wp-content\/uploads\/2018\/11\/01-4-8.jpg",1024,683,false],"newsium-featured":["http:\/\/tvalaire.com\/wp-content\/uploads\/2018\/11\/01-4-8.jpg",1024,683,false],"newsium-medium":["http:\/\/tvalaire.com\/wp-content\/uploads\/2018\/11\/01-4-8.jpg",712,475,false]},"author_info":{"info":["tvalairenoti"]},"category_info":"<a href=\"http:\/\/tvalaire.com\/?cat=1\" rel=\"category\">La Piedad<\/a>","tag_info":"La Piedad","comment_count":"0","jetpack_featured_media_url":"http:\/\/tvalaire.com\/wp-content\/uploads\/2018\/11\/01-4-8.jpg","_links":{"self":[{"href":"http:\/\/tvalaire.com\/index.php?rest_route=\/wp\/v2\/posts\/4489"}],"collection":[{"href":"http:\/\/tvalaire.com\/index.php?rest_route=\/wp\/v2\/posts"}],"about":[{"href":"http:\/\/tvalaire.com\/index.php?rest_route=\/wp\/v2\/types\/post"}],"author":[{"embeddable":true,"href":"http:\/\/tvalaire.com\/index.php?rest_route=\/wp\/v2\/users\/1"}],"replies":[{"embeddable":true,"href":"http:\/\/tvalaire.com\/index.php?rest_route=%2Fwp%2Fv2%2Fcomments&post=4489"}],"version-history":[{"count":1,"href":"http:\/\/tvalaire.com\/index.php?rest_route=\/wp\/v2\/posts\/4489\/revisions"}],"predecessor-version":[{"id":4491,"href":"http:\/\/tvalaire.com\/index.php?rest_route=\/wp\/v2\/posts\/4489\/revisions\/4491"}],"wp:featuredmedia":[{"embeddable":true,"href":"http:\/\/tvalaire.com\/index.php?rest_route=\/wp\/v2\/media\/4490"}],"wp:attachment":[{"href":"http:\/\/tvalaire.com\/index.php?rest_route=%2Fwp%2Fv2%2Fmedia&parent=4489"}],"wp:term":[{"taxonomy":"category","embeddable":true,"href":"http:\/\/tvalaire.com\/index.php?rest_route=%2Fwp%2Fv2%2Fcategories&post=4489"},{"taxonomy":"post_tag","embeddable":true,"href":"http:\/\/tvalaire.com\/index.php?rest_route=%2Fwp%2Fv2%2Ftags&post=4489"}],"curies":[{"name":"wp","href":"https:\/\/api.w.org\/{rel}","templated":true}]}}