{"id":4480,"date":"2018-10-24T17:16:13","date_gmt":"2018-10-24T22:16:13","guid":{"rendered":"http:\/\/tvalaire.com\/?p=4480"},"modified":"2018-11-14T17:16:58","modified_gmt":"2018-11-14T23:16:58","slug":"conmemoran-con-desfile-aniversario-de-la-fundacion-de-la-onu","status":"publish","type":"post","link":"http:\/\/tvalaire.com\/?p=4480","title":{"rendered":"CONMEMORAN CON DESFILE ANIVERSARIO DE LA FUNDACI\u00d3N DE LA ONU"},"content":{"rendered":"<p>&nbsp;<\/p>\n<ul>\n<li><b>Autoridades municipales encabezaron el tradicional desfile de banderas <\/b><\/li>\n<\/ul>\n<ul>\n<li>46 contingentes participaron en el recorrido mostrando banderas de pa\u00edses<\/li>\n<\/ul>\n<p>&nbsp;<\/p>\n<p><span style=\"font-weight: 400;\">M\u00e1s de 2 mil alumnos de nivel b\u00e1sico correspondientes a seis supervisiones escolares del municipio, participaron en el tradicional desfile de banderas con el cual se celebr\u00f3 el 73 Aniversario de la Fundaci\u00f3n de la Organizaci\u00f3n de las Naciones Unidas (ONU).<\/span><\/p>\n<p><span style=\"font-weight: 400;\">El recorrido estuvo presidido por integrantes del Gobierno Municipal encabezados por el secretario del Ayuntamiento, Samuel Hidalgo Gallardo, en representaci\u00f3n de nuestro alcalde Alex Espinoza, as\u00ed como regidores, directores, integrantes del Comit\u00e9 C\u00edvico Municipal y autoridades educativas de las zonas escolares 004, 066, 117, 195, 246 y 297 de esta poblaci\u00f3n.<\/span><\/p>\n<p><span style=\"font-weight: 400;\">En total participaron 46 contingentes con grupo de m\u00e1s de 50 alumnos de todas las escuelas primarias oficiales y particulares, quienes recorrieron las principales calles de la ciudad hasta su desintegraci\u00f3n en la Plaza Principal frente a la fuente de \u201cLa Garza\u201d.<\/span><\/p>\n<p><span style=\"font-weight: 400;\">La escuela que encabez\u00f3 el desfile fue la primaria \u201cJos\u00e9 Mar\u00eda Morelos\u201d en sus dos turnos, la cual port\u00f3 la bandera de M\u00e9xico.<\/span><\/p>\n<p><span style=\"font-weight: 400;\">Autoridades municipales luego de realizar el recorrido se mantuvieron en el templete que se habilit\u00f3 entre las calles Mariano Jim\u00e9nez y Plazuela Cavadas, en donde se llev\u00f3 a cabo la narraci\u00f3n del desfile por parte de profesores de la zona 297 quienes al paso de cada contingente daban a conocer la fecha a partir de la cual cada uno de los pa\u00edses se integraron a la ONU, as\u00ed como datos espec\u00edficos del significado de los colores representativos de cada naci\u00f3n.<\/span><\/p>\n","protected":false},"excerpt":{"rendered":"<p>&nbsp; Autoridades municipales encabezaron el tradicional desfile de banderas 46 contingentes participaron en el recorrido&#8230;<\/p>\n","protected":false},"author":1,"featured_media":4481,"comment_status":"open","ping_status":"open","sticky":false,"template":"","format":"standard","meta":{"jetpack_post_was_ever_published":false,"_jetpack_newsletter_access":"","_jetpack_dont_email_post_to_subs":false,"_jetpack_newsletter_tier_id":0,"_jetpack_memberships_contains_paywalled_content":false,"_jetpack_memberships_contains_paid_content":false,"footnotes":"","jetpack_publicize_message":"","jetpack_publicize_feature_enabled":true,"jetpack_social_post_already_shared":false,"jetpack_social_options":{"image_generator_settings":{"template":"highway","enabled":false},"version":2}},"categories":[1],"tags":[15,36],"class_list":["post-4480","post","type-post","status-publish","format-standard","has-post-thumbnail","hentry","category-la-piedad","tag-la-piedad","tag-principales"],"jetpack_publicize_connections":[],"jetpack_sharing_enabled":true,"featured_image_urls":{"full":["http:\/\/tvalaire.com\/wp-content\/uploads\/2018\/11\/01-2-11.jpg",1024,509,false],"thumbnail":["http:\/\/tvalaire.com\/wp-content\/uploads\/2018\/11\/01-2-11-150x150.jpg",150,150,true],"medium":["http:\/\/tvalaire.com\/wp-content\/uploads\/2018\/11\/01-2-11-300x149.jpg",300,149,true],"medium_large":["http:\/\/tvalaire.com\/wp-content\/uploads\/2018\/11\/01-2-11-768x382.jpg",640,318,true],"large":["http:\/\/tvalaire.com\/wp-content\/uploads\/2018\/11\/01-2-11-1024x509.jpg",640,318,true],"post-slider-thumb-size":["http:\/\/tvalaire.com\/wp-content\/uploads\/2018\/11\/01-2-11.jpg",330,164,false],"post-category-slider-size":["http:\/\/tvalaire.com\/wp-content\/uploads\/2018\/11\/01-2-11.jpg",330,164,false],"1536x1536":["http:\/\/tvalaire.com\/wp-content\/uploads\/2018\/11\/01-2-11.jpg",1024,509,false],"2048x2048":["http:\/\/tvalaire.com\/wp-content\/uploads\/2018\/11\/01-2-11.jpg",1024,509,false],"newsium-slider-full":["http:\/\/tvalaire.com\/wp-content\/uploads\/2018\/11\/01-2-11.jpg",1024,509,false],"newsium-featured":["http:\/\/tvalaire.com\/wp-content\/uploads\/2018\/11\/01-2-11.jpg",1024,509,false],"newsium-medium":["http:\/\/tvalaire.com\/wp-content\/uploads\/2018\/11\/01-2-11.jpg",720,358,false]},"author_info":{"info":["tvalairenoti"]},"category_info":"<a href=\"http:\/\/tvalaire.com\/?cat=1\" rel=\"category\">La Piedad<\/a>","tag_info":"La Piedad","comment_count":"0","jetpack_featured_media_url":"http:\/\/tvalaire.com\/wp-content\/uploads\/2018\/11\/01-2-11.jpg","_links":{"self":[{"href":"http:\/\/tvalaire.com\/index.php?rest_route=\/wp\/v2\/posts\/4480"}],"collection":[{"href":"http:\/\/tvalaire.com\/index.php?rest_route=\/wp\/v2\/posts"}],"about":[{"href":"http:\/\/tvalaire.com\/index.php?rest_route=\/wp\/v2\/types\/post"}],"author":[{"embeddable":true,"href":"http:\/\/tvalaire.com\/index.php?rest_route=\/wp\/v2\/users\/1"}],"replies":[{"embeddable":true,"href":"http:\/\/tvalaire.com\/index.php?rest_route=%2Fwp%2Fv2%2Fcomments&post=4480"}],"version-history":[{"count":1,"href":"http:\/\/tvalaire.com\/index.php?rest_route=\/wp\/v2\/posts\/4480\/revisions"}],"predecessor-version":[{"id":4482,"href":"http:\/\/tvalaire.com\/index.php?rest_route=\/wp\/v2\/posts\/4480\/revisions\/4482"}],"wp:featuredmedia":[{"embeddable":true,"href":"http:\/\/tvalaire.com\/index.php?rest_route=\/wp\/v2\/media\/4481"}],"wp:attachment":[{"href":"http:\/\/tvalaire.com\/index.php?rest_route=%2Fwp%2Fv2%2Fmedia&parent=4480"}],"wp:term":[{"taxonomy":"category","embeddable":true,"href":"http:\/\/tvalaire.com\/index.php?rest_route=%2Fwp%2Fv2%2Fcategories&post=4480"},{"taxonomy":"post_tag","embeddable":true,"href":"http:\/\/tvalaire.com\/index.php?rest_route=%2Fwp%2Fv2%2Ftags&post=4480"}],"curies":[{"name":"wp","href":"https:\/\/api.w.org\/{rel}","templated":true}]}}