{"id":4477,"date":"2018-10-23T17:14:58","date_gmt":"2018-10-23T22:14:58","guid":{"rendered":"http:\/\/tvalaire.com\/?p=4477"},"modified":"2018-11-14T17:15:49","modified_gmt":"2018-11-14T23:15:49","slug":"promueve-dif-la-piedad-platica-contra-la-no-discriminacion","status":"publish","type":"post","link":"http:\/\/tvalaire.com\/?p=4477","title":{"rendered":"PROMUEVE DIF LA PIEDAD PL\u00c1TICA CONTRA LA NO DISCRIMINACI\u00d3N"},"content":{"rendered":"<p>&nbsp;<\/p>\n<ul>\n<li><b>Un servicio de calidad y trato digno; encomienda del alcalde Alex Espinoza<\/b><\/li>\n<\/ul>\n<ul>\n<li>Exhortan a funcionarios a atender bien a la ciudadan\u00eda<\/li>\n<\/ul>\n<p>&nbsp;<\/p>\n<p><span style=\"font-weight: 400;\">Dentro del marco de la semana nacional de la no discriminaci\u00f3n, el Sistema para el Desarrollo Integral de la Familia (DIF), convoc\u00f3 al personal de las diferentes dependencias de gobierno al Centro Comunitario del fraccionamiento Delta a una capacitaci\u00f3n para exhortarlos en la importancia de un \u201cGobierno sin Discriminaci\u00f3n\u201d <\/span><\/p>\n<p><span style=\"font-weight: 400;\">\u201cNegar, restringir o anular un derecho humano, que afecta el trato igualitario de oportunidades en las personas, es un acto de discriminaci\u00f3n\u201d, as\u00ed lo mencion\u00f3 el conferencista Ezequiel Talavera, Delegado Regional de La Piedad del Consejo Estatal para Prevenir y Eliminar la Discriminaci\u00f3n y la Violencia (COEPREDV).<\/span><\/p>\n<p><span style=\"font-weight: 400;\">Ezequiel Talavera puntualiz\u00f3, que todos los funcionarios p\u00fablicos de cualquier nivel no deben de realizar conductas discriminatorias ya sean de origen \u00e9tnico, nacionalista, lengua, sexo, edad, g\u00e9nero, identidad ind\u00edgena, racial, de discapacidad, condici\u00f3n social o econ\u00f3mica, de salud, apariencia f\u00edsica, caracter\u00edsticas gen\u00e9ticas, embarazo, religi\u00f3n, opiniones, preferencias sexuales, expresi\u00f3n de rol de g\u00e9nero, estado civil o cualquier otro equivalente. \u00a0<\/span><\/p>\n<p><span style=\"font-weight: 400;\">Por su parte la Dra. Elia Catalina Cruz Barajas, Jefa del Departamento por la \u201cNo Violencia\u201d expres\u00f3 durante la charla que aquella persona que sufra de un acto de los antes mencionados pueden denunciar \u00a0sin mayor requisito, basta con se\u00f1alar lo siguiente a la autoridad competente: nombre y domicilio para recibir notificaciones, en lugar y donde resida la autoridad competente para conocer el asunto, documentos que acrediten la personer\u00eda o legitimaci\u00f3n si fuera el caso, nombre y domicilio de la persona que se presuma realiz\u00f3 actos y omisiones consideradas como de discriminaci\u00f3n y violencia, breve descripci\u00f3n de los hechos.<\/span><\/p>\n<p><span style=\"font-weight: 400;\">La presidenta del Sistema DIF Liliana Flores Castro, agradeci\u00f3 a los ponentes su participaci\u00f3n en la semana de la \u201cNo Discriminaci\u00f3n\u201d y exhort\u00f3 a los funcionarios que la ciudadan\u00eda es primero y que siempre que alguien acuda alguna dependencia no debe de irse sin respuesta de su tr\u00e1mite.<\/span><\/p>\n<p>&nbsp;<\/p>\n","protected":false},"excerpt":{"rendered":"<p>&nbsp; Un servicio de calidad y trato digno; encomienda del alcalde Alex Espinoza Exhortan a&#8230;<\/p>\n","protected":false},"author":1,"featured_media":4478,"comment_status":"open","ping_status":"open","sticky":false,"template":"","format":"standard","meta":{"jetpack_post_was_ever_published":false,"_jetpack_newsletter_access":"","_jetpack_dont_email_post_to_subs":false,"_jetpack_newsletter_tier_id":0,"_jetpack_memberships_contains_paywalled_content":false,"_jetpack_memberships_contains_paid_content":false,"footnotes":"","jetpack_publicize_message":"","jetpack_publicize_feature_enabled":true,"jetpack_social_post_already_shared":false,"jetpack_social_options":{"image_generator_settings":{"template":"highway","enabled":false},"version":2}},"categories":[1],"tags":[15,36],"class_list":["post-4477","post","type-post","status-publish","format-standard","has-post-thumbnail","hentry","category-la-piedad","tag-la-piedad","tag-principales"],"jetpack_publicize_connections":[],"jetpack_sharing_enabled":true,"featured_image_urls":{"full":["http:\/\/tvalaire.com\/wp-content\/uploads\/2018\/11\/01-7-3.jpg",1024,683,false],"thumbnail":["http:\/\/tvalaire.com\/wp-content\/uploads\/2018\/11\/01-7-3-150x150.jpg",150,150,true],"medium":["http:\/\/tvalaire.com\/wp-content\/uploads\/2018\/11\/01-7-3-300x200.jpg",300,200,true],"medium_large":["http:\/\/tvalaire.com\/wp-content\/uploads\/2018\/11\/01-7-3-768x512.jpg",640,427,true],"large":["http:\/\/tvalaire.com\/wp-content\/uploads\/2018\/11\/01-7-3-1024x683.jpg",640,427,true],"post-slider-thumb-size":["http:\/\/tvalaire.com\/wp-content\/uploads\/2018\/11\/01-7-3.jpg",285,190,false],"post-category-slider-size":["http:\/\/tvalaire.com\/wp-content\/uploads\/2018\/11\/01-7-3.jpg",330,220,false],"1536x1536":["http:\/\/tvalaire.com\/wp-content\/uploads\/2018\/11\/01-7-3.jpg",1024,683,false],"2048x2048":["http:\/\/tvalaire.com\/wp-content\/uploads\/2018\/11\/01-7-3.jpg",1024,683,false],"newsium-slider-full":["http:\/\/tvalaire.com\/wp-content\/uploads\/2018\/11\/01-7-3.jpg",1024,683,false],"newsium-featured":["http:\/\/tvalaire.com\/wp-content\/uploads\/2018\/11\/01-7-3.jpg",1024,683,false],"newsium-medium":["http:\/\/tvalaire.com\/wp-content\/uploads\/2018\/11\/01-7-3.jpg",712,475,false]},"author_info":{"info":["tvalairenoti"]},"category_info":"<a href=\"http:\/\/tvalaire.com\/?cat=1\" rel=\"category\">La Piedad<\/a>","tag_info":"La Piedad","comment_count":"0","jetpack_featured_media_url":"http:\/\/tvalaire.com\/wp-content\/uploads\/2018\/11\/01-7-3.jpg","_links":{"self":[{"href":"http:\/\/tvalaire.com\/index.php?rest_route=\/wp\/v2\/posts\/4477"}],"collection":[{"href":"http:\/\/tvalaire.com\/index.php?rest_route=\/wp\/v2\/posts"}],"about":[{"href":"http:\/\/tvalaire.com\/index.php?rest_route=\/wp\/v2\/types\/post"}],"author":[{"embeddable":true,"href":"http:\/\/tvalaire.com\/index.php?rest_route=\/wp\/v2\/users\/1"}],"replies":[{"embeddable":true,"href":"http:\/\/tvalaire.com\/index.php?rest_route=%2Fwp%2Fv2%2Fcomments&post=4477"}],"version-history":[{"count":1,"href":"http:\/\/tvalaire.com\/index.php?rest_route=\/wp\/v2\/posts\/4477\/revisions"}],"predecessor-version":[{"id":4479,"href":"http:\/\/tvalaire.com\/index.php?rest_route=\/wp\/v2\/posts\/4477\/revisions\/4479"}],"wp:featuredmedia":[{"embeddable":true,"href":"http:\/\/tvalaire.com\/index.php?rest_route=\/wp\/v2\/media\/4478"}],"wp:attachment":[{"href":"http:\/\/tvalaire.com\/index.php?rest_route=%2Fwp%2Fv2%2Fmedia&parent=4477"}],"wp:term":[{"taxonomy":"category","embeddable":true,"href":"http:\/\/tvalaire.com\/index.php?rest_route=%2Fwp%2Fv2%2Fcategories&post=4477"},{"taxonomy":"post_tag","embeddable":true,"href":"http:\/\/tvalaire.com\/index.php?rest_route=%2Fwp%2Fv2%2Ftags&post=4477"}],"curies":[{"name":"wp","href":"https:\/\/api.w.org\/{rel}","templated":true}]}}