{"id":4474,"date":"2018-10-23T17:13:50","date_gmt":"2018-10-23T22:13:50","guid":{"rendered":"http:\/\/tvalaire.com\/?p=4474"},"modified":"2018-11-14T17:14:35","modified_gmt":"2018-11-14T23:14:35","slug":"realiza-transito-municipal-platicas-de-concientizacion-vial-en-escuelas","status":"publish","type":"post","link":"http:\/\/tvalaire.com\/?p=4474","title":{"rendered":"REALIZA TR\u00c1NSITO MUNICIPAL PL\u00c1TICAS DE CONCIENTIZACI\u00d3N VIAL EN ESCUELAS"},"content":{"rendered":"<p>&nbsp;<\/p>\n<ul>\n<li><b>M\u00e1s de 530 j\u00f3venes recibieron la pl\u00e1tica sobre cultura vial <\/b><\/li>\n<\/ul>\n<ul>\n<li>Tr\u00e1nsito Municipal promueve programa \u201cEscuela Segura\u201d<\/li>\n<\/ul>\n<p>&nbsp;<\/p>\n<p><span style=\"font-weight: 400;\">Por instrucciones del presidente municipal Alex Espinoza, la direcci\u00f3n de Tr\u00e1nsito en la localidad puso en marcha el programa \u201cEscuela Segura\u201d, mediante el cual se imparti\u00f3 una pl\u00e1tica sobre Educaci\u00f3n Vial a los alumnos de la Escuela Secundaria Federal \u201cLic. Rafael Reyes\u201d.<\/span><\/p>\n<p><span style=\"font-weight: 400;\">El objetivo de este programa es crear conciencia entre el alumnado para generar una cultura vial y dar cumplimiento a la pol\u00edtica p\u00fablica que tiene el alcalde Alex Espinoza sobre este tema.<\/span><\/p>\n<p><span style=\"font-weight: 400;\">La intervenci\u00f3n en este centro educativo se dio a petici\u00f3n del Sub director de la instituci\u00f3n, Javier Ayala \u00c1lvarez y en esta primera intervenci\u00f3n el oficial Jorge Rafael Casillas Garc\u00eda, imparti\u00f3 el tema Introducci\u00f3n a la Educaci\u00f3n Vial.<\/span><\/p>\n<p><span style=\"font-weight: 400;\">Tr\u00e1nsito Municipal cuenta con un programa establecido que incluye talleres, cursos y pl\u00e1ticas con las cuales se busca llegar al mayor n\u00famero de estudiantes de nivel b\u00e1sico a fin de que los temas sean replicados con sus familiares.<\/span><\/p>\n<p><span style=\"font-weight: 400;\">En esta primera fase el tema se dirigi\u00f3 a 532 alumnos con quienes se trabaj\u00f3 todo lo relacionado con se\u00f1ales y se\u00f1al\u00e9tica de tr\u00e1nsito.<\/span><\/p>\n","protected":false},"excerpt":{"rendered":"<p>&nbsp; M\u00e1s de 530 j\u00f3venes recibieron la pl\u00e1tica sobre cultura vial Tr\u00e1nsito Municipal promueve programa&#8230;<\/p>\n","protected":false},"author":1,"featured_media":4475,"comment_status":"open","ping_status":"open","sticky":false,"template":"","format":"standard","meta":{"jetpack_post_was_ever_published":false,"_jetpack_newsletter_access":"","_jetpack_dont_email_post_to_subs":false,"_jetpack_newsletter_tier_id":0,"_jetpack_memberships_contains_paywalled_content":false,"_jetpack_memberships_contains_paid_content":false,"footnotes":"","jetpack_publicize_message":"","jetpack_publicize_feature_enabled":true,"jetpack_social_post_already_shared":false,"jetpack_social_options":{"image_generator_settings":{"template":"highway","enabled":false},"version":2}},"categories":[1],"tags":[15],"class_list":["post-4474","post","type-post","status-publish","format-standard","has-post-thumbnail","hentry","category-la-piedad","tag-la-piedad"],"jetpack_publicize_connections":[],"jetpack_sharing_enabled":true,"featured_image_urls":{"full":["http:\/\/tvalaire.com\/wp-content\/uploads\/2018\/11\/01-5-8.jpg",1280,960,false],"thumbnail":["http:\/\/tvalaire.com\/wp-content\/uploads\/2018\/11\/01-5-8-150x150.jpg",150,150,true],"medium":["http:\/\/tvalaire.com\/wp-content\/uploads\/2018\/11\/01-5-8-300x225.jpg",300,225,true],"medium_large":["http:\/\/tvalaire.com\/wp-content\/uploads\/2018\/11\/01-5-8-768x576.jpg",640,480,true],"large":["http:\/\/tvalaire.com\/wp-content\/uploads\/2018\/11\/01-5-8-1024x768.jpg",640,480,true],"post-slider-thumb-size":["http:\/\/tvalaire.com\/wp-content\/uploads\/2018\/11\/01-5-8.jpg",253,190,false],"post-category-slider-size":["http:\/\/tvalaire.com\/wp-content\/uploads\/2018\/11\/01-5-8.jpg",330,248,false],"1536x1536":["http:\/\/tvalaire.com\/wp-content\/uploads\/2018\/11\/01-5-8.jpg",1280,960,false],"2048x2048":["http:\/\/tvalaire.com\/wp-content\/uploads\/2018\/11\/01-5-8.jpg",1280,960,false],"newsium-slider-full":["http:\/\/tvalaire.com\/wp-content\/uploads\/2018\/11\/01-5-8.jpg",1127,845,false],"newsium-featured":["http:\/\/tvalaire.com\/wp-content\/uploads\/2018\/11\/01-5-8.jpg",1024,768,false],"newsium-medium":["http:\/\/tvalaire.com\/wp-content\/uploads\/2018\/11\/01-5-8.jpg",633,475,false]},"author_info":{"info":["tvalairenoti"]},"category_info":"<a href=\"http:\/\/tvalaire.com\/?cat=1\" rel=\"category\">La Piedad<\/a>","tag_info":"La Piedad","comment_count":"0","jetpack_featured_media_url":"http:\/\/tvalaire.com\/wp-content\/uploads\/2018\/11\/01-5-8.jpg","_links":{"self":[{"href":"http:\/\/tvalaire.com\/index.php?rest_route=\/wp\/v2\/posts\/4474"}],"collection":[{"href":"http:\/\/tvalaire.com\/index.php?rest_route=\/wp\/v2\/posts"}],"about":[{"href":"http:\/\/tvalaire.com\/index.php?rest_route=\/wp\/v2\/types\/post"}],"author":[{"embeddable":true,"href":"http:\/\/tvalaire.com\/index.php?rest_route=\/wp\/v2\/users\/1"}],"replies":[{"embeddable":true,"href":"http:\/\/tvalaire.com\/index.php?rest_route=%2Fwp%2Fv2%2Fcomments&post=4474"}],"version-history":[{"count":1,"href":"http:\/\/tvalaire.com\/index.php?rest_route=\/wp\/v2\/posts\/4474\/revisions"}],"predecessor-version":[{"id":4476,"href":"http:\/\/tvalaire.com\/index.php?rest_route=\/wp\/v2\/posts\/4474\/revisions\/4476"}],"wp:featuredmedia":[{"embeddable":true,"href":"http:\/\/tvalaire.com\/index.php?rest_route=\/wp\/v2\/media\/4475"}],"wp:attachment":[{"href":"http:\/\/tvalaire.com\/index.php?rest_route=%2Fwp%2Fv2%2Fmedia&parent=4474"}],"wp:term":[{"taxonomy":"category","embeddable":true,"href":"http:\/\/tvalaire.com\/index.php?rest_route=%2Fwp%2Fv2%2Fcategories&post=4474"},{"taxonomy":"post_tag","embeddable":true,"href":"http:\/\/tvalaire.com\/index.php?rest_route=%2Fwp%2Fv2%2Ftags&post=4474"}],"curies":[{"name":"wp","href":"https:\/\/api.w.org\/{rel}","templated":true}]}}