{"id":4468,"date":"2018-10-22T17:11:32","date_gmt":"2018-10-22T22:11:32","guid":{"rendered":"http:\/\/tvalaire.com\/?p=4468"},"modified":"2018-11-14T17:12:13","modified_gmt":"2018-11-14T23:12:13","slug":"habra-control-de-horarios-en-estacionamiento-de-la-calle-pino-suarez","status":"publish","type":"post","link":"http:\/\/tvalaire.com\/?p=4468","title":{"rendered":"HABR\u00c1 CONTROL DE HORARIOS EN ESTACIONAMIENTO DE LA CALLE PINO SU\u00c1REZ"},"content":{"rendered":"<p>&nbsp;<\/p>\n<ul>\n<li><b>El programa inicia este mi\u00e9rcoles 24 y ser\u00e1 por espacio de 2 horas<\/b><\/li>\n<\/ul>\n<ul>\n<li>El Gobierno Municipal busca reactivar la zona comercial<\/li>\n<\/ul>\n<p>&nbsp;<\/p>\n<p>&nbsp;<\/p>\n<p><span style=\"font-weight: 400;\">Con el fin de reactivar la zona comercial del centro, el Gobierno Municipal a trav\u00e9s de la direcci\u00f3n de Tr\u00e1nsito, a partir de este mi\u00e9rcoles 24 de octubre pondr\u00e1 en marcha el programa de control de horario en el \u00e1rea de estacionamiento en la v\u00eda p\u00fablica de la calle Pino Su\u00e1rez en el tramo de Carrillo Puerto a 5 de Febrero por 2 horas de lunes a domingo.<\/span><\/p>\n<p><span style=\"font-weight: 400;\">Con lo anterior, la direcci\u00f3n de Tr\u00e1nsito Municipal da cumplimiento con una de las instrucciones del alcalde Alex Espinoza, quien busca apoyar a los comerciantes de la zona centro de la ciudad donde se concentra la mayor parte de comercio local y que se han visto afectados por la falta de espacios de estacionamiento en la v\u00eda p\u00fablica.<\/span><\/p>\n<p><span style=\"font-weight: 400;\">Con esta medida, el Gobierno Municipal busca dar movilidad a los veh\u00edculos, para que den oportunidad a m\u00e1s personas de llegar y estacionarse logrando realizar sus compras, pagos de servicios, consultas m\u00e9dicas, etc. <\/span><\/p>\n<p><span style=\"font-weight: 400;\">Gabriel Anguiano Maga\u00f1a, titular de Tr\u00e1nsito Municipal consider\u00f3 que 2 horas es un tiempo razonable para que los ciudadanos realicen sus actividades, al mismo tiempo se apoyar\u00e1 a los comerciantes que lo soliciten para realizar los estudios de impacto vial pertinentes, ya que el principal objetivo de esta Administraci\u00f3n es cambiar la imagen a nuestra ciudad d\u00e1ndole el apoyo necesario para reactivar las actividades econ\u00f3micas que lo requieran.<\/span><\/p>\n<p><span style=\"font-weight: 400;\">La medida inicia este mi\u00e9rcoles 24 de octubre de las 8:00 de la ma\u00f1ana a las 4 de la tarde, por tanto a los \u00faltimos veh\u00edculos que se les tomar\u00e1 el tiempo ser\u00e1n los que lleguen a las 2 de tarde, para dar oportunidad a que los vecinos de esa zona puedan dejar sus autom\u00f3viles por las noches en las cercan\u00edas de sus domicilios.<\/span><\/p>\n<p><span style=\"font-weight: 400;\">Inform\u00f3 a su vez que por indicaciones del Alcalde, fue reubicado el caj\u00f3n exclusivo de Carga y Descarga de la calle Pino Su\u00e1rez a la calle Independencia, frente al domicilio marcado con el n\u00famero 93 (frente a la dulcer\u00eda Los Altos), debido a que obstaculizaba la visibilidad de algunos comercios. Cualquier duda o informaci\u00f3n pueden solicitarla al tel\u00e9fono de la Direcci\u00f3n de Tr\u00e1nsito a los tel\u00e9fonos: 52 283 34 o 52 279 48.<\/span><\/p>\n","protected":false},"excerpt":{"rendered":"<p>&nbsp; El programa inicia este mi\u00e9rcoles 24 y ser\u00e1 por espacio de 2 horas El&#8230;<\/p>\n","protected":false},"author":1,"featured_media":4469,"comment_status":"open","ping_status":"open","sticky":false,"template":"","format":"standard","meta":{"jetpack_post_was_ever_published":false,"_jetpack_newsletter_access":"","_jetpack_dont_email_post_to_subs":false,"_jetpack_newsletter_tier_id":0,"_jetpack_memberships_contains_paywalled_content":false,"_jetpack_memberships_contains_paid_content":false,"footnotes":"","jetpack_publicize_message":"","jetpack_publicize_feature_enabled":true,"jetpack_social_post_already_shared":false,"jetpack_social_options":{"image_generator_settings":{"template":"highway","enabled":false},"version":2}},"categories":[1],"tags":[15,36],"class_list":["post-4468","post","type-post","status-publish","format-standard","has-post-thumbnail","hentry","category-la-piedad","tag-la-piedad","tag-principales"],"jetpack_publicize_connections":[],"jetpack_sharing_enabled":true,"featured_image_urls":{"full":["http:\/\/tvalaire.com\/wp-content\/uploads\/2018\/11\/01-3-13.jpg",1024,683,false],"thumbnail":["http:\/\/tvalaire.com\/wp-content\/uploads\/2018\/11\/01-3-13-150x150.jpg",150,150,true],"medium":["http:\/\/tvalaire.com\/wp-content\/uploads\/2018\/11\/01-3-13-300x200.jpg",300,200,true],"medium_large":["http:\/\/tvalaire.com\/wp-content\/uploads\/2018\/11\/01-3-13-768x512.jpg",640,427,true],"large":["http:\/\/tvalaire.com\/wp-content\/uploads\/2018\/11\/01-3-13-1024x683.jpg",640,427,true],"post-slider-thumb-size":["http:\/\/tvalaire.com\/wp-content\/uploads\/2018\/11\/01-3-13.jpg",285,190,false],"post-category-slider-size":["http:\/\/tvalaire.com\/wp-content\/uploads\/2018\/11\/01-3-13.jpg",330,220,false],"1536x1536":["http:\/\/tvalaire.com\/wp-content\/uploads\/2018\/11\/01-3-13.jpg",1024,683,false],"2048x2048":["http:\/\/tvalaire.com\/wp-content\/uploads\/2018\/11\/01-3-13.jpg",1024,683,false],"newsium-slider-full":["http:\/\/tvalaire.com\/wp-content\/uploads\/2018\/11\/01-3-13.jpg",1024,683,false],"newsium-featured":["http:\/\/tvalaire.com\/wp-content\/uploads\/2018\/11\/01-3-13.jpg",1024,683,false],"newsium-medium":["http:\/\/tvalaire.com\/wp-content\/uploads\/2018\/11\/01-3-13.jpg",712,475,false]},"author_info":{"info":["tvalairenoti"]},"category_info":"<a href=\"http:\/\/tvalaire.com\/?cat=1\" rel=\"category\">La Piedad<\/a>","tag_info":"La Piedad","comment_count":"0","jetpack_featured_media_url":"http:\/\/tvalaire.com\/wp-content\/uploads\/2018\/11\/01-3-13.jpg","_links":{"self":[{"href":"http:\/\/tvalaire.com\/index.php?rest_route=\/wp\/v2\/posts\/4468"}],"collection":[{"href":"http:\/\/tvalaire.com\/index.php?rest_route=\/wp\/v2\/posts"}],"about":[{"href":"http:\/\/tvalaire.com\/index.php?rest_route=\/wp\/v2\/types\/post"}],"author":[{"embeddable":true,"href":"http:\/\/tvalaire.com\/index.php?rest_route=\/wp\/v2\/users\/1"}],"replies":[{"embeddable":true,"href":"http:\/\/tvalaire.com\/index.php?rest_route=%2Fwp%2Fv2%2Fcomments&post=4468"}],"version-history":[{"count":1,"href":"http:\/\/tvalaire.com\/index.php?rest_route=\/wp\/v2\/posts\/4468\/revisions"}],"predecessor-version":[{"id":4470,"href":"http:\/\/tvalaire.com\/index.php?rest_route=\/wp\/v2\/posts\/4468\/revisions\/4470"}],"wp:featuredmedia":[{"embeddable":true,"href":"http:\/\/tvalaire.com\/index.php?rest_route=\/wp\/v2\/media\/4469"}],"wp:attachment":[{"href":"http:\/\/tvalaire.com\/index.php?rest_route=%2Fwp%2Fv2%2Fmedia&parent=4468"}],"wp:term":[{"taxonomy":"category","embeddable":true,"href":"http:\/\/tvalaire.com\/index.php?rest_route=%2Fwp%2Fv2%2Fcategories&post=4468"},{"taxonomy":"post_tag","embeddable":true,"href":"http:\/\/tvalaire.com\/index.php?rest_route=%2Fwp%2Fv2%2Ftags&post=4468"}],"curies":[{"name":"wp","href":"https:\/\/api.w.org\/{rel}","templated":true}]}}