{"id":4465,"date":"2018-10-22T17:10:14","date_gmt":"2018-10-22T22:10:14","guid":{"rendered":"http:\/\/tvalaire.com\/?p=4465"},"modified":"2018-11-14T17:10:27","modified_gmt":"2018-11-14T23:10:27","slug":"instalan-remolque-del-reciclatron-frente-al-parque-morelos","status":"publish","type":"post","link":"http:\/\/tvalaire.com\/?p=4465","title":{"rendered":"INSTALAN REMOLQUE DEL \u201cRECICLATR\u00d3N\u201d FRENTE AL PARQUE MORELOS"},"content":{"rendered":"<p>&nbsp;<\/p>\n<ul>\n<li><b>Permanecer\u00e1 en este espacio por 15 d\u00edas<\/b><\/li>\n<\/ul>\n<ul>\n<li>Se exhorta a la ciudadan\u00eda para que colabore con este programa<\/li>\n<\/ul>\n<p>&nbsp;<\/p>\n<p>&nbsp;<\/p>\n<p><span style=\"font-weight: 400;\">Personal de la coordinaci\u00f3n de Ecolog\u00eda, reubic\u00f3 el remolque del \u201cReciclatr\u00f3n\u201d ahora sobre la calle Mariano Jim\u00e9nez, frente al parque Morelos.<\/span><\/p>\n<p><span style=\"font-weight: 400;\">En este espacio, permanecer\u00e1 durante dos semanas con la finalidad de que las personas que habitan por esta zona puedan colaborar con el Gobierno Municipal en esta campa\u00f1a de \u201cReciclatr\u00f3n\u201d, con la cual buscan recolectar la basura electr\u00f3nica y evitar que \u00e9sta termine en el basurero a cielo abierto o en alg\u00fan lote bald\u00edo.<\/span><\/p>\n<p><span style=\"font-weight: 400;\">Los aparatos electr\u00f3nicos que pueden ser recolectados en el contenedor son: CPU, monitores, teclados, celulares, televisores, impresoras, cargadores, hornos de microondas, l\u00e1mparas, entre otros, para impedir que \u00e9stos lleguen a los basureros o bald\u00edos, ya que contaminan el subsuelo y los mantos acu\u00edferos por su alto contenido en metales pesados.<\/span><\/p>\n<p><span style=\"font-weight: 400;\">Por tanto, se hace un llamado a la poblaci\u00f3n para que colabore en esta campa\u00f1a y participe, lo mismo se invita a las empresas de la ciudad y las instituciones educativas para brindar el apoyo en este trabajo de recolecci\u00f3n de desechos electr\u00f3nicos. <\/span><\/p>\n<p><span style=\"font-weight: 400;\">A su vez, la coordinadora de Ecolog\u00eda Tatiana Ayala Avi\u00f1a, exhort\u00f3 a la ciudadan\u00eda para que acudan a la dependencia municipal a solicitar \u00e1rboles para reforestar en sus domicilios, ya que la planta que ofrecen es totalmente gratuita. Contribuyamos con el medio ambiente participando en estas dos campa\u00f1as. <\/span><\/p>\n","protected":false},"excerpt":{"rendered":"<p>&nbsp; Permanecer\u00e1 en este espacio por 15 d\u00edas Se exhorta a la ciudadan\u00eda para que&#8230;<\/p>\n","protected":false},"author":1,"featured_media":4466,"comment_status":"open","ping_status":"open","sticky":false,"template":"","format":"standard","meta":{"jetpack_post_was_ever_published":false,"_jetpack_newsletter_access":"","_jetpack_dont_email_post_to_subs":false,"_jetpack_newsletter_tier_id":0,"_jetpack_memberships_contains_paywalled_content":false,"_jetpack_memberships_contains_paid_content":false,"footnotes":"","jetpack_publicize_message":"","jetpack_publicize_feature_enabled":true,"jetpack_social_post_already_shared":false,"jetpack_social_options":{"image_generator_settings":{"template":"highway","enabled":false},"version":2}},"categories":[1],"tags":[15,36],"class_list":["post-4465","post","type-post","status-publish","format-standard","has-post-thumbnail","hentry","category-la-piedad","tag-la-piedad","tag-principales"],"jetpack_publicize_connections":[],"jetpack_sharing_enabled":true,"featured_image_urls":{"full":["http:\/\/tvalaire.com\/wp-content\/uploads\/2018\/11\/01-2-10.jpg",593,327,false],"thumbnail":["http:\/\/tvalaire.com\/wp-content\/uploads\/2018\/11\/01-2-10-150x150.jpg",150,150,true],"medium":["http:\/\/tvalaire.com\/wp-content\/uploads\/2018\/11\/01-2-10-300x165.jpg",300,165,true],"medium_large":["http:\/\/tvalaire.com\/wp-content\/uploads\/2018\/11\/01-2-10.jpg",593,327,false],"large":["http:\/\/tvalaire.com\/wp-content\/uploads\/2018\/11\/01-2-10.jpg",593,327,false],"post-slider-thumb-size":["http:\/\/tvalaire.com\/wp-content\/uploads\/2018\/11\/01-2-10.jpg",330,182,false],"post-category-slider-size":["http:\/\/tvalaire.com\/wp-content\/uploads\/2018\/11\/01-2-10.jpg",330,182,false],"1536x1536":["http:\/\/tvalaire.com\/wp-content\/uploads\/2018\/11\/01-2-10.jpg",593,327,false],"2048x2048":["http:\/\/tvalaire.com\/wp-content\/uploads\/2018\/11\/01-2-10.jpg",593,327,false],"newsium-slider-full":["http:\/\/tvalaire.com\/wp-content\/uploads\/2018\/11\/01-2-10.jpg",593,327,false],"newsium-featured":["http:\/\/tvalaire.com\/wp-content\/uploads\/2018\/11\/01-2-10.jpg",593,327,false],"newsium-medium":["http:\/\/tvalaire.com\/wp-content\/uploads\/2018\/11\/01-2-10.jpg",593,327,false]},"author_info":{"info":["tvalairenoti"]},"category_info":"<a href=\"http:\/\/tvalaire.com\/?cat=1\" rel=\"category\">La Piedad<\/a>","tag_info":"La Piedad","comment_count":"0","jetpack_featured_media_url":"http:\/\/tvalaire.com\/wp-content\/uploads\/2018\/11\/01-2-10.jpg","_links":{"self":[{"href":"http:\/\/tvalaire.com\/index.php?rest_route=\/wp\/v2\/posts\/4465"}],"collection":[{"href":"http:\/\/tvalaire.com\/index.php?rest_route=\/wp\/v2\/posts"}],"about":[{"href":"http:\/\/tvalaire.com\/index.php?rest_route=\/wp\/v2\/types\/post"}],"author":[{"embeddable":true,"href":"http:\/\/tvalaire.com\/index.php?rest_route=\/wp\/v2\/users\/1"}],"replies":[{"embeddable":true,"href":"http:\/\/tvalaire.com\/index.php?rest_route=%2Fwp%2Fv2%2Fcomments&post=4465"}],"version-history":[{"count":1,"href":"http:\/\/tvalaire.com\/index.php?rest_route=\/wp\/v2\/posts\/4465\/revisions"}],"predecessor-version":[{"id":4467,"href":"http:\/\/tvalaire.com\/index.php?rest_route=\/wp\/v2\/posts\/4465\/revisions\/4467"}],"wp:featuredmedia":[{"embeddable":true,"href":"http:\/\/tvalaire.com\/index.php?rest_route=\/wp\/v2\/media\/4466"}],"wp:attachment":[{"href":"http:\/\/tvalaire.com\/index.php?rest_route=%2Fwp%2Fv2%2Fmedia&parent=4465"}],"wp:term":[{"taxonomy":"category","embeddable":true,"href":"http:\/\/tvalaire.com\/index.php?rest_route=%2Fwp%2Fv2%2Fcategories&post=4465"},{"taxonomy":"post_tag","embeddable":true,"href":"http:\/\/tvalaire.com\/index.php?rest_route=%2Fwp%2Fv2%2Ftags&post=4465"}],"curies":[{"name":"wp","href":"https:\/\/api.w.org\/{rel}","templated":true}]}}