{"id":4456,"date":"2018-10-18T17:06:09","date_gmt":"2018-10-18T22:06:09","guid":{"rendered":"http:\/\/tvalaire.com\/?p=4456"},"modified":"2018-11-14T17:07:08","modified_gmt":"2018-11-14T23:07:08","slug":"promueve-gobierno-principios-de-no-discriminacion-entre-estudiantes","status":"publish","type":"post","link":"http:\/\/tvalaire.com\/?p=4456","title":{"rendered":"PROMUEVE GOBIERNO PRINCIPIOS DE NO DISCRIMINACI\u00d3N ENTRE ESTUDIANTES"},"content":{"rendered":"<p>&nbsp;<\/p>\n<ul>\n<li><b>Inclusi\u00f3n, igualdad y derechos humanos fueron algunos de los temas<\/b><\/li>\n<\/ul>\n<ul>\n<li>La charla estuvo encabezada por integrantes del (COEPREDV)<\/li>\n<\/ul>\n<p>&nbsp;<\/p>\n<p><span style=\"font-weight: 400;\">Con el fin de fomentar valores como el respeto a los dem\u00e1s, el Gobierno Municipal a trav\u00e9s de la Comisi\u00f3n de Igualdad Integraci\u00f3n y Diversidad Social, con el apoyo de personal del Consejo Estatal para Prevenir y Eliminar la Discriminaci\u00f3n y la Violencia en Michoac\u00e1n (COEPREDV), impartieron una charla a j\u00f3venes de la Preparatoria Federal por Cooperaci\u00f3n \u201cM\u00e1rtires de la Reforma\u201d.<\/span><\/p>\n<p><span style=\"font-weight: 400;\">El auditorio de este plantel, fue el escenario en el que los integrantes del Consejo Estatal, Luis Alberto Hinojosa, Ezequiel Gonz\u00e1lez y Catalina Cruz Barajas, responsables de diversas \u00e1reas en el Consejo Estatal expusieron temas relacionados con la conmemoraci\u00f3n del D\u00eda Nacional contra la Discriminaci\u00f3n que se celebra en M\u00e9xico el 19 de octubre.<\/span><\/p>\n<p><span style=\"font-weight: 400;\">Durante la charla que establecieron con los j\u00f3venes preparatorianos, se habl\u00f3 tambi\u00e9n sobre inclusi\u00f3n, igualdad y derechos humanos. El fomento a valores universales que debemos cultivar para vivir dentro de un ambiente en armon\u00eda y tolerancia hacia todo tipo de expresiones.<\/span><\/p>\n<p><span style=\"font-weight: 400;\">El dejar de lado acciones que son discriminatorias, puesto que todos tenemos los mismos derechos y obligaciones.<\/span><\/p>\n<p><span style=\"font-weight: 400;\">El fomento a estos principios b\u00e1sicos, forman parte de las funciones y acciones que a diario realiza el COEPREDV y que en esta ocasi\u00f3n, fueron promovidos a invitaci\u00f3n de la presidenta de la Comisi\u00f3n de Igualdad e Integraci\u00f3n y Diversidad Social, Carmen L\u00f3pez Alvarado, as\u00ed como dem\u00e1s miembros del Cabildo y Osmar Mart\u00ednez Meza subdirector del Instituto de la Juventud Piedadense (INJUP).<\/span><\/p>\n<p><span style=\"font-weight: 400;\">La bienvenida a los funcionarios estatales y municipales la hizo el director del plantel, Rafael Tamayo quien agradeci\u00f3 el haberlos tomado en cuenta para hablar de un tema tan sensible como este.<\/span><\/p>\n","protected":false},"excerpt":{"rendered":"<p>&nbsp; Inclusi\u00f3n, igualdad y derechos humanos fueron algunos de los temas La charla estuvo encabezada&#8230;<\/p>\n","protected":false},"author":1,"featured_media":4457,"comment_status":"open","ping_status":"open","sticky":false,"template":"","format":"standard","meta":{"jetpack_post_was_ever_published":false,"_jetpack_newsletter_access":"","_jetpack_dont_email_post_to_subs":false,"_jetpack_newsletter_tier_id":0,"_jetpack_memberships_contains_paywalled_content":false,"_jetpack_memberships_contains_paid_content":false,"footnotes":"","jetpack_publicize_message":"","jetpack_publicize_feature_enabled":true,"jetpack_social_post_already_shared":false,"jetpack_social_options":{"image_generator_settings":{"template":"highway","enabled":false},"version":2}},"categories":[1],"tags":[15,36],"class_list":["post-4456","post","type-post","status-publish","format-standard","has-post-thumbnail","hentry","category-la-piedad","tag-la-piedad","tag-principales"],"jetpack_publicize_connections":[],"jetpack_sharing_enabled":true,"featured_image_urls":{"full":["http:\/\/tvalaire.com\/wp-content\/uploads\/2018\/11\/01-3-12.jpg",1024,683,false],"thumbnail":["http:\/\/tvalaire.com\/wp-content\/uploads\/2018\/11\/01-3-12-150x150.jpg",150,150,true],"medium":["http:\/\/tvalaire.com\/wp-content\/uploads\/2018\/11\/01-3-12-300x200.jpg",300,200,true],"medium_large":["http:\/\/tvalaire.com\/wp-content\/uploads\/2018\/11\/01-3-12-768x512.jpg",640,427,true],"large":["http:\/\/tvalaire.com\/wp-content\/uploads\/2018\/11\/01-3-12-1024x683.jpg",640,427,true],"post-slider-thumb-size":["http:\/\/tvalaire.com\/wp-content\/uploads\/2018\/11\/01-3-12.jpg",285,190,false],"post-category-slider-size":["http:\/\/tvalaire.com\/wp-content\/uploads\/2018\/11\/01-3-12.jpg",330,220,false],"1536x1536":["http:\/\/tvalaire.com\/wp-content\/uploads\/2018\/11\/01-3-12.jpg",1024,683,false],"2048x2048":["http:\/\/tvalaire.com\/wp-content\/uploads\/2018\/11\/01-3-12.jpg",1024,683,false],"newsium-slider-full":["http:\/\/tvalaire.com\/wp-content\/uploads\/2018\/11\/01-3-12.jpg",1024,683,false],"newsium-featured":["http:\/\/tvalaire.com\/wp-content\/uploads\/2018\/11\/01-3-12.jpg",1024,683,false],"newsium-medium":["http:\/\/tvalaire.com\/wp-content\/uploads\/2018\/11\/01-3-12.jpg",712,475,false]},"author_info":{"info":["tvalairenoti"]},"category_info":"<a href=\"http:\/\/tvalaire.com\/?cat=1\" rel=\"category\">La Piedad<\/a>","tag_info":"La Piedad","comment_count":"0","jetpack_featured_media_url":"http:\/\/tvalaire.com\/wp-content\/uploads\/2018\/11\/01-3-12.jpg","_links":{"self":[{"href":"http:\/\/tvalaire.com\/index.php?rest_route=\/wp\/v2\/posts\/4456"}],"collection":[{"href":"http:\/\/tvalaire.com\/index.php?rest_route=\/wp\/v2\/posts"}],"about":[{"href":"http:\/\/tvalaire.com\/index.php?rest_route=\/wp\/v2\/types\/post"}],"author":[{"embeddable":true,"href":"http:\/\/tvalaire.com\/index.php?rest_route=\/wp\/v2\/users\/1"}],"replies":[{"embeddable":true,"href":"http:\/\/tvalaire.com\/index.php?rest_route=%2Fwp%2Fv2%2Fcomments&post=4456"}],"version-history":[{"count":1,"href":"http:\/\/tvalaire.com\/index.php?rest_route=\/wp\/v2\/posts\/4456\/revisions"}],"predecessor-version":[{"id":4458,"href":"http:\/\/tvalaire.com\/index.php?rest_route=\/wp\/v2\/posts\/4456\/revisions\/4458"}],"wp:featuredmedia":[{"embeddable":true,"href":"http:\/\/tvalaire.com\/index.php?rest_route=\/wp\/v2\/media\/4457"}],"wp:attachment":[{"href":"http:\/\/tvalaire.com\/index.php?rest_route=%2Fwp%2Fv2%2Fmedia&parent=4456"}],"wp:term":[{"taxonomy":"category","embeddable":true,"href":"http:\/\/tvalaire.com\/index.php?rest_route=%2Fwp%2Fv2%2Fcategories&post=4456"},{"taxonomy":"post_tag","embeddable":true,"href":"http:\/\/tvalaire.com\/index.php?rest_route=%2Fwp%2Fv2%2Ftags&post=4456"}],"curies":[{"name":"wp","href":"https:\/\/api.w.org\/{rel}","templated":true}]}}