{"id":4453,"date":"2018-10-17T17:05:06","date_gmt":"2018-10-17T22:05:06","guid":{"rendered":"http:\/\/tvalaire.com\/?p=4453"},"modified":"2018-11-14T17:06:04","modified_gmt":"2018-11-14T23:06:04","slug":"invita-transito-a-ser-parte-de-la-patrulla-infantil-juvenil","status":"publish","type":"post","link":"http:\/\/tvalaire.com\/?p=4453","title":{"rendered":"INVITA TR\u00c1NSITO A SER PARTE DE LA PATRULLA INFANTIL-JUVENIL"},"content":{"rendered":"<p>&nbsp;<\/p>\n<ul>\n<li><b>El objetivo es inculcar la cultura vial en la juventud y la ni\u00f1ez <\/b><\/li>\n<\/ul>\n<ul>\n<li>Los interesados deben tener entre 8 y 14 a\u00f1os de edad<\/li>\n<\/ul>\n<p>&nbsp;<\/p>\n<p><span style=\"font-weight: 400;\">Como parte de la formaci\u00f3n y educaci\u00f3n vial, el Gobierno Municipal de La Piedad, que preside Alex Espinoza, a trav\u00e9s de la Direcci\u00f3n de Tr\u00e1nsito, anunci\u00f3 la reactivaci\u00f3n de la Patrulla Infantil-Juvenil.<\/span><\/p>\n<p><span style=\"font-weight: 400;\">El objetivo de este programa es inculcar una cultura vial entre los ni\u00f1os y j\u00f3venes de la ciudad, los cuales servir\u00e1n de pieza clave para un proyecto que se tiene planeado a corto plazo, as\u00ed lo inform\u00f3 el director de Tr\u00e1nsito, Gabriel Anguiano.<\/span><\/p>\n<p><span style=\"font-weight: 400;\">Para formar parte de la Patrulla Infantil-Juvenil, los interesados deber\u00e1n cubrir los siguientes requisitos:<\/span><\/p>\n<ul>\n<li style=\"font-weight: 400;\"><span style=\"font-weight: 400;\">Tener entre los 8 y 14 a\u00f1os<\/span><\/li>\n<li style=\"font-weight: 400;\"><span style=\"font-weight: 400;\">Contar con el consentimiento por escrito del padre o tutor <\/span><\/li>\n<li style=\"font-weight: 400;\"><span style=\"font-weight: 400;\">Presentar dos fotograf\u00edas tama\u00f1o infantil<\/span><\/li>\n<li style=\"font-weight: 400;\"><span style=\"font-weight: 400;\">Mostrar inter\u00e9s por aprender y servir a la comunidad<\/span><\/li>\n<li style=\"font-weight: 400;\"><span style=\"font-weight: 400;\">Tener la disponibilidad de presentarse los s\u00e1bados en horario de las 08:00 a las 14:00 horas para participar en los talleres y clases sobre los temas relacionados con la vialidad<\/span><\/li>\n<\/ul>\n<p><span style=\"font-weight: 400;\">Para formar e integrar a los ni\u00f1os y j\u00f3venes, personal de Tr\u00e1nsito est\u00e1 comprometido con brindar capacitaci\u00f3n de calidad en temas sobre vialidad, formaci\u00f3n de valores, educaci\u00f3n para una mejor adaptaci\u00f3n en v\u00edas p\u00fablicas y con la sociedad que tiene vinculaci\u00f3n con \u00e1reas de rescate y salvamento; seguridad vial, seguridad p\u00fablica, interacci\u00f3n con la naturaleza y medio ambiente, fomento de valores c\u00edvicos, instrucci\u00f3n en primeros auxilios entre otras actividades.<\/span><\/p>\n<p><span style=\"font-weight: 400;\">A su vez, a los ni\u00f1os que participen se les proporcionar\u00e1 un uniforme y tendr\u00e1n la oportunidad de ser tomados en cuenta, para que, al cumplir la mayor\u00eda de edad, si lo desean, trabajen en la corporaci\u00f3n de Tr\u00e1nsito.<\/span><\/p>\n<p><span style=\"font-weight: 400;\">La intenci\u00f3n ser\u00e1 fomentar en ellos una cultura vial para que la transmitan en pr\u00f3ximas generaciones y repliquen el mensaje sobre la importancia del mismo.<\/span><\/p>\n","protected":false},"excerpt":{"rendered":"<p>&nbsp; El objetivo es inculcar la cultura vial en la juventud y la ni\u00f1ez Los&#8230;<\/p>\n","protected":false},"author":1,"featured_media":4454,"comment_status":"open","ping_status":"open","sticky":false,"template":"","format":"standard","meta":{"jetpack_post_was_ever_published":false,"_jetpack_newsletter_access":"","_jetpack_dont_email_post_to_subs":false,"_jetpack_newsletter_tier_id":0,"_jetpack_memberships_contains_paywalled_content":false,"_jetpack_memberships_contains_paid_content":false,"footnotes":"","jetpack_publicize_message":"","jetpack_publicize_feature_enabled":true,"jetpack_social_post_already_shared":false,"jetpack_social_options":{"image_generator_settings":{"template":"highway","enabled":false},"version":2}},"categories":[1],"tags":[15,36],"class_list":["post-4453","post","type-post","status-publish","format-standard","has-post-thumbnail","hentry","category-la-piedad","tag-la-piedad","tag-principales"],"jetpack_publicize_connections":[],"jetpack_sharing_enabled":true,"featured_image_urls":{"full":["http:\/\/tvalaire.com\/wp-content\/uploads\/2018\/11\/01-2-9.jpg",944,579,false],"thumbnail":["http:\/\/tvalaire.com\/wp-content\/uploads\/2018\/11\/01-2-9-150x150.jpg",150,150,true],"medium":["http:\/\/tvalaire.com\/wp-content\/uploads\/2018\/11\/01-2-9-300x184.jpg",300,184,true],"medium_large":["http:\/\/tvalaire.com\/wp-content\/uploads\/2018\/11\/01-2-9-768x471.jpg",640,393,true],"large":["http:\/\/tvalaire.com\/wp-content\/uploads\/2018\/11\/01-2-9.jpg",640,393,false],"post-slider-thumb-size":["http:\/\/tvalaire.com\/wp-content\/uploads\/2018\/11\/01-2-9.jpg",310,190,false],"post-category-slider-size":["http:\/\/tvalaire.com\/wp-content\/uploads\/2018\/11\/01-2-9.jpg",330,202,false],"1536x1536":["http:\/\/tvalaire.com\/wp-content\/uploads\/2018\/11\/01-2-9.jpg",944,579,false],"2048x2048":["http:\/\/tvalaire.com\/wp-content\/uploads\/2018\/11\/01-2-9.jpg",944,579,false],"newsium-slider-full":["http:\/\/tvalaire.com\/wp-content\/uploads\/2018\/11\/01-2-9.jpg",944,579,false],"newsium-featured":["http:\/\/tvalaire.com\/wp-content\/uploads\/2018\/11\/01-2-9.jpg",944,579,false],"newsium-medium":["http:\/\/tvalaire.com\/wp-content\/uploads\/2018\/11\/01-2-9.jpg",720,442,false]},"author_info":{"info":["tvalairenoti"]},"category_info":"<a href=\"http:\/\/tvalaire.com\/?cat=1\" rel=\"category\">La Piedad<\/a>","tag_info":"La Piedad","comment_count":"0","jetpack_featured_media_url":"http:\/\/tvalaire.com\/wp-content\/uploads\/2018\/11\/01-2-9.jpg","_links":{"self":[{"href":"http:\/\/tvalaire.com\/index.php?rest_route=\/wp\/v2\/posts\/4453"}],"collection":[{"href":"http:\/\/tvalaire.com\/index.php?rest_route=\/wp\/v2\/posts"}],"about":[{"href":"http:\/\/tvalaire.com\/index.php?rest_route=\/wp\/v2\/types\/post"}],"author":[{"embeddable":true,"href":"http:\/\/tvalaire.com\/index.php?rest_route=\/wp\/v2\/users\/1"}],"replies":[{"embeddable":true,"href":"http:\/\/tvalaire.com\/index.php?rest_route=%2Fwp%2Fv2%2Fcomments&post=4453"}],"version-history":[{"count":1,"href":"http:\/\/tvalaire.com\/index.php?rest_route=\/wp\/v2\/posts\/4453\/revisions"}],"predecessor-version":[{"id":4455,"href":"http:\/\/tvalaire.com\/index.php?rest_route=\/wp\/v2\/posts\/4453\/revisions\/4455"}],"wp:featuredmedia":[{"embeddable":true,"href":"http:\/\/tvalaire.com\/index.php?rest_route=\/wp\/v2\/media\/4454"}],"wp:attachment":[{"href":"http:\/\/tvalaire.com\/index.php?rest_route=%2Fwp%2Fv2%2Fmedia&parent=4453"}],"wp:term":[{"taxonomy":"category","embeddable":true,"href":"http:\/\/tvalaire.com\/index.php?rest_route=%2Fwp%2Fv2%2Fcategories&post=4453"},{"taxonomy":"post_tag","embeddable":true,"href":"http:\/\/tvalaire.com\/index.php?rest_route=%2Fwp%2Fv2%2Ftags&post=4453"}],"curies":[{"name":"wp","href":"https:\/\/api.w.org\/{rel}","templated":true}]}}