{"id":4450,"date":"2018-10-17T17:03:42","date_gmt":"2018-10-17T22:03:42","guid":{"rendered":"http:\/\/tvalaire.com\/?p=4450"},"modified":"2018-11-14T17:05:01","modified_gmt":"2018-11-14T23:05:01","slug":"lleva-dif-servicios-medicos-a-la-comunidad-de-san-juan-del-fuerte","status":"publish","type":"post","link":"http:\/\/tvalaire.com\/?p=4450","title":{"rendered":"LLEVA DIF SERVICIOS M\u00c9DICOS A LA COMUNIDAD DE SAN JUAN DEL FUERTE"},"content":{"rendered":"<p>&nbsp;<\/p>\n<ul>\n<li><b>Se estar\u00e1n visitando colonias y comunidades para ofrecer los servicios<\/b><\/li>\n<\/ul>\n<ul>\n<li>El objetivo es atender al mayor n\u00famero de ciudadanos en zonas rurales<\/li>\n<\/ul>\n<p>&nbsp;<\/p>\n<p><span style=\"font-weight: 400;\">El DIF Municipal, con apoyo de diversas instituciones de Gobierno entre ellas, Instituto de la Mujer (IMM), Tr\u00e1nsito y Vialidad, Ecolog\u00eda, Vinculaci\u00f3n Internacional y Bomberos, trasladaron los servicios que ofrecen a la ciudadan\u00eda de forma gratuita a la comunidad de San Juan del Fuerte.<\/span><\/p>\n<p><span style=\"font-weight: 400;\">Los servicios que se proporcionaron en esta comunidad fueron: Atenci\u00f3n m\u00e9dica general, as\u00ed como canalizaci\u00f3n de pacientes con cataratas o al m\u00f3dulo de aparatos auditivos y servicio dental; asesor\u00eda psicol\u00f3gica, jur\u00eddica, nutricional, cortes de pelo y donaci\u00f3n de \u00e1rboles de diversas especies. Personal de Bomberos aprovech\u00f3 la presencia de alumnos de la escuela primaria \u201cFray Pedro de Gante\u201d para ense\u00f1ar a los ni\u00f1os algunos puntos b\u00e1sicos sobre la reanimaci\u00f3n cardiopulmonar, o reanimaci\u00f3n cardiorrespiratoria (RCP).<\/span><\/p>\n<p><span style=\"font-weight: 400;\">El Instituto de la Mujer ofreci\u00f3 informaci\u00f3n sobre los servicios que proporciona para el empoderamiento de las mujeres y promovi\u00f3 el autocuidado y salud de las personas del sector femenino al invitarlas para que de manera gratuita se realicen una mastograf\u00eda.<\/span><\/p>\n<p><span style=\"font-weight: 400;\">Personal de la direcci\u00f3n de Vinculaci\u00f3n Internacional, instal\u00f3 un m\u00f3dulo de informaci\u00f3n sobre los tr\u00e1mites que realizan, as\u00ed como la integraci\u00f3n al programa \u201cPalomas mensajeras\u201d.<\/span><\/p>\n<p><span style=\"font-weight: 400;\">La se\u00f1ora Liliana Flores Castro, presidenta del DIF Municipal encabez\u00f3 los trabajos de la unidad m\u00e9dica m\u00f3vil que en esta segunda ocasi\u00f3n, se estableci\u00f3 en la plaza de la comunidad de San Juan del Fuerte y en donde anunci\u00f3 que continuar\u00e1n llevando los servicios a la poblaci\u00f3n que m\u00e1s lo requiera en colonias populares, comunidades o empresas que as\u00ed lo soliciten.<\/span><\/p>\n<p><span style=\"font-weight: 400;\">Cabe mencionar que el primer servicio proporcionado por la unidad m\u00e9dica m\u00f3vil fue en la empresa BAFAR y la segunda actividad se hizo en la mencionada comunidad, en donde permaneci\u00f3 en la Plaza Principal desde las 09:00 de la ma\u00f1ana a 2:00 de la tarde.<\/span><\/p>\n<p><span style=\"font-weight: 400;\">Liliana Flores expres\u00f3 que con este programa se podr\u00e1 llegar a un mayor n\u00famero de personas que requieren de alguno de los servicios que como Gobierno, ofrecen a la poblaci\u00f3n de forma voluntaria y gratuita.<\/span><\/p>\n","protected":false},"excerpt":{"rendered":"<p>&nbsp; Se estar\u00e1n visitando colonias y comunidades para ofrecer los servicios El objetivo es atender&#8230;<\/p>\n","protected":false},"author":1,"featured_media":4451,"comment_status":"open","ping_status":"open","sticky":false,"template":"","format":"standard","meta":{"jetpack_post_was_ever_published":false,"_jetpack_newsletter_access":"","_jetpack_dont_email_post_to_subs":false,"_jetpack_newsletter_tier_id":0,"_jetpack_memberships_contains_paywalled_content":false,"_jetpack_memberships_contains_paid_content":false,"footnotes":"","jetpack_publicize_message":"","jetpack_publicize_feature_enabled":true,"jetpack_social_post_already_shared":false,"jetpack_social_options":{"image_generator_settings":{"template":"highway","enabled":false},"version":2}},"categories":[1],"tags":[15,36],"class_list":["post-4450","post","type-post","status-publish","format-standard","has-post-thumbnail","hentry","category-la-piedad","tag-la-piedad","tag-principales"],"jetpack_publicize_connections":[],"jetpack_sharing_enabled":true,"featured_image_urls":{"full":["http:\/\/tvalaire.com\/wp-content\/uploads\/2018\/11\/0-4.jpg",1024,683,false],"thumbnail":["http:\/\/tvalaire.com\/wp-content\/uploads\/2018\/11\/0-4-150x150.jpg",150,150,true],"medium":["http:\/\/tvalaire.com\/wp-content\/uploads\/2018\/11\/0-4-300x200.jpg",300,200,true],"medium_large":["http:\/\/tvalaire.com\/wp-content\/uploads\/2018\/11\/0-4-768x512.jpg",640,427,true],"large":["http:\/\/tvalaire.com\/wp-content\/uploads\/2018\/11\/0-4-1024x683.jpg",640,427,true],"post-slider-thumb-size":["http:\/\/tvalaire.com\/wp-content\/uploads\/2018\/11\/0-4.jpg",285,190,false],"post-category-slider-size":["http:\/\/tvalaire.com\/wp-content\/uploads\/2018\/11\/0-4.jpg",330,220,false],"1536x1536":["http:\/\/tvalaire.com\/wp-content\/uploads\/2018\/11\/0-4.jpg",1024,683,false],"2048x2048":["http:\/\/tvalaire.com\/wp-content\/uploads\/2018\/11\/0-4.jpg",1024,683,false],"newsium-slider-full":["http:\/\/tvalaire.com\/wp-content\/uploads\/2018\/11\/0-4.jpg",1024,683,false],"newsium-featured":["http:\/\/tvalaire.com\/wp-content\/uploads\/2018\/11\/0-4.jpg",1024,683,false],"newsium-medium":["http:\/\/tvalaire.com\/wp-content\/uploads\/2018\/11\/0-4.jpg",712,475,false]},"author_info":{"info":["tvalairenoti"]},"category_info":"<a href=\"http:\/\/tvalaire.com\/?cat=1\" rel=\"category\">La Piedad<\/a>","tag_info":"La Piedad","comment_count":"0","jetpack_featured_media_url":"http:\/\/tvalaire.com\/wp-content\/uploads\/2018\/11\/0-4.jpg","_links":{"self":[{"href":"http:\/\/tvalaire.com\/index.php?rest_route=\/wp\/v2\/posts\/4450"}],"collection":[{"href":"http:\/\/tvalaire.com\/index.php?rest_route=\/wp\/v2\/posts"}],"about":[{"href":"http:\/\/tvalaire.com\/index.php?rest_route=\/wp\/v2\/types\/post"}],"author":[{"embeddable":true,"href":"http:\/\/tvalaire.com\/index.php?rest_route=\/wp\/v2\/users\/1"}],"replies":[{"embeddable":true,"href":"http:\/\/tvalaire.com\/index.php?rest_route=%2Fwp%2Fv2%2Fcomments&post=4450"}],"version-history":[{"count":1,"href":"http:\/\/tvalaire.com\/index.php?rest_route=\/wp\/v2\/posts\/4450\/revisions"}],"predecessor-version":[{"id":4452,"href":"http:\/\/tvalaire.com\/index.php?rest_route=\/wp\/v2\/posts\/4450\/revisions\/4452"}],"wp:featuredmedia":[{"embeddable":true,"href":"http:\/\/tvalaire.com\/index.php?rest_route=\/wp\/v2\/media\/4451"}],"wp:attachment":[{"href":"http:\/\/tvalaire.com\/index.php?rest_route=%2Fwp%2Fv2%2Fmedia&parent=4450"}],"wp:term":[{"taxonomy":"category","embeddable":true,"href":"http:\/\/tvalaire.com\/index.php?rest_route=%2Fwp%2Fv2%2Fcategories&post=4450"},{"taxonomy":"post_tag","embeddable":true,"href":"http:\/\/tvalaire.com\/index.php?rest_route=%2Fwp%2Fv2%2Ftags&post=4450"}],"curies":[{"name":"wp","href":"https:\/\/api.w.org\/{rel}","templated":true}]}}