{"id":4444,"date":"2018-10-16T17:01:04","date_gmt":"2018-10-16T22:01:04","guid":{"rendered":"http:\/\/tvalaire.com\/?p=4444"},"modified":"2018-11-14T17:02:30","modified_gmt":"2018-11-14T23:02:30","slug":"dif-la-piedad-acerca-servicios-medicos-en-empresas-locales","status":"publish","type":"post","link":"http:\/\/tvalaire.com\/?p=4444","title":{"rendered":"DIF LA PIEDAD ACERCA SERVICIOS M\u00c9DICOS EN EMPRESAS LOCALES"},"content":{"rendered":"<p>&nbsp;<\/p>\n<ul>\n<li><b>Trabaja DIF en colaboraci\u00f3n con el IMM para favorecer a la ciudadan\u00eda <\/b><\/li>\n<\/ul>\n<ul>\n<li>Se tiene pensado realizar la actividad una vez a la semana<\/li>\n<\/ul>\n<p>&nbsp;<\/p>\n<p>&nbsp;<\/p>\n<p><span style=\"font-weight: 400;\">Con el fin de acercar los diferentes servicios que brinda el Sistema para el Desarrollo Integral de la Familia (DIF) a la poblaci\u00f3n de La Piedad, se reactiv\u00f3 la Unidad M\u00e9dica M\u00f3vil en las instalaciones del Grupo BAFAR, donde el personal masculino y femenino fueron atendidos en el \u00e1rea de medicina general, dental, jur\u00eddico, nutricional, adem\u00e1s de entregar fichas para mastograf\u00edas \u00a0a las mujeres de m\u00e1s de 40 a\u00f1os en adelante.<\/span><\/p>\n<p><span style=\"font-weight: 400;\">La Presidenta del Sistema DIF, Liliana Flores Castro, coment\u00f3 que esta Unidad tiene como finalidad atender aquellas personas que por alguna circunstancia no pueden acudir directamente al DIF, por ello es que \u00e9sta iniciativa ayudar\u00e1 a brindar \u00a0asistencia social a colonias y comunidades del municipio, sobre todo aquellas m\u00e1s vulnerables.<\/span><\/p>\n<p><span style=\"font-weight: 400;\">Flores Castro, puntualiz\u00f3 que aparte de los servicios que tiene el DIF se trabajar\u00e1 en conjunto con otras direcciones \u00a0del gobierno para tener un equipo m\u00e1s completo durante cada visita, la cual se tiene planeado realizar una vez por semana.<\/span><\/p>\n<p><span style=\"font-weight: 400;\">Durante este mes, estar\u00e1 colaborando el Instituto Municipal de la Mujer (IMM), apoyando con fichas para que las f\u00e9minas puedan realizarse su estudio de mastograf\u00edas y as\u00ed prevenir enfermedades como el c\u00e1ncer, se\u00f1al\u00f3 la Presidenta.<\/span><\/p>\n<p><span style=\"font-weight: 400;\">Este mi\u00e9rcoles 17 se visitar\u00e1 la comunidad de San Juan El Fuerte en un horario de 9:00 de la ma\u00f1ana a 1:30 de la tarde, por lo que se hace una invitaci\u00f3n a las personas que viven ah\u00ed, para que se den la oportunidad y aprovechar los servicios que se ofrecen o bien para informarse de alg\u00fan programa en especial, finaliz\u00f3 Liliana Flores.<\/span><\/p>\n","protected":false},"excerpt":{"rendered":"<p>&nbsp; Trabaja DIF en colaboraci\u00f3n con el IMM para favorecer a la ciudadan\u00eda Se tiene&#8230;<\/p>\n","protected":false},"author":1,"featured_media":4445,"comment_status":"open","ping_status":"open","sticky":false,"template":"","format":"standard","meta":{"jetpack_post_was_ever_published":false,"_jetpack_newsletter_access":"","_jetpack_dont_email_post_to_subs":false,"_jetpack_newsletter_tier_id":0,"_jetpack_memberships_contains_paywalled_content":false,"_jetpack_memberships_contains_paid_content":false,"footnotes":"","jetpack_publicize_message":"","jetpack_publicize_feature_enabled":true,"jetpack_social_post_already_shared":false,"jetpack_social_options":{"image_generator_settings":{"template":"highway","enabled":false},"version":2}},"categories":[1],"tags":[15],"class_list":["post-4444","post","type-post","status-publish","format-standard","has-post-thumbnail","hentry","category-la-piedad","tag-la-piedad"],"jetpack_publicize_connections":[],"jetpack_sharing_enabled":true,"featured_image_urls":{"full":["http:\/\/tvalaire.com\/wp-content\/uploads\/2018\/11\/01-3-11.jpg",1650,1100,false],"thumbnail":["http:\/\/tvalaire.com\/wp-content\/uploads\/2018\/11\/01-3-11-150x150.jpg",150,150,true],"medium":["http:\/\/tvalaire.com\/wp-content\/uploads\/2018\/11\/01-3-11-300x200.jpg",300,200,true],"medium_large":["http:\/\/tvalaire.com\/wp-content\/uploads\/2018\/11\/01-3-11-768x512.jpg",640,427,true],"large":["http:\/\/tvalaire.com\/wp-content\/uploads\/2018\/11\/01-3-11-1024x683.jpg",640,427,true],"post-slider-thumb-size":["http:\/\/tvalaire.com\/wp-content\/uploads\/2018\/11\/01-3-11.jpg",285,190,false],"post-category-slider-size":["http:\/\/tvalaire.com\/wp-content\/uploads\/2018\/11\/01-3-11.jpg",330,220,false],"1536x1536":["http:\/\/tvalaire.com\/wp-content\/uploads\/2018\/11\/01-3-11.jpg",1536,1024,false],"2048x2048":["http:\/\/tvalaire.com\/wp-content\/uploads\/2018\/11\/01-3-11.jpg",1650,1100,false],"newsium-slider-full":["http:\/\/tvalaire.com\/wp-content\/uploads\/2018\/11\/01-3-11.jpg",1268,845,false],"newsium-featured":["http:\/\/tvalaire.com\/wp-content\/uploads\/2018\/11\/01-3-11.jpg",1024,683,false],"newsium-medium":["http:\/\/tvalaire.com\/wp-content\/uploads\/2018\/11\/01-3-11.jpg",713,475,false]},"author_info":{"info":["tvalairenoti"]},"category_info":"<a href=\"http:\/\/tvalaire.com\/?cat=1\" rel=\"category\">La Piedad<\/a>","tag_info":"La Piedad","comment_count":"0","jetpack_featured_media_url":"http:\/\/tvalaire.com\/wp-content\/uploads\/2018\/11\/01-3-11.jpg","_links":{"self":[{"href":"http:\/\/tvalaire.com\/index.php?rest_route=\/wp\/v2\/posts\/4444"}],"collection":[{"href":"http:\/\/tvalaire.com\/index.php?rest_route=\/wp\/v2\/posts"}],"about":[{"href":"http:\/\/tvalaire.com\/index.php?rest_route=\/wp\/v2\/types\/post"}],"author":[{"embeddable":true,"href":"http:\/\/tvalaire.com\/index.php?rest_route=\/wp\/v2\/users\/1"}],"replies":[{"embeddable":true,"href":"http:\/\/tvalaire.com\/index.php?rest_route=%2Fwp%2Fv2%2Fcomments&post=4444"}],"version-history":[{"count":1,"href":"http:\/\/tvalaire.com\/index.php?rest_route=\/wp\/v2\/posts\/4444\/revisions"}],"predecessor-version":[{"id":4446,"href":"http:\/\/tvalaire.com\/index.php?rest_route=\/wp\/v2\/posts\/4444\/revisions\/4446"}],"wp:featuredmedia":[{"embeddable":true,"href":"http:\/\/tvalaire.com\/index.php?rest_route=\/wp\/v2\/media\/4445"}],"wp:attachment":[{"href":"http:\/\/tvalaire.com\/index.php?rest_route=%2Fwp%2Fv2%2Fmedia&parent=4444"}],"wp:term":[{"taxonomy":"category","embeddable":true,"href":"http:\/\/tvalaire.com\/index.php?rest_route=%2Fwp%2Fv2%2Fcategories&post=4444"},{"taxonomy":"post_tag","embeddable":true,"href":"http:\/\/tvalaire.com\/index.php?rest_route=%2Fwp%2Fv2%2Ftags&post=4444"}],"curies":[{"name":"wp","href":"https:\/\/api.w.org\/{rel}","templated":true}]}}