{"id":4435,"date":"2018-10-12T16:57:10","date_gmt":"2018-10-12T21:57:10","guid":{"rendered":"http:\/\/tvalaire.com\/?p=4435"},"modified":"2018-11-14T16:58:16","modified_gmt":"2018-11-14T22:58:16","slug":"conmemora-gobierno-el-526-aniversario-del-descubrimiento-de-america","status":"publish","type":"post","link":"http:\/\/tvalaire.com\/?p=4435","title":{"rendered":"CONMEMORA GOBIERNO EL 526 ANIVERSARIO DEL DESCUBRIMIENTO DE AM\u00c9RICA"},"content":{"rendered":"<p>&nbsp;<\/p>\n<ul>\n<li><b>En M\u00e9xico desde el a\u00f1o 2010 se festeja este d\u00eda como de la Diversidad Cultural Americana<\/b><\/li>\n<\/ul>\n<ul>\n<li>Preside Alex Espinoza acto c\u00edvico en el Teatro del Pueblo<\/li>\n<\/ul>\n<p>&nbsp;<\/p>\n<p><span style=\"font-weight: 400;\">El Presidente Municipal Alex Espinoza encabez\u00f3 el tradicional acto por el 526 Aniversario del Descubrimiento de Am\u00e9rica, en donde la regidora Sukey Silva Alvarado oradora oficial, record\u00f3 que en el a\u00f1o 2010 el Poder Ejecutivo Nacional env\u00edo al Congreso un proyecto de ley para modificar el nombre de D\u00eda de la Raza por el de D\u00eda de la Diversidad Cultural Mexicana.<\/span><\/p>\n<p><span style=\"font-weight: 400;\">Es por ello, dijo, que en esta fecha se promueve la reflexi\u00f3n hist\u00f3rica y el di\u00e1logo intercultural acerca de los derechos de los pueblos originarios. \u201cEste d\u00eda invita a la reflexi\u00f3n acerca del 12 de octubre como fecha importante e hist\u00f3rica que debe de entenderse desde una mirada cr\u00edtica de lo que sucedi\u00f3 para conocer nuestro pasado, comprender nuestro presente y construir nuestro futuro\u201d, expuso.<\/span><\/p>\n<p><span style=\"font-weight: 400;\">El acto oficial se llev\u00f3 a cabo en el Teatro del Pueblo lo presidi\u00f3 el alcalde Alex Espinoza; la S\u00edndico Esther Naranjo Armend\u00e1riz; el Secretario del Ayuntamiento, Samuel Hidalgo Gallardo; Regidores; el director de Educaci\u00f3n Horacio Mart\u00edn S\u00e1nchez Molina; el profesor Mart\u00edn Juan Carlos Camacho de la supervisi\u00f3n 197 de primarias; Mar\u00eda del Carmen \u00c1lvarez supervisora de Preescolar; Mar\u00eda Alejandra \u00c1lvarez C\u00e1zares directora del colegio Pierre Faure a quien correspondi\u00f3 la organizaci\u00f3n del evento.<\/span><\/p>\n<p><span style=\"font-weight: 400;\">En el evento se rindieron honores a la Bandera y se enton\u00f3 el Himno Nacional y la profesora Mar\u00eda Fernanda Olivares, dio a conocer la biograf\u00eda de Crist\u00f3bal Col\u00f3n, seguida de una poes\u00eda coral y la presentaci\u00f3n prehisp\u00e1nica del grupo Azteca quien ofreci\u00f3 varias danzas en honor a esta fecha en la que se conmemora el D\u00eda de la Raza.<\/span><\/p>\n<p><span style=\"font-weight: 400;\">Tambi\u00e9n se cont\u00f3 con grupos de alumnos de las escuelas primarias Melchor Ocampo en sus turnos matutino y vespertino; la Francisco J. M\u00fajica turno vespertino, el colegio G\u00e9neris, el Fray Pedro de Gante y la banda de guerra del CONALEP.<\/span><\/p>\n","protected":false},"excerpt":{"rendered":"<p>&nbsp; En M\u00e9xico desde el a\u00f1o 2010 se festeja este d\u00eda como de la Diversidad&#8230;<\/p>\n","protected":false},"author":1,"featured_media":4436,"comment_status":"open","ping_status":"open","sticky":false,"template":"","format":"standard","meta":{"jetpack_post_was_ever_published":false,"_jetpack_newsletter_access":"","_jetpack_dont_email_post_to_subs":false,"_jetpack_newsletter_tier_id":0,"_jetpack_memberships_contains_paywalled_content":false,"_jetpack_memberships_contains_paid_content":false,"footnotes":"","jetpack_publicize_message":"","jetpack_publicize_feature_enabled":true,"jetpack_social_post_already_shared":false,"jetpack_social_options":{"image_generator_settings":{"template":"highway","enabled":false},"version":2}},"categories":[1],"tags":[15,36],"class_list":["post-4435","post","type-post","status-publish","format-standard","has-post-thumbnail","hentry","category-la-piedad","tag-la-piedad","tag-principales"],"jetpack_publicize_connections":[],"jetpack_sharing_enabled":true,"featured_image_urls":{"full":["http:\/\/tvalaire.com\/wp-content\/uploads\/2018\/11\/01-2-8.jpg",1024,683,false],"thumbnail":["http:\/\/tvalaire.com\/wp-content\/uploads\/2018\/11\/01-2-8-150x150.jpg",150,150,true],"medium":["http:\/\/tvalaire.com\/wp-content\/uploads\/2018\/11\/01-2-8-300x200.jpg",300,200,true],"medium_large":["http:\/\/tvalaire.com\/wp-content\/uploads\/2018\/11\/01-2-8-768x512.jpg",640,427,true],"large":["http:\/\/tvalaire.com\/wp-content\/uploads\/2018\/11\/01-2-8-1024x683.jpg",640,427,true],"post-slider-thumb-size":["http:\/\/tvalaire.com\/wp-content\/uploads\/2018\/11\/01-2-8.jpg",285,190,false],"post-category-slider-size":["http:\/\/tvalaire.com\/wp-content\/uploads\/2018\/11\/01-2-8.jpg",330,220,false],"1536x1536":["http:\/\/tvalaire.com\/wp-content\/uploads\/2018\/11\/01-2-8.jpg",1024,683,false],"2048x2048":["http:\/\/tvalaire.com\/wp-content\/uploads\/2018\/11\/01-2-8.jpg",1024,683,false],"newsium-slider-full":["http:\/\/tvalaire.com\/wp-content\/uploads\/2018\/11\/01-2-8.jpg",1024,683,false],"newsium-featured":["http:\/\/tvalaire.com\/wp-content\/uploads\/2018\/11\/01-2-8.jpg",1024,683,false],"newsium-medium":["http:\/\/tvalaire.com\/wp-content\/uploads\/2018\/11\/01-2-8.jpg",712,475,false]},"author_info":{"info":["tvalairenoti"]},"category_info":"<a href=\"http:\/\/tvalaire.com\/?cat=1\" rel=\"category\">La Piedad<\/a>","tag_info":"La Piedad","comment_count":"0","jetpack_featured_media_url":"http:\/\/tvalaire.com\/wp-content\/uploads\/2018\/11\/01-2-8.jpg","_links":{"self":[{"href":"http:\/\/tvalaire.com\/index.php?rest_route=\/wp\/v2\/posts\/4435"}],"collection":[{"href":"http:\/\/tvalaire.com\/index.php?rest_route=\/wp\/v2\/posts"}],"about":[{"href":"http:\/\/tvalaire.com\/index.php?rest_route=\/wp\/v2\/types\/post"}],"author":[{"embeddable":true,"href":"http:\/\/tvalaire.com\/index.php?rest_route=\/wp\/v2\/users\/1"}],"replies":[{"embeddable":true,"href":"http:\/\/tvalaire.com\/index.php?rest_route=%2Fwp%2Fv2%2Fcomments&post=4435"}],"version-history":[{"count":1,"href":"http:\/\/tvalaire.com\/index.php?rest_route=\/wp\/v2\/posts\/4435\/revisions"}],"predecessor-version":[{"id":4437,"href":"http:\/\/tvalaire.com\/index.php?rest_route=\/wp\/v2\/posts\/4435\/revisions\/4437"}],"wp:featuredmedia":[{"embeddable":true,"href":"http:\/\/tvalaire.com\/index.php?rest_route=\/wp\/v2\/media\/4436"}],"wp:attachment":[{"href":"http:\/\/tvalaire.com\/index.php?rest_route=%2Fwp%2Fv2%2Fmedia&parent=4435"}],"wp:term":[{"taxonomy":"category","embeddable":true,"href":"http:\/\/tvalaire.com\/index.php?rest_route=%2Fwp%2Fv2%2Fcategories&post=4435"},{"taxonomy":"post_tag","embeddable":true,"href":"http:\/\/tvalaire.com\/index.php?rest_route=%2Fwp%2Fv2%2Ftags&post=4435"}],"curies":[{"name":"wp","href":"https:\/\/api.w.org\/{rel}","templated":true}]}}