{"id":4420,"date":"2018-10-09T16:51:18","date_gmt":"2018-10-09T21:51:18","guid":{"rendered":"http:\/\/tvalaire.com\/?p=4420"},"modified":"2018-11-14T16:52:19","modified_gmt":"2018-11-14T22:52:19","slug":"reconstruiran-techo-de-dos-aulas-educativas-en-la-escuela-primaria-emiliano-zapata","status":"publish","type":"post","link":"http:\/\/tvalaire.com\/?p=4420","title":{"rendered":"RECONSTRUIR\u00c1N TECHO DE DOS AULAS EDUCATIVAS EN LA ESCUELA PRIMARIA \u201cEMILIANO ZAPATA\u201d"},"content":{"rendered":"<p>&nbsp;<\/p>\n<ul>\n<li><b>Generar mejores condiciones y espacios m\u00e1s dignos es la meta<\/b><\/li>\n<\/ul>\n<ul>\n<li>Inform\u00f3 Alcalde que en noviembre se estar\u00e1n dando los apoyos a ni\u00f1os becas<\/li>\n<\/ul>\n<p>&nbsp;<\/p>\n<p><span style=\"font-weight: 400;\">Para dar cumplimiento con uno de los compromisos establecidos con personal directivo y padres de familia, el Presidente Municipal Alex Espinoza dio inicio con la primera obra de su gobierno, la cual trata de la demolici\u00f3n y construcci\u00f3n del techo de dos aulas educativas en la escuela primaria \u201cEmiliano Zapata\u201d de Ciudad del Sol.<\/span><\/p>\n<p><span style=\"font-weight: 400;\">La obra, seg\u00fan el constructor estar\u00e1 lista en un lapso de un mes, mientras tanto el \u00e1rea donde se labora se encuentra acordonada para evitar el paso de alumnos a este espacio.<\/span><\/p>\n<p><span style=\"font-weight: 400;\">El Alcalde en su intervenci\u00f3n, hizo patente su compromiso y el apoyo a la educaci\u00f3n que se dar\u00e1 no s\u00f3lo a trav\u00e9s de la entrega de becas, sino en generar mejores condiciones para los alumnos con el fin de que cuenten con espacios m\u00e1s dignos.<\/span><\/p>\n<p><span style=\"font-weight: 400;\">A su vez pidi\u00f3 a los padres de familia y maestros, no dejarse enga\u00f1ar por quienes aseguran que no habr\u00eda apoyos e inform\u00f3 que en noviembre estar\u00e1n en condiciones de entregar las becas municipales correspondientes a los meses de septiembre y octubre a pesar de estar en una situaci\u00f3n econ\u00f3mica complicada por la deuda y desv\u00edos financieros encontrados por casi 120 millones de pesos.<\/span><\/p>\n<p><span style=\"font-weight: 400;\">Hecho que dijo, no los habr\u00e1 de detener para proyectar y realizar obras, mejorar todos los servicios o reactivar los Centros Comunitarios, ya que para su gobierno lo m\u00e1s importante son los ciudadanos.<\/span><\/p>\n<p><span style=\"font-weight: 400;\">Indic\u00f3 que durante su visita como Alcalde a esta escuela, encontr\u00f3 varias necesidades pero se prioriz\u00f3 cada una de ellas para atenderlas paso a paso y en este sentido, lo primero es el techo ya que por su estado, pon\u00eda en riesgo la integridad de los ni\u00f1os, de ah\u00ed que los trabajos se realizar\u00e1n de forma ininterrumpida hasta el t\u00e9rmino del mismo.<\/span><\/p>\n<p><span style=\"font-weight: 400;\">Durante el inicio de los trabajos, el Presidente Municipal fue recibido por maestros, padres de familia, alumnos y los profesores Celia Arellano Carrillo y Tom\u00e1s Medina S\u00e1nchez directores de los turnos matutino y vespertino respectivamente, quienes agradecieron por la respuesta que encontraron.<\/span><\/p>\n<p><span style=\"font-weight: 400;\">Tom\u00e1s Medina S\u00e1nchez a nombre de la comunidad educativa, agradeci\u00f3 al mun\u00edcipe por su apoyo y solicit\u00f3 no <\/span><i><span style=\"font-weight: 400;\">soltar<\/span><\/i><span style=\"font-weight: 400;\"> este plantel, que requiere de mucho trabajo para su rehabilitaci\u00f3n en varios puntos, en los cuales tanto maestros como padres de familia est\u00e1n dispuestos a apoyar y cooperar.<\/span><\/p>\n","protected":false},"excerpt":{"rendered":"<p>&nbsp; Generar mejores condiciones y espacios m\u00e1s dignos es la meta Inform\u00f3 Alcalde que en&#8230;<\/p>\n","protected":false},"author":1,"featured_media":4421,"comment_status":"open","ping_status":"open","sticky":false,"template":"","format":"standard","meta":{"jetpack_post_was_ever_published":false,"_jetpack_newsletter_access":"","_jetpack_dont_email_post_to_subs":false,"_jetpack_newsletter_tier_id":0,"_jetpack_memberships_contains_paywalled_content":false,"_jetpack_memberships_contains_paid_content":false,"footnotes":"","jetpack_publicize_message":"","jetpack_publicize_feature_enabled":true,"jetpack_social_post_already_shared":false,"jetpack_social_options":{"image_generator_settings":{"template":"highway","enabled":false},"version":2}},"categories":[1],"tags":[15,36],"class_list":["post-4420","post","type-post","status-publish","format-standard","has-post-thumbnail","hentry","category-la-piedad","tag-la-piedad","tag-principales"],"jetpack_publicize_connections":[],"jetpack_sharing_enabled":true,"featured_image_urls":{"full":["http:\/\/tvalaire.com\/wp-content\/uploads\/2018\/11\/01-7-1.jpg",1024,683,false],"thumbnail":["http:\/\/tvalaire.com\/wp-content\/uploads\/2018\/11\/01-7-1-150x150.jpg",150,150,true],"medium":["http:\/\/tvalaire.com\/wp-content\/uploads\/2018\/11\/01-7-1-300x200.jpg",300,200,true],"medium_large":["http:\/\/tvalaire.com\/wp-content\/uploads\/2018\/11\/01-7-1-768x512.jpg",640,427,true],"large":["http:\/\/tvalaire.com\/wp-content\/uploads\/2018\/11\/01-7-1-1024x683.jpg",640,427,true],"post-slider-thumb-size":["http:\/\/tvalaire.com\/wp-content\/uploads\/2018\/11\/01-7-1.jpg",285,190,false],"post-category-slider-size":["http:\/\/tvalaire.com\/wp-content\/uploads\/2018\/11\/01-7-1.jpg",330,220,false],"1536x1536":["http:\/\/tvalaire.com\/wp-content\/uploads\/2018\/11\/01-7-1.jpg",1024,683,false],"2048x2048":["http:\/\/tvalaire.com\/wp-content\/uploads\/2018\/11\/01-7-1.jpg",1024,683,false],"newsium-slider-full":["http:\/\/tvalaire.com\/wp-content\/uploads\/2018\/11\/01-7-1.jpg",1024,683,false],"newsium-featured":["http:\/\/tvalaire.com\/wp-content\/uploads\/2018\/11\/01-7-1.jpg",1024,683,false],"newsium-medium":["http:\/\/tvalaire.com\/wp-content\/uploads\/2018\/11\/01-7-1.jpg",712,475,false]},"author_info":{"info":["tvalairenoti"]},"category_info":"<a href=\"http:\/\/tvalaire.com\/?cat=1\" rel=\"category\">La Piedad<\/a>","tag_info":"La Piedad","comment_count":"0","jetpack_featured_media_url":"http:\/\/tvalaire.com\/wp-content\/uploads\/2018\/11\/01-7-1.jpg","_links":{"self":[{"href":"http:\/\/tvalaire.com\/index.php?rest_route=\/wp\/v2\/posts\/4420"}],"collection":[{"href":"http:\/\/tvalaire.com\/index.php?rest_route=\/wp\/v2\/posts"}],"about":[{"href":"http:\/\/tvalaire.com\/index.php?rest_route=\/wp\/v2\/types\/post"}],"author":[{"embeddable":true,"href":"http:\/\/tvalaire.com\/index.php?rest_route=\/wp\/v2\/users\/1"}],"replies":[{"embeddable":true,"href":"http:\/\/tvalaire.com\/index.php?rest_route=%2Fwp%2Fv2%2Fcomments&post=4420"}],"version-history":[{"count":1,"href":"http:\/\/tvalaire.com\/index.php?rest_route=\/wp\/v2\/posts\/4420\/revisions"}],"predecessor-version":[{"id":4422,"href":"http:\/\/tvalaire.com\/index.php?rest_route=\/wp\/v2\/posts\/4420\/revisions\/4422"}],"wp:featuredmedia":[{"embeddable":true,"href":"http:\/\/tvalaire.com\/index.php?rest_route=\/wp\/v2\/media\/4421"}],"wp:attachment":[{"href":"http:\/\/tvalaire.com\/index.php?rest_route=%2Fwp%2Fv2%2Fmedia&parent=4420"}],"wp:term":[{"taxonomy":"category","embeddable":true,"href":"http:\/\/tvalaire.com\/index.php?rest_route=%2Fwp%2Fv2%2Fcategories&post=4420"},{"taxonomy":"post_tag","embeddable":true,"href":"http:\/\/tvalaire.com\/index.php?rest_route=%2Fwp%2Fv2%2Ftags&post=4420"}],"curies":[{"name":"wp","href":"https:\/\/api.w.org\/{rel}","templated":true}]}}