{"id":4411,"date":"2018-10-05T16:48:24","date_gmt":"2018-10-05T21:48:24","guid":{"rendered":"http:\/\/tvalaire.com\/?p=4411"},"modified":"2018-11-14T16:49:00","modified_gmt":"2018-11-14T22:49:00","slug":"la-piedad-presente-en-el-foro-para-prevenir-la-violencia-contra-servidoras-publicas","status":"publish","type":"post","link":"http:\/\/tvalaire.com\/?p=4411","title":{"rendered":"LA PIEDAD PRESENTE EN EL FORO PARA PREVENIR LA VIOLENCIA CONTRA SERVIDORAS P\u00daBLICAS"},"content":{"rendered":"<p>&nbsp;<\/p>\n<ul>\n<li><b>La Presidenta del DIF y del Instituto de la Mujer participaron del evento<\/b><\/li>\n<\/ul>\n<ul>\n<li>Se delinearon propuestas para la creaci\u00f3n de pol\u00edticas p\u00fablicas<\/li>\n<\/ul>\n<p>&nbsp;<\/p>\n<p><span style=\"font-weight: 400;\">Liliana Flores Castro, Presidenta del DIF Municipal y Claudia Eugenia Buenrostro D\u00edaz, asistieron al Foro para Prevenir y Erradicar la Violencia Pol\u00edtica contra las Servidoras P\u00fablicas que encabez\u00f3 en Morelia la doctora Flavia Freidenberg del Instituto de Investigaciones Jur\u00eddicas de la UNAM.<\/span><\/p>\n<p><span style=\"font-weight: 400;\">Dicho evento que fue realizado en la capital michoacana fue organizado por la Secretar\u00eda de Igualdad Sustantiva y Desarrollo de las Mujeres (SEIMUJER), entre otras instituciones de Gobierno.<\/span><\/p>\n<p><span style=\"font-weight: 400;\">El objetivo de este foro, fue el establecer las pol\u00edticas p\u00fablicas encaminadas a la violencia que se ejerce en contra de las servidoras p\u00fablicas, as\u00ed como al resto de las mujeres en Michoac\u00e1n.<\/span><\/p>\n<p><span style=\"font-weight: 400;\">Durante el foro se dise\u00f1aron las estrategias para prevenir esta violencia de g\u00e9nero, con el fin de que mujeres puedan llegar a utilizar los diversos espacios p\u00fablicos, sociales y culturales mediante mecanismos que les garantice su permanencia y en los que est\u00e9n libres de la violencia.<\/span><\/p>\n<p><span style=\"font-weight: 400;\">Al respecto, la directora del Instituto Municipal de la Mujer (IMM) indic\u00f3 que de manera posterior, se capacitar\u00e1 sobre el tema a las y los servidores p\u00fablicos de esta ciudad.<\/span><\/p>\n","protected":false},"excerpt":{"rendered":"<p>&nbsp; La Presidenta del DIF y del Instituto de la Mujer participaron del evento Se&#8230;<\/p>\n","protected":false},"author":1,"featured_media":4412,"comment_status":"open","ping_status":"open","sticky":false,"template":"","format":"standard","meta":{"jetpack_post_was_ever_published":false,"_jetpack_newsletter_access":"","_jetpack_dont_email_post_to_subs":false,"_jetpack_newsletter_tier_id":0,"_jetpack_memberships_contains_paywalled_content":false,"_jetpack_memberships_contains_paid_content":false,"footnotes":"","jetpack_publicize_message":"","jetpack_publicize_feature_enabled":true,"jetpack_social_post_already_shared":false,"jetpack_social_options":{"image_generator_settings":{"template":"highway","enabled":false},"version":2}},"categories":[1],"tags":[15,36],"class_list":["post-4411","post","type-post","status-publish","format-standard","has-post-thumbnail","hentry","category-la-piedad","tag-la-piedad","tag-principales"],"jetpack_publicize_connections":[],"jetpack_sharing_enabled":true,"featured_image_urls":{"full":["http:\/\/tvalaire.com\/wp-content\/uploads\/2018\/11\/01-3-1.jpeg",1280,1133,false],"thumbnail":["http:\/\/tvalaire.com\/wp-content\/uploads\/2018\/11\/01-3-1-150x150.jpeg",150,150,true],"medium":["http:\/\/tvalaire.com\/wp-content\/uploads\/2018\/11\/01-3-1-300x266.jpeg",300,266,true],"medium_large":["http:\/\/tvalaire.com\/wp-content\/uploads\/2018\/11\/01-3-1-768x680.jpeg",640,567,true],"large":["http:\/\/tvalaire.com\/wp-content\/uploads\/2018\/11\/01-3-1-1024x906.jpeg",640,566,true],"post-slider-thumb-size":["http:\/\/tvalaire.com\/wp-content\/uploads\/2018\/11\/01-3-1.jpeg",215,190,false],"post-category-slider-size":["http:\/\/tvalaire.com\/wp-content\/uploads\/2018\/11\/01-3-1.jpeg",330,292,false],"1536x1536":["http:\/\/tvalaire.com\/wp-content\/uploads\/2018\/11\/01-3-1.jpeg",1280,1133,false],"2048x2048":["http:\/\/tvalaire.com\/wp-content\/uploads\/2018\/11\/01-3-1.jpeg",1280,1133,false],"newsium-slider-full":["http:\/\/tvalaire.com\/wp-content\/uploads\/2018\/11\/01-3-1.jpeg",955,845,false],"newsium-featured":["http:\/\/tvalaire.com\/wp-content\/uploads\/2018\/11\/01-3-1.jpeg",1024,906,false],"newsium-medium":["http:\/\/tvalaire.com\/wp-content\/uploads\/2018\/11\/01-3-1.jpeg",537,475,false]},"author_info":{"info":["tvalairenoti"]},"category_info":"<a href=\"http:\/\/tvalaire.com\/?cat=1\" rel=\"category\">La Piedad<\/a>","tag_info":"La Piedad","comment_count":"0","jetpack_featured_media_url":"http:\/\/tvalaire.com\/wp-content\/uploads\/2018\/11\/01-3-1.jpeg","_links":{"self":[{"href":"http:\/\/tvalaire.com\/index.php?rest_route=\/wp\/v2\/posts\/4411"}],"collection":[{"href":"http:\/\/tvalaire.com\/index.php?rest_route=\/wp\/v2\/posts"}],"about":[{"href":"http:\/\/tvalaire.com\/index.php?rest_route=\/wp\/v2\/types\/post"}],"author":[{"embeddable":true,"href":"http:\/\/tvalaire.com\/index.php?rest_route=\/wp\/v2\/users\/1"}],"replies":[{"embeddable":true,"href":"http:\/\/tvalaire.com\/index.php?rest_route=%2Fwp%2Fv2%2Fcomments&post=4411"}],"version-history":[{"count":1,"href":"http:\/\/tvalaire.com\/index.php?rest_route=\/wp\/v2\/posts\/4411\/revisions"}],"predecessor-version":[{"id":4413,"href":"http:\/\/tvalaire.com\/index.php?rest_route=\/wp\/v2\/posts\/4411\/revisions\/4413"}],"wp:featuredmedia":[{"embeddable":true,"href":"http:\/\/tvalaire.com\/index.php?rest_route=\/wp\/v2\/media\/4412"}],"wp:attachment":[{"href":"http:\/\/tvalaire.com\/index.php?rest_route=%2Fwp%2Fv2%2Fmedia&parent=4411"}],"wp:term":[{"taxonomy":"category","embeddable":true,"href":"http:\/\/tvalaire.com\/index.php?rest_route=%2Fwp%2Fv2%2Fcategories&post=4411"},{"taxonomy":"post_tag","embeddable":true,"href":"http:\/\/tvalaire.com\/index.php?rest_route=%2Fwp%2Fv2%2Ftags&post=4411"}],"curies":[{"name":"wp","href":"https:\/\/api.w.org\/{rel}","templated":true}]}}