{"id":4399,"date":"2018-10-04T16:44:03","date_gmt":"2018-10-04T21:44:03","guid":{"rendered":"http:\/\/tvalaire.com\/?p=4399"},"modified":"2018-11-14T16:44:38","modified_gmt":"2018-11-14T22:44:38","slug":"continuan-los-trabajos-de-limpieza-ahora-en-el-malecon","status":"publish","type":"post","link":"http:\/\/tvalaire.com\/?p=4399","title":{"rendered":"CONTIN\u00daAN LOS TRABAJOS DE LIMPIEZA; AHORA EN EL MALEC\u00d3N"},"content":{"rendered":"<p>&nbsp;<\/p>\n<ul>\n<li><b>Realizan retiro de basura y lavado de las calles donde hab\u00eda agua encharcada<\/b><\/li>\n<\/ul>\n<ul>\n<li>Servicios P\u00fablicos con el apoyo de Obras P\u00fablicas realiza las acciones<\/li>\n<\/ul>\n<p>&nbsp;<\/p>\n<p>&nbsp;<\/p>\n<p><span style=\"font-weight: 400;\">El Gobierno Municipal a trav\u00e9s de dependencias como Servicios y Obras P\u00fablicas mantiene los trabajos de limpieza en las zonas afectadas por la creciente del r\u00edo Lerma.<\/span><\/p>\n<p><span style=\"font-weight: 400;\">En este caso, el personal se concentr\u00f3 en El Malec\u00f3n luego de que el nivel del agua y encharcamiento comenz\u00f3 a descender y de inmediato se iniciaron acciones de limpieza, mediante el retiro de maleza y lavado de diversas calles como Acapulco, Mazatl\u00e1n, Puerto Vallarta, Canc\u00fan y Cabos.<\/span><\/p>\n<p><span style=\"font-weight: 400;\">En lo que corresponde a la avenida El Malec\u00f3n, todav\u00eda hay un espacio donde hay un encharcamiento el cual se espera que comience a descender en las pr\u00f3ximas horas con el fin de retomar las acciones de limpieza.<\/span><\/p>\n<p><span style=\"font-weight: 400;\">Personal de Obras P\u00fablicas, de igual manera se concentr\u00f3 en otros puntos de la ciudad en donde realiza trabajos de retiro de piedras y tierra arrastrada por la corriente de agua en calles como Tom\u00e1s Penilla, Francisco Mendoza en Las Colonias, Juana de Asbaje, Tabachines, Avenida Michoac\u00e1n, Juan Pablo II, Eduardo Villase\u00f1or, Francisco Villa, Cosmos, avenida Constelaciones y bulevar de las Galaxias en Ciudad del Sol, Nueva L\u00e1zaro C\u00e1rdenas, R\u00edo Amazonas, R\u00edo Tames\u00ed, R\u00edo Colorado y Coahuila en la colonia San Rafael.<\/span><\/p>\n","protected":false},"excerpt":{"rendered":"<p>&nbsp; Realizan retiro de basura y lavado de las calles donde hab\u00eda agua encharcada Servicios&#8230;<\/p>\n","protected":false},"author":1,"featured_media":4400,"comment_status":"open","ping_status":"open","sticky":false,"template":"","format":"standard","meta":{"jetpack_post_was_ever_published":false,"_jetpack_newsletter_access":"","_jetpack_dont_email_post_to_subs":false,"_jetpack_newsletter_tier_id":0,"_jetpack_memberships_contains_paywalled_content":false,"_jetpack_memberships_contains_paid_content":false,"footnotes":"","jetpack_publicize_message":"","jetpack_publicize_feature_enabled":true,"jetpack_social_post_already_shared":false,"jetpack_social_options":{"image_generator_settings":{"template":"highway","enabled":false},"version":2}},"categories":[1],"tags":[15,36],"class_list":["post-4399","post","type-post","status-publish","format-standard","has-post-thumbnail","hentry","category-la-piedad","tag-la-piedad","tag-principales"],"jetpack_publicize_connections":[],"jetpack_sharing_enabled":true,"featured_image_urls":{"full":["http:\/\/tvalaire.com\/wp-content\/uploads\/2018\/11\/01-12-1.jpg",756,580,false],"thumbnail":["http:\/\/tvalaire.com\/wp-content\/uploads\/2018\/11\/01-12-1-150x150.jpg",150,150,true],"medium":["http:\/\/tvalaire.com\/wp-content\/uploads\/2018\/11\/01-12-1-300x230.jpg",300,230,true],"medium_large":["http:\/\/tvalaire.com\/wp-content\/uploads\/2018\/11\/01-12-1.jpg",640,491,false],"large":["http:\/\/tvalaire.com\/wp-content\/uploads\/2018\/11\/01-12-1.jpg",640,491,false],"post-slider-thumb-size":["http:\/\/tvalaire.com\/wp-content\/uploads\/2018\/11\/01-12-1.jpg",248,190,false],"post-category-slider-size":["http:\/\/tvalaire.com\/wp-content\/uploads\/2018\/11\/01-12-1.jpg",330,253,false],"1536x1536":["http:\/\/tvalaire.com\/wp-content\/uploads\/2018\/11\/01-12-1.jpg",756,580,false],"2048x2048":["http:\/\/tvalaire.com\/wp-content\/uploads\/2018\/11\/01-12-1.jpg",756,580,false],"newsium-slider-full":["http:\/\/tvalaire.com\/wp-content\/uploads\/2018\/11\/01-12-1.jpg",756,580,false],"newsium-featured":["http:\/\/tvalaire.com\/wp-content\/uploads\/2018\/11\/01-12-1.jpg",756,580,false],"newsium-medium":["http:\/\/tvalaire.com\/wp-content\/uploads\/2018\/11\/01-12-1.jpg",619,475,false]},"author_info":{"info":["tvalairenoti"]},"category_info":"<a href=\"http:\/\/tvalaire.com\/?cat=1\" rel=\"category\">La Piedad<\/a>","tag_info":"La Piedad","comment_count":"0","jetpack_featured_media_url":"http:\/\/tvalaire.com\/wp-content\/uploads\/2018\/11\/01-12-1.jpg","_links":{"self":[{"href":"http:\/\/tvalaire.com\/index.php?rest_route=\/wp\/v2\/posts\/4399"}],"collection":[{"href":"http:\/\/tvalaire.com\/index.php?rest_route=\/wp\/v2\/posts"}],"about":[{"href":"http:\/\/tvalaire.com\/index.php?rest_route=\/wp\/v2\/types\/post"}],"author":[{"embeddable":true,"href":"http:\/\/tvalaire.com\/index.php?rest_route=\/wp\/v2\/users\/1"}],"replies":[{"embeddable":true,"href":"http:\/\/tvalaire.com\/index.php?rest_route=%2Fwp%2Fv2%2Fcomments&post=4399"}],"version-history":[{"count":1,"href":"http:\/\/tvalaire.com\/index.php?rest_route=\/wp\/v2\/posts\/4399\/revisions"}],"predecessor-version":[{"id":4401,"href":"http:\/\/tvalaire.com\/index.php?rest_route=\/wp\/v2\/posts\/4399\/revisions\/4401"}],"wp:featuredmedia":[{"embeddable":true,"href":"http:\/\/tvalaire.com\/index.php?rest_route=\/wp\/v2\/media\/4400"}],"wp:attachment":[{"href":"http:\/\/tvalaire.com\/index.php?rest_route=%2Fwp%2Fv2%2Fmedia&parent=4399"}],"wp:term":[{"taxonomy":"category","embeddable":true,"href":"http:\/\/tvalaire.com\/index.php?rest_route=%2Fwp%2Fv2%2Fcategories&post=4399"},{"taxonomy":"post_tag","embeddable":true,"href":"http:\/\/tvalaire.com\/index.php?rest_route=%2Fwp%2Fv2%2Ftags&post=4399"}],"curies":[{"name":"wp","href":"https:\/\/api.w.org\/{rel}","templated":true}]}}