{"id":4393,"date":"2018-10-04T16:41:14","date_gmt":"2018-10-04T21:41:14","guid":{"rendered":"http:\/\/tvalaire.com\/?p=4393"},"modified":"2018-11-14T16:42:15","modified_gmt":"2018-11-14T22:42:15","slug":"sortean-lugares-a-contingentes-para-desfile-de-banderas","status":"publish","type":"post","link":"http:\/\/tvalaire.com\/?p=4393","title":{"rendered":"SORTEAN LUGARES A CONTINGENTES PARA DESFILE DE BANDERAS"},"content":{"rendered":"<p>&nbsp;<\/p>\n<ul>\n<li><b>Ser\u00e1 el 24 de octubre a partir de las 9:30 de la ma\u00f1ana \u00a0<\/b><\/li>\n<\/ul>\n<ul>\n<li>Invitan a la poblaci\u00f3n a participar c\u00edvicamente durante el desarrollo de la actividad<\/li>\n<\/ul>\n<p>&nbsp;<\/p>\n<p><span style=\"font-weight: 400;\">Con la intenci\u00f3n de sortear los lugares de los contingentes de las diferentes escuelas primarias que participar\u00e1n en el Desfile C\u00edvico de Banderas de los pa\u00edses miembros de las Organizaciones de las Naciones Unidas (ONU) se reunieron representantes de las instituciones educativas en el Centro Cultural Piedadense para ultimar detalles. <\/span><\/p>\n<p><span style=\"font-weight: 400;\">En la mesa de trabajo que estuvo encabezada por el Secretario del Ayuntamiento Samuel Hidalgo Gallardo, se estableci\u00f3 que 24 de octubre el desfile inicie puntual a las 9:30 de la ma\u00f1ana en el jard\u00edn \u201cVenustiano Carranza\u201d frente al Parque Morelos.<\/span><\/p>\n<p><span style=\"font-weight: 400;\">Ah\u00ed mismo se acordaron las diferentes comisiones de trabajo que habr\u00e1n de estar activas durante el desarrollo del desfile que conmemorar\u00e1 el LXXII aniversario de la fundaci\u00f3n de la mencionada organizaci\u00f3n. <\/span><\/p>\n<p><span style=\"font-weight: 400;\">Quedaron establecidas al mismo tiempo los lugares que ocuparan cada una de las instituciones educativas que conformaran los 43 contingentes en los turnos matutino y vespertino. <\/span><\/p>\n<p><span style=\"font-weight: 400;\">De igual manera se hizo una invitaci\u00f3n a la poblaci\u00f3n en general que pueda acudir al desfile, para que en medida de lo posible participe c\u00edvicamente y respete el espacio designado que tienen los contingentes de los estudiantes que marchan. <\/span><\/p>\n<p><span style=\"font-weight: 400;\">Asimismo, el Gobierno Municipal dirigido por Alex Espinoza reconoce el compromiso de las zonas escolares 004, 066, 117, 195, 246 y 297 por su entusiasmo y disposici\u00f3n para que la actividad a realizar est\u00e9 debidamente organizada.<\/span><\/p>\n","protected":false},"excerpt":{"rendered":"<p>&nbsp; Ser\u00e1 el 24 de octubre a partir de las 9:30 de la ma\u00f1ana \u00a0&#8230;<\/p>\n","protected":false},"author":1,"featured_media":4394,"comment_status":"open","ping_status":"open","sticky":false,"template":"","format":"standard","meta":{"jetpack_post_was_ever_published":false,"_jetpack_newsletter_access":"","_jetpack_dont_email_post_to_subs":false,"_jetpack_newsletter_tier_id":0,"_jetpack_memberships_contains_paywalled_content":false,"_jetpack_memberships_contains_paid_content":false,"footnotes":"","jetpack_publicize_message":"","jetpack_publicize_feature_enabled":true,"jetpack_social_post_already_shared":false,"jetpack_social_options":{"image_generator_settings":{"template":"highway","enabled":false},"version":2}},"categories":[1],"tags":[15],"class_list":["post-4393","post","type-post","status-publish","format-standard","has-post-thumbnail","hentry","category-la-piedad","tag-la-piedad"],"jetpack_publicize_connections":[],"jetpack_sharing_enabled":true,"featured_image_urls":{"full":["http:\/\/tvalaire.com\/wp-content\/uploads\/2018\/11\/01-5-7.jpg",1024,684,false],"thumbnail":["http:\/\/tvalaire.com\/wp-content\/uploads\/2018\/11\/01-5-7-150x150.jpg",150,150,true],"medium":["http:\/\/tvalaire.com\/wp-content\/uploads\/2018\/11\/01-5-7-300x200.jpg",300,200,true],"medium_large":["http:\/\/tvalaire.com\/wp-content\/uploads\/2018\/11\/01-5-7-768x513.jpg",640,428,true],"large":["http:\/\/tvalaire.com\/wp-content\/uploads\/2018\/11\/01-5-7-1024x684.jpg",640,428,true],"post-slider-thumb-size":["http:\/\/tvalaire.com\/wp-content\/uploads\/2018\/11\/01-5-7.jpg",284,190,false],"post-category-slider-size":["http:\/\/tvalaire.com\/wp-content\/uploads\/2018\/11\/01-5-7.jpg",330,220,false],"1536x1536":["http:\/\/tvalaire.com\/wp-content\/uploads\/2018\/11\/01-5-7.jpg",1024,684,false],"2048x2048":["http:\/\/tvalaire.com\/wp-content\/uploads\/2018\/11\/01-5-7.jpg",1024,684,false],"newsium-slider-full":["http:\/\/tvalaire.com\/wp-content\/uploads\/2018\/11\/01-5-7.jpg",1024,684,false],"newsium-featured":["http:\/\/tvalaire.com\/wp-content\/uploads\/2018\/11\/01-5-7.jpg",1024,684,false],"newsium-medium":["http:\/\/tvalaire.com\/wp-content\/uploads\/2018\/11\/01-5-7.jpg",711,475,false]},"author_info":{"info":["tvalairenoti"]},"category_info":"<a href=\"http:\/\/tvalaire.com\/?cat=1\" rel=\"category\">La Piedad<\/a>","tag_info":"La Piedad","comment_count":"0","jetpack_featured_media_url":"http:\/\/tvalaire.com\/wp-content\/uploads\/2018\/11\/01-5-7.jpg","_links":{"self":[{"href":"http:\/\/tvalaire.com\/index.php?rest_route=\/wp\/v2\/posts\/4393"}],"collection":[{"href":"http:\/\/tvalaire.com\/index.php?rest_route=\/wp\/v2\/posts"}],"about":[{"href":"http:\/\/tvalaire.com\/index.php?rest_route=\/wp\/v2\/types\/post"}],"author":[{"embeddable":true,"href":"http:\/\/tvalaire.com\/index.php?rest_route=\/wp\/v2\/users\/1"}],"replies":[{"embeddable":true,"href":"http:\/\/tvalaire.com\/index.php?rest_route=%2Fwp%2Fv2%2Fcomments&post=4393"}],"version-history":[{"count":1,"href":"http:\/\/tvalaire.com\/index.php?rest_route=\/wp\/v2\/posts\/4393\/revisions"}],"predecessor-version":[{"id":4395,"href":"http:\/\/tvalaire.com\/index.php?rest_route=\/wp\/v2\/posts\/4393\/revisions\/4395"}],"wp:featuredmedia":[{"embeddable":true,"href":"http:\/\/tvalaire.com\/index.php?rest_route=\/wp\/v2\/media\/4394"}],"wp:attachment":[{"href":"http:\/\/tvalaire.com\/index.php?rest_route=%2Fwp%2Fv2%2Fmedia&parent=4393"}],"wp:term":[{"taxonomy":"category","embeddable":true,"href":"http:\/\/tvalaire.com\/index.php?rest_route=%2Fwp%2Fv2%2Fcategories&post=4393"},{"taxonomy":"post_tag","embeddable":true,"href":"http:\/\/tvalaire.com\/index.php?rest_route=%2Fwp%2Fv2%2Ftags&post=4393"}],"curies":[{"name":"wp","href":"https:\/\/api.w.org\/{rel}","templated":true}]}}