{"id":4387,"date":"2018-10-03T16:38:59","date_gmt":"2018-10-03T21:38:59","guid":{"rendered":"http:\/\/tvalaire.com\/?p=4387"},"modified":"2018-11-14T16:40:00","modified_gmt":"2018-11-14T22:40:00","slug":"se-prepara-gobierno-para-la-celebracion-de-dia-de-muertos","status":"publish","type":"post","link":"http:\/\/tvalaire.com\/?p=4387","title":{"rendered":"SE PREPARA GOBIERNO PARA LA CELEBRACI\u00d3N DE \u201cD\u00cdA DE MUERTOS\u201d"},"content":{"rendered":"<p>&nbsp;<\/p>\n<ul>\n<li><b>Expondr\u00e1n tapetes de aserr\u00edn el 31 de octubre a partir de las 19:00 horas en el centro<\/b><\/li>\n<\/ul>\n<ul>\n<li>Dependencias de Gobierno, instituciones educativas y empresas; los participantes<\/li>\n<\/ul>\n<p>&nbsp;<\/p>\n<p><span style=\"font-weight: 400;\">Con el fin de celebrar una de las tradiciones mexicanas m\u00e1s arraigadas dentro de nuestra cultura, el Gobierno Municipal de La Piedad a trav\u00e9s de la Coordinaci\u00f3n de Turismo ha convocado a las direcciones, instituciones educativas y empresas locales para participar en la Muestra de Tapetes alusivos al D\u00eda de Muertos.<\/span><\/p>\n<p><span style=\"font-weight: 400;\">La exposici\u00f3n e inauguraci\u00f3n de los mismos se tienen previstos para la noche del 31 de octubre en el Centro Hist\u00f3rico de la ciudad a las 19:00 horas, cuando autoridades municipales realicen un recorrido por cada uno de los tapetes que sean expuestos.<\/span><\/p>\n<p><span style=\"font-weight: 400;\">De acuerdo a las bases emitidas por la Coordinaci\u00f3n de Turismo, las medidas m\u00e1ximas de los tapetes ser\u00e1 de 3 x 1.5 metros; la tem\u00e1tica deber\u00e1 ser sobre el D\u00eda de Muertos y cada uno de ellos habr\u00e1 de ser elaborado con aserr\u00edn, coloreados con pintura vegetal, resalt\u00e1ndolo con diamantina, semillas o marmolina, tener una base de lona para proteger el piso.<\/span><\/p>\n<p><span style=\"font-weight: 400;\">Al t\u00e9rmino de la elaboraci\u00f3n, impregnarlo con resistol diluido para sellador o spray fijador de cabello o con cualquier otro material fijador para evitar sea da\u00f1ado o maltratado durante los d\u00edas que durar\u00e1 expuesto, ya que la muestra permanecer\u00e1 esa noche, as\u00ed como los d\u00edas 1 y 2 de noviembre y retirados durante la ma\u00f1ana del 3 de noviembre.<\/span><\/p>\n","protected":false},"excerpt":{"rendered":"<p>&nbsp; Expondr\u00e1n tapetes de aserr\u00edn el 31 de octubre a partir de las 19:00 horas&#8230;<\/p>\n","protected":false},"author":1,"featured_media":4388,"comment_status":"open","ping_status":"open","sticky":false,"template":"","format":"standard","meta":{"jetpack_post_was_ever_published":false,"_jetpack_newsletter_access":"","_jetpack_dont_email_post_to_subs":false,"_jetpack_newsletter_tier_id":0,"_jetpack_memberships_contains_paywalled_content":false,"_jetpack_memberships_contains_paid_content":false,"footnotes":"","jetpack_publicize_message":"","jetpack_publicize_feature_enabled":true,"jetpack_social_post_already_shared":false,"jetpack_social_options":{"image_generator_settings":{"template":"highway","enabled":false},"version":2}},"categories":[1],"tags":[15,36],"class_list":["post-4387","post","type-post","status-publish","format-standard","has-post-thumbnail","hentry","category-la-piedad","tag-la-piedad","tag-principales"],"jetpack_publicize_connections":[],"jetpack_sharing_enabled":true,"featured_image_urls":{"full":["http:\/\/tvalaire.com\/wp-content\/uploads\/2018\/11\/01-5-6.jpg",1024,683,false],"thumbnail":["http:\/\/tvalaire.com\/wp-content\/uploads\/2018\/11\/01-5-6-150x150.jpg",150,150,true],"medium":["http:\/\/tvalaire.com\/wp-content\/uploads\/2018\/11\/01-5-6-300x200.jpg",300,200,true],"medium_large":["http:\/\/tvalaire.com\/wp-content\/uploads\/2018\/11\/01-5-6-768x512.jpg",640,427,true],"large":["http:\/\/tvalaire.com\/wp-content\/uploads\/2018\/11\/01-5-6-1024x683.jpg",640,427,true],"post-slider-thumb-size":["http:\/\/tvalaire.com\/wp-content\/uploads\/2018\/11\/01-5-6.jpg",285,190,false],"post-category-slider-size":["http:\/\/tvalaire.com\/wp-content\/uploads\/2018\/11\/01-5-6.jpg",330,220,false],"1536x1536":["http:\/\/tvalaire.com\/wp-content\/uploads\/2018\/11\/01-5-6.jpg",1024,683,false],"2048x2048":["http:\/\/tvalaire.com\/wp-content\/uploads\/2018\/11\/01-5-6.jpg",1024,683,false],"newsium-slider-full":["http:\/\/tvalaire.com\/wp-content\/uploads\/2018\/11\/01-5-6.jpg",1024,683,false],"newsium-featured":["http:\/\/tvalaire.com\/wp-content\/uploads\/2018\/11\/01-5-6.jpg",1024,683,false],"newsium-medium":["http:\/\/tvalaire.com\/wp-content\/uploads\/2018\/11\/01-5-6.jpg",712,475,false]},"author_info":{"info":["tvalairenoti"]},"category_info":"<a href=\"http:\/\/tvalaire.com\/?cat=1\" rel=\"category\">La Piedad<\/a>","tag_info":"La Piedad","comment_count":"0","jetpack_featured_media_url":"http:\/\/tvalaire.com\/wp-content\/uploads\/2018\/11\/01-5-6.jpg","_links":{"self":[{"href":"http:\/\/tvalaire.com\/index.php?rest_route=\/wp\/v2\/posts\/4387"}],"collection":[{"href":"http:\/\/tvalaire.com\/index.php?rest_route=\/wp\/v2\/posts"}],"about":[{"href":"http:\/\/tvalaire.com\/index.php?rest_route=\/wp\/v2\/types\/post"}],"author":[{"embeddable":true,"href":"http:\/\/tvalaire.com\/index.php?rest_route=\/wp\/v2\/users\/1"}],"replies":[{"embeddable":true,"href":"http:\/\/tvalaire.com\/index.php?rest_route=%2Fwp%2Fv2%2Fcomments&post=4387"}],"version-history":[{"count":1,"href":"http:\/\/tvalaire.com\/index.php?rest_route=\/wp\/v2\/posts\/4387\/revisions"}],"predecessor-version":[{"id":4389,"href":"http:\/\/tvalaire.com\/index.php?rest_route=\/wp\/v2\/posts\/4387\/revisions\/4389"}],"wp:featuredmedia":[{"embeddable":true,"href":"http:\/\/tvalaire.com\/index.php?rest_route=\/wp\/v2\/media\/4388"}],"wp:attachment":[{"href":"http:\/\/tvalaire.com\/index.php?rest_route=%2Fwp%2Fv2%2Fmedia&parent=4387"}],"wp:term":[{"taxonomy":"category","embeddable":true,"href":"http:\/\/tvalaire.com\/index.php?rest_route=%2Fwp%2Fv2%2Fcategories&post=4387"},{"taxonomy":"post_tag","embeddable":true,"href":"http:\/\/tvalaire.com\/index.php?rest_route=%2Fwp%2Fv2%2Ftags&post=4387"}],"curies":[{"name":"wp","href":"https:\/\/api.w.org\/{rel}","templated":true}]}}