{"id":4384,"date":"2018-10-02T16:37:50","date_gmt":"2018-10-02T21:37:50","guid":{"rendered":"http:\/\/tvalaire.com\/?p=4384"},"modified":"2018-11-14T16:38:53","modified_gmt":"2018-11-14T22:38:53","slug":"visita-alcalde-alex-espinoza-escuela-arnulfo-avila","status":"publish","type":"post","link":"http:\/\/tvalaire.com\/?p=4384","title":{"rendered":"VISITA ALCALDE ALEX ESPINOZA ESCUELA \u201cARNULFO \u00c1VILA\u201d"},"content":{"rendered":"<p>&nbsp;<\/p>\n<ul>\n<li><b>Retomaran gestiones y seguimiento puntual ante SEP en el Estado<\/b><\/li>\n<\/ul>\n<ul>\n<li>Hay da\u00f1os por humedad y falta de mantenimiento en estructura de aulas<\/li>\n<\/ul>\n<p>&nbsp;<\/p>\n<p><span style=\"font-weight: 400;\">En atenci\u00f3n a una a\u00f1eja solicitud, el Presidente Municipal Alex Espinoza realiz\u00f3 una visita de supervisi\u00f3n de las instalaciones de la escuela primaria \u201cArnulfo \u00c1vila\u201d para revisar uno de los m\u00f3dulos que alberga tres aulas educativas que presentan fracturas y humedades.<\/span><\/p>\n<p><span style=\"font-weight: 400;\">Para determinar los da\u00f1os, el Alcalde acudi\u00f3 acompa\u00f1ado del director de Obras P\u00fablicas, Aurelio Melchor con la finalidad de realizar un levantamiento y determinar el estado que guardan los visibles da\u00f1os que registran las aulas educativas producto de la humedad y falta de mantenimiento.<\/span><\/p>\n<p><span style=\"font-weight: 400;\">Los funcionarios municipales fueron recibidos por el director del plantel, profesor Miguel Solano Altamirano y la presidenta de la sociedad de padres de familia, Graciela Mora Moreno.<\/span><\/p>\n<p><span style=\"font-weight: 400;\">El Director del Plantel, inform\u00f3 que a 48 a\u00f1os de haberse inaugurado esta escuela, los da\u00f1os que presenta son preocupantes a consecuencia de las fuertes lluvias y lo falso del terreno, pues record\u00f3 que formaba parte del antiguo pante\u00f3n municipal.<\/span><\/p>\n<p><span style=\"font-weight: 400;\">El Presidente Municipal, solicit\u00f3 la relaci\u00f3n de los oficios que la direcci\u00f3n a su cargo ha canalizado a todas las instancias del Gobierno Estatal a trav\u00e9s de la Secretar\u00eda de Educaci\u00f3n en Michoac\u00e1n, con la finalidad de retomar las gestiones y dar seguimiento a ellas.<\/span><\/p>\n<p><span style=\"font-weight: 400;\">El objetivo dijo, es lograr que las instancias correspondientes bajen los recursos para realizar las obras que garanticen la estancia de los ni\u00f1os e incluso, como Gobierno local, hacer las aportaciones que sean necesarias.<\/span><\/p>\n","protected":false},"excerpt":{"rendered":"<p>&nbsp; Retomaran gestiones y seguimiento puntual ante SEP en el Estado Hay da\u00f1os por humedad&#8230;<\/p>\n","protected":false},"author":1,"featured_media":4385,"comment_status":"open","ping_status":"open","sticky":false,"template":"","format":"standard","meta":{"jetpack_post_was_ever_published":false,"_jetpack_newsletter_access":"","_jetpack_dont_email_post_to_subs":false,"_jetpack_newsletter_tier_id":0,"_jetpack_memberships_contains_paywalled_content":false,"_jetpack_memberships_contains_paid_content":false,"footnotes":"","jetpack_publicize_message":"","jetpack_publicize_feature_enabled":true,"jetpack_social_post_already_shared":false,"jetpack_social_options":{"image_generator_settings":{"template":"highway","enabled":false},"version":2}},"categories":[1],"tags":[15,36],"class_list":["post-4384","post","type-post","status-publish","format-standard","has-post-thumbnail","hentry","category-la-piedad","tag-la-piedad","tag-principales"],"jetpack_publicize_connections":[],"jetpack_sharing_enabled":true,"featured_image_urls":{"full":["http:\/\/tvalaire.com\/wp-content\/uploads\/2018\/11\/01-3-7.jpg",1920,1080,false],"thumbnail":["http:\/\/tvalaire.com\/wp-content\/uploads\/2018\/11\/01-3-7-150x150.jpg",150,150,true],"medium":["http:\/\/tvalaire.com\/wp-content\/uploads\/2018\/11\/01-3-7-300x169.jpg",300,169,true],"medium_large":["http:\/\/tvalaire.com\/wp-content\/uploads\/2018\/11\/01-3-7-768x432.jpg",640,360,true],"large":["http:\/\/tvalaire.com\/wp-content\/uploads\/2018\/11\/01-3-7-1024x576.jpg",640,360,true],"post-slider-thumb-size":["http:\/\/tvalaire.com\/wp-content\/uploads\/2018\/11\/01-3-7.jpg",330,186,false],"post-category-slider-size":["http:\/\/tvalaire.com\/wp-content\/uploads\/2018\/11\/01-3-7.jpg",330,186,false],"1536x1536":["http:\/\/tvalaire.com\/wp-content\/uploads\/2018\/11\/01-3-7.jpg",1536,864,false],"2048x2048":["http:\/\/tvalaire.com\/wp-content\/uploads\/2018\/11\/01-3-7.jpg",1920,1080,false],"newsium-slider-full":["http:\/\/tvalaire.com\/wp-content\/uploads\/2018\/11\/01-3-7.jpg",1280,720,false],"newsium-featured":["http:\/\/tvalaire.com\/wp-content\/uploads\/2018\/11\/01-3-7.jpg",1024,576,false],"newsium-medium":["http:\/\/tvalaire.com\/wp-content\/uploads\/2018\/11\/01-3-7.jpg",720,405,false]},"author_info":{"info":["tvalairenoti"]},"category_info":"<a href=\"http:\/\/tvalaire.com\/?cat=1\" rel=\"category\">La Piedad<\/a>","tag_info":"La Piedad","comment_count":"0","jetpack_featured_media_url":"http:\/\/tvalaire.com\/wp-content\/uploads\/2018\/11\/01-3-7.jpg","_links":{"self":[{"href":"http:\/\/tvalaire.com\/index.php?rest_route=\/wp\/v2\/posts\/4384"}],"collection":[{"href":"http:\/\/tvalaire.com\/index.php?rest_route=\/wp\/v2\/posts"}],"about":[{"href":"http:\/\/tvalaire.com\/index.php?rest_route=\/wp\/v2\/types\/post"}],"author":[{"embeddable":true,"href":"http:\/\/tvalaire.com\/index.php?rest_route=\/wp\/v2\/users\/1"}],"replies":[{"embeddable":true,"href":"http:\/\/tvalaire.com\/index.php?rest_route=%2Fwp%2Fv2%2Fcomments&post=4384"}],"version-history":[{"count":1,"href":"http:\/\/tvalaire.com\/index.php?rest_route=\/wp\/v2\/posts\/4384\/revisions"}],"predecessor-version":[{"id":4386,"href":"http:\/\/tvalaire.com\/index.php?rest_route=\/wp\/v2\/posts\/4384\/revisions\/4386"}],"wp:featuredmedia":[{"embeddable":true,"href":"http:\/\/tvalaire.com\/index.php?rest_route=\/wp\/v2\/media\/4385"}],"wp:attachment":[{"href":"http:\/\/tvalaire.com\/index.php?rest_route=%2Fwp%2Fv2%2Fmedia&parent=4384"}],"wp:term":[{"taxonomy":"category","embeddable":true,"href":"http:\/\/tvalaire.com\/index.php?rest_route=%2Fwp%2Fv2%2Fcategories&post=4384"},{"taxonomy":"post_tag","embeddable":true,"href":"http:\/\/tvalaire.com\/index.php?rest_route=%2Fwp%2Fv2%2Ftags&post=4384"}],"curies":[{"name":"wp","href":"https:\/\/api.w.org\/{rel}","templated":true}]}}