{"id":4381,"date":"2018-10-02T16:36:25","date_gmt":"2018-10-02T21:36:25","guid":{"rendered":"http:\/\/tvalaire.com\/?p=4381"},"modified":"2018-11-14T16:37:43","modified_gmt":"2018-11-14T22:37:43","slug":"sistema-dif-la-piedad-ofrece-servicios-podologicos-a-la-poblacion-en-general","status":"publish","type":"post","link":"http:\/\/tvalaire.com\/?p=4381","title":{"rendered":"SISTEMA DIF LA PIEDAD OFRECE SERVICIOS PODOL\u00d3GICOS A LA POBLACI\u00d3N EN GENERAL"},"content":{"rendered":"<p>&nbsp;<\/p>\n<p>&nbsp;<\/p>\n<ul>\n<li><b>Se atiende de 09:00 a 14:00 horas los lunes y mi\u00e9rcoles<\/b><\/li>\n<\/ul>\n<ul>\n<li>A personas con diabetes tienen un seguimiento especial en el tratamiento<\/li>\n<\/ul>\n<p>&nbsp;<\/p>\n<p><span style=\"font-weight: 400;\">\u00a0 \u00a0 \u00a0 \u00a0 \u00a0 \u00a0 \u00a0 \u00a0 \u00a0 \u00a0 \u00a0 \u00a0 \u00a0 \u00a0 \u00a0 \u00a0 \u00a0 \u00a0 \u00a0 \u00a0 \u00a0 \u00a0 \u00a0 \u00a0 \u00a0 \u00a0 \u00a0 \u00a0 \u00a0 \u00a0 \u00a0 \u00a0 \u00a0 \u00a0 \u00a0 \u00a0 \u00a0 \u00a0 \u00a0 \u00a0 \u00a0 \u00a0 \u00a0\u00a0<\/span><\/p>\n<p><span style=\"font-weight: 400;\">Ofrecer servicios de calidad es uno de los principales objetivos que el Sistema para el Desarrollo Integral de la Familia (DIF) tiene hacia la poblaci\u00f3n, por ello es que se les invita a las personas que tienen problemas de u\u00f1as encarnadas, callosidades, hongos en los pies o que necesiten pedicure a que acudan a las instalaciones de la instituci\u00f3n para que sean diagnosticados por nuestra pod\u00f3loga.<\/span><\/p>\n<p><span style=\"font-weight: 400;\">Brenda Roc\u00edo Orozco Torres, directora del DIF, coment\u00f3 que es importante inculcar entre j\u00f3venes y adultos la cultura del cuidado de nuestros pies, ya que el no atender a tiempo enfermedades relacionadas con hongos o molestias a causa de u\u00f1as enterradas pueden traer alg\u00fan tipo de infecciones.<\/span><\/p>\n<p><span style=\"font-weight: 400;\">Orozco Torres puntualiz\u00f3, que esta \u00e1rea cuenta con un seguimiento de los pacientes, sobre todo en aquellos que padecen diabetes y que por sus condiciones merecen mayor atenci\u00f3n y cuidados especiales.<\/span><\/p>\n<p><span style=\"font-weight: 400;\">\u201cCabe resaltar que este servicio tiene m\u00e1s de ocho a\u00f1os formando parte de los 29 que integran los programas del DIF municipal, \u00a0Beatriz Romo L\u00f3pez es la Pod\u00f3loga y encargada del consultorio\u201d, se\u00f1al\u00f3 Brenda Roc\u00edo.<\/span><\/p>\n<p><span style=\"font-weight: 400;\">Las personas interesadas deben pagar \u00fanicamente su ficha para ser atendidos quienes tengan dudas al respecto pueden comunicarse al 52 201 22 para que les ofrezcan mayores informes, finaliz\u00f3 la directora.<\/span><\/p>\n","protected":false},"excerpt":{"rendered":"<p>&nbsp; &nbsp; Se atiende de 09:00 a 14:00 horas los lunes y mi\u00e9rcoles A personas&#8230;<\/p>\n","protected":false},"author":1,"featured_media":4382,"comment_status":"open","ping_status":"open","sticky":false,"template":"","format":"standard","meta":{"jetpack_post_was_ever_published":false,"_jetpack_newsletter_access":"","_jetpack_dont_email_post_to_subs":false,"_jetpack_newsletter_tier_id":0,"_jetpack_memberships_contains_paywalled_content":false,"_jetpack_memberships_contains_paid_content":false,"footnotes":"","jetpack_publicize_message":"","jetpack_publicize_feature_enabled":true,"jetpack_social_post_already_shared":false,"jetpack_social_options":{"image_generator_settings":{"template":"highway","enabled":false},"version":2}},"categories":[1],"tags":[15],"class_list":["post-4381","post","type-post","status-publish","format-standard","has-post-thumbnail","hentry","category-la-piedad","tag-la-piedad"],"jetpack_publicize_connections":[],"jetpack_sharing_enabled":true,"featured_image_urls":{"full":["http:\/\/tvalaire.com\/wp-content\/uploads\/2018\/11\/01-4-6.jpg",1024,683,false],"thumbnail":["http:\/\/tvalaire.com\/wp-content\/uploads\/2018\/11\/01-4-6-150x150.jpg",150,150,true],"medium":["http:\/\/tvalaire.com\/wp-content\/uploads\/2018\/11\/01-4-6-300x200.jpg",300,200,true],"medium_large":["http:\/\/tvalaire.com\/wp-content\/uploads\/2018\/11\/01-4-6-768x512.jpg",640,427,true],"large":["http:\/\/tvalaire.com\/wp-content\/uploads\/2018\/11\/01-4-6-1024x683.jpg",640,427,true],"post-slider-thumb-size":["http:\/\/tvalaire.com\/wp-content\/uploads\/2018\/11\/01-4-6.jpg",285,190,false],"post-category-slider-size":["http:\/\/tvalaire.com\/wp-content\/uploads\/2018\/11\/01-4-6.jpg",330,220,false],"1536x1536":["http:\/\/tvalaire.com\/wp-content\/uploads\/2018\/11\/01-4-6.jpg",1024,683,false],"2048x2048":["http:\/\/tvalaire.com\/wp-content\/uploads\/2018\/11\/01-4-6.jpg",1024,683,false],"newsium-slider-full":["http:\/\/tvalaire.com\/wp-content\/uploads\/2018\/11\/01-4-6.jpg",1024,683,false],"newsium-featured":["http:\/\/tvalaire.com\/wp-content\/uploads\/2018\/11\/01-4-6.jpg",1024,683,false],"newsium-medium":["http:\/\/tvalaire.com\/wp-content\/uploads\/2018\/11\/01-4-6.jpg",712,475,false]},"author_info":{"info":["tvalairenoti"]},"category_info":"<a href=\"http:\/\/tvalaire.com\/?cat=1\" rel=\"category\">La Piedad<\/a>","tag_info":"La Piedad","comment_count":"0","jetpack_featured_media_url":"http:\/\/tvalaire.com\/wp-content\/uploads\/2018\/11\/01-4-6.jpg","_links":{"self":[{"href":"http:\/\/tvalaire.com\/index.php?rest_route=\/wp\/v2\/posts\/4381"}],"collection":[{"href":"http:\/\/tvalaire.com\/index.php?rest_route=\/wp\/v2\/posts"}],"about":[{"href":"http:\/\/tvalaire.com\/index.php?rest_route=\/wp\/v2\/types\/post"}],"author":[{"embeddable":true,"href":"http:\/\/tvalaire.com\/index.php?rest_route=\/wp\/v2\/users\/1"}],"replies":[{"embeddable":true,"href":"http:\/\/tvalaire.com\/index.php?rest_route=%2Fwp%2Fv2%2Fcomments&post=4381"}],"version-history":[{"count":1,"href":"http:\/\/tvalaire.com\/index.php?rest_route=\/wp\/v2\/posts\/4381\/revisions"}],"predecessor-version":[{"id":4383,"href":"http:\/\/tvalaire.com\/index.php?rest_route=\/wp\/v2\/posts\/4381\/revisions\/4383"}],"wp:featuredmedia":[{"embeddable":true,"href":"http:\/\/tvalaire.com\/index.php?rest_route=\/wp\/v2\/media\/4382"}],"wp:attachment":[{"href":"http:\/\/tvalaire.com\/index.php?rest_route=%2Fwp%2Fv2%2Fmedia&parent=4381"}],"wp:term":[{"taxonomy":"category","embeddable":true,"href":"http:\/\/tvalaire.com\/index.php?rest_route=%2Fwp%2Fv2%2Fcategories&post=4381"},{"taxonomy":"post_tag","embeddable":true,"href":"http:\/\/tvalaire.com\/index.php?rest_route=%2Fwp%2Fv2%2Ftags&post=4381"}],"curies":[{"name":"wp","href":"https:\/\/api.w.org\/{rel}","templated":true}]}}