{"id":438,"date":"2017-02-14T10:29:50","date_gmt":"2017-02-14T16:29:50","guid":{"rendered":"http:\/\/tvalaire.com\/?p=438"},"modified":"2017-02-14T10:40:18","modified_gmt":"2017-02-14T16:40:18","slug":"comunidad-emiliano-zapata-se-beneficia-con-obra","status":"publish","type":"post","link":"http:\/\/tvalaire.com\/?p=438","title":{"rendered":"COMUNIDAD EMILIANO ZAPATA SE BENEFICIA CON OBRA"},"content":{"rendered":"<p>Gracias al trabajo realizado por el Gobierno Municipal que encabeza V\u00edctor V\u00e1zquez de la rehabilitaci\u00f3n del Centro de Salud de la comunidad de Emiliano Zapata se mejora el servicio para los usuarios del mismo.<\/p>\n<p>Es por ello que el Presidente Municipal inaugur\u00f3 dicha obra en compa\u00f1\u00eda de algunos regidores y beneficiarios de la misma localidad, a quienes les externo que \u201chace apenas un par de meses que estuvimos inaugurando obra en su localidad, en donde hicimos un compromiso con ustedes que con su aportaci\u00f3n \u00edbamos a rehabilitar el Centro de Salud por eso yo les reconozco su colaboraci\u00f3n y gracias a ustedes se hizo esta obra\u201d.<\/p>\n<p>Igualmente resalt\u00f3 que todo el trabajo que se le realiz\u00f3 a dicha obra se demuestra el compromiso que se tiene con el sector salud, porque es un tema muy necesario.\u00a0 Adem\u00e1s se entregaron cuartos dormitorio y para ba\u00f1o del programa Ampliaci\u00f3n de Vivienda los cuales revis\u00f3 V\u00edctor V\u00e1zquez que estuvieran construidos de acuerdo al recurso autorizado en Cabildo.<\/p>\n<p>\u201cSabemos que hay familias que necesitan de este apoyo, vamos a seguir trabajando con m\u00e1s mejoramiento de vivienda y con algunas otras acciones que vayan elevando la calidad de vida\u201d finaliz\u00f3 el Edil.<\/p>\n<p>&nbsp;<\/p>\n<p><img loading=\"lazy\" decoding=\"async\" class=\"alignnone size-medium wp-image-454\" src=\"http:\/\/tvalaire.com\/wp-content\/uploads\/2017\/02\/EMILIANO-ZAPATA-4-300x199.jpg\" alt=\"\" width=\"300\" height=\"199\" srcset=\"http:\/\/tvalaire.com\/wp-content\/uploads\/2017\/02\/EMILIANO-ZAPATA-4-300x199.jpg 300w, http:\/\/tvalaire.com\/wp-content\/uploads\/2017\/02\/EMILIANO-ZAPATA-4-768x509.jpg 768w, http:\/\/tvalaire.com\/wp-content\/uploads\/2017\/02\/EMILIANO-ZAPATA-4-1024x678.jpg 1024w\" sizes=\"(max-width: 300px) 100vw, 300px\" \/><\/p>\n","protected":false},"excerpt":{"rendered":"<p>Gracias al trabajo realizado por el Gobierno Municipal que encabeza V\u00edctor V\u00e1zquez de la rehabilitaci\u00f3n&#8230;<\/p>\n","protected":false},"author":1,"featured_media":444,"comment_status":"open","ping_status":"open","sticky":false,"template":"","format":"standard","meta":{"jetpack_post_was_ever_published":false,"_jetpack_newsletter_access":"","_jetpack_dont_email_post_to_subs":false,"_jetpack_newsletter_tier_id":0,"_jetpack_memberships_contains_paywalled_content":false,"_jetpack_memberships_contains_paid_content":false,"footnotes":"","jetpack_publicize_message":"","jetpack_publicize_feature_enabled":true,"jetpack_social_post_already_shared":false,"jetpack_social_options":{"image_generator_settings":{"template":"highway","enabled":false},"version":2}},"categories":[4],"tags":[36,24],"class_list":["post-438","post","type-post","status-publish","format-standard","has-post-thumbnail","hentry","category-puruandiro","tag-principales","tag-puruandiro"],"jetpack_publicize_connections":[],"jetpack_sharing_enabled":true,"featured_image_urls":{"full":["http:\/\/tvalaire.com\/wp-content\/uploads\/2017\/02\/EMILIANO-ZAPATA-1.jpg",2464,1632,false],"thumbnail":["http:\/\/tvalaire.com\/wp-content\/uploads\/2017\/02\/EMILIANO-ZAPATA-1-150x150.jpg",150,150,true],"medium":["http:\/\/tvalaire.com\/wp-content\/uploads\/2017\/02\/EMILIANO-ZAPATA-1-300x199.jpg",300,199,true],"medium_large":["http:\/\/tvalaire.com\/wp-content\/uploads\/2017\/02\/EMILIANO-ZAPATA-1-768x509.jpg",640,424,true],"large":["http:\/\/tvalaire.com\/wp-content\/uploads\/2017\/02\/EMILIANO-ZAPATA-1-1024x678.jpg",640,424,true],"post-slider-thumb-size":["http:\/\/tvalaire.com\/wp-content\/uploads\/2017\/02\/EMILIANO-ZAPATA-1.jpg",287,190,false],"post-category-slider-size":["http:\/\/tvalaire.com\/wp-content\/uploads\/2017\/02\/EMILIANO-ZAPATA-1.jpg",330,219,false],"1536x1536":["http:\/\/tvalaire.com\/wp-content\/uploads\/2017\/02\/EMILIANO-ZAPATA-1.jpg",1536,1017,false],"2048x2048":["http:\/\/tvalaire.com\/wp-content\/uploads\/2017\/02\/EMILIANO-ZAPATA-1.jpg",2048,1356,false],"newsium-slider-full":["http:\/\/tvalaire.com\/wp-content\/uploads\/2017\/02\/EMILIANO-ZAPATA-1.jpg",1276,845,false],"newsium-featured":["http:\/\/tvalaire.com\/wp-content\/uploads\/2017\/02\/EMILIANO-ZAPATA-1.jpg",1024,678,false],"newsium-medium":["http:\/\/tvalaire.com\/wp-content\/uploads\/2017\/02\/EMILIANO-ZAPATA-1.jpg",717,475,false]},"author_info":{"info":["tvalairenoti"]},"category_info":"<a href=\"http:\/\/tvalaire.com\/?cat=4\" rel=\"category\">Puru\u00e1ndiro<\/a>","tag_info":"Puru\u00e1ndiro","comment_count":"0","jetpack_featured_media_url":"http:\/\/tvalaire.com\/wp-content\/uploads\/2017\/02\/EMILIANO-ZAPATA-1.jpg","_links":{"self":[{"href":"http:\/\/tvalaire.com\/index.php?rest_route=\/wp\/v2\/posts\/438"}],"collection":[{"href":"http:\/\/tvalaire.com\/index.php?rest_route=\/wp\/v2\/posts"}],"about":[{"href":"http:\/\/tvalaire.com\/index.php?rest_route=\/wp\/v2\/types\/post"}],"author":[{"embeddable":true,"href":"http:\/\/tvalaire.com\/index.php?rest_route=\/wp\/v2\/users\/1"}],"replies":[{"embeddable":true,"href":"http:\/\/tvalaire.com\/index.php?rest_route=%2Fwp%2Fv2%2Fcomments&post=438"}],"version-history":[{"count":3,"href":"http:\/\/tvalaire.com\/index.php?rest_route=\/wp\/v2\/posts\/438\/revisions"}],"predecessor-version":[{"id":456,"href":"http:\/\/tvalaire.com\/index.php?rest_route=\/wp\/v2\/posts\/438\/revisions\/456"}],"wp:featuredmedia":[{"embeddable":true,"href":"http:\/\/tvalaire.com\/index.php?rest_route=\/wp\/v2\/media\/444"}],"wp:attachment":[{"href":"http:\/\/tvalaire.com\/index.php?rest_route=%2Fwp%2Fv2%2Fmedia&parent=438"}],"wp:term":[{"taxonomy":"category","embeddable":true,"href":"http:\/\/tvalaire.com\/index.php?rest_route=%2Fwp%2Fv2%2Fcategories&post=438"},{"taxonomy":"post_tag","embeddable":true,"href":"http:\/\/tvalaire.com\/index.php?rest_route=%2Fwp%2Fv2%2Ftags&post=438"}],"curies":[{"name":"wp","href":"https:\/\/api.w.org\/{rel}","templated":true}]}}