{"id":4375,"date":"2018-10-02T16:34:00","date_gmt":"2018-10-02T21:34:00","guid":{"rendered":"http:\/\/tvalaire.com\/?p=4375"},"modified":"2018-11-14T16:35:11","modified_gmt":"2018-11-14T22:35:11","slug":"autoridades-locales-y-estatales-visitaron-a-las-familias-afectadas-por-las-lluvias","status":"publish","type":"post","link":"http:\/\/tvalaire.com\/?p=4375","title":{"rendered":"AUTORIDADES LOCALES Y ESTATALES VISITARON A LAS FAMILIAS AFECTADAS POR LAS LLUVIAS"},"content":{"rendered":"<p>&nbsp;<\/p>\n<ul>\n<li><b>Proporcionaron cobijas, colchonetas y despensas a los m\u00e1s afectados<\/b><\/li>\n<\/ul>\n<ul>\n<li>Autoridades encabezadas por Alex Espinoza y el diputado local Hugo Anaya visitaron El Malec\u00f3n y la Dr. Miguel Silva<\/li>\n<\/ul>\n<p>&nbsp;<\/p>\n<p><span style=\"font-weight: 400;\">El Presidente Municipal Alex Espinoza, recibi\u00f3 la visita de funcionarios del Gobierno Estatal, con la finalidad de realizar un recorrido por las zonas afectadas por las lluvias en esta ciudad.<\/span><\/p>\n<p><span style=\"font-weight: 400;\">En la visita estuvo Juan Carlos Barrag\u00e1n V\u00e9lez, Secretario de Desarrollo Social y la directora de Enlace de Atenci\u00f3n Ciudadana del Gobierno del Estado; el diputado local Hugo Anaya \u00c1vila, as\u00ed como directores del Gobierno Municipal de \u00e1reas como Obras P\u00fablicas, Servicios P\u00fablicos, Desarrollo Social, Seguridad P\u00fablica, Protecci\u00f3n Civil y el Secretario del Ayuntamiento, Samuel Hidalgo Gallardo.<\/span><\/p>\n<p><span style=\"font-weight: 400;\">El recorrido comenz\u00f3 poco despu\u00e9s de las 18:00 horas, pero antes autoridades estatales y municipales se reunieron con el alcalde Alex Espinoza para dar cuenta de la situaci\u00f3n en La Piedad por las afectaciones ocurridas la semana pasada cuando se desbord\u00f3 el r\u00edo Lerma y el arroyo Cinco de Oros que afect\u00f3 principalmente a las colonias El Malec\u00f3n e Infonavit \u201cDr. Miguel Silva\u201d.<\/span><\/p>\n<p><span style=\"font-weight: 400;\">Posteriormente acudieron a estas colonias en donde funcionarios estatales entregaron cobijas, colchonetas y despensas a las familias que resultaron ser las m\u00e1s afectadas.<\/span><\/p>\n<p><span style=\"font-weight: 400;\">A su vez establecieron un compromiso con el Alcalde, para que de acuerdo al censo que la Coordinaci\u00f3n Regional del DIF Estatal realiz\u00f3 en esas colonias, se realice una valoraci\u00f3n para determinar qu\u00e9 acciones son las que va a apoyar el Gobierno del Estado y sobre las cuales en forma posterior, lo har\u00e1n saber a las autoridades municipales.<\/span><\/p>\n","protected":false},"excerpt":{"rendered":"<p>&nbsp; Proporcionaron cobijas, colchonetas y despensas a los m\u00e1s afectados Autoridades encabezadas por Alex Espinoza&#8230;<\/p>\n","protected":false},"author":1,"featured_media":4376,"comment_status":"open","ping_status":"open","sticky":false,"template":"","format":"standard","meta":{"jetpack_post_was_ever_published":false,"_jetpack_newsletter_access":"","_jetpack_dont_email_post_to_subs":false,"_jetpack_newsletter_tier_id":0,"_jetpack_memberships_contains_paywalled_content":false,"_jetpack_memberships_contains_paid_content":false,"footnotes":"","jetpack_publicize_message":"","jetpack_publicize_feature_enabled":true,"jetpack_social_post_already_shared":false,"jetpack_social_options":{"image_generator_settings":{"template":"highway","enabled":false},"version":2}},"categories":[1],"tags":[15,36],"class_list":["post-4375","post","type-post","status-publish","format-standard","has-post-thumbnail","hentry","category-la-piedad","tag-la-piedad","tag-principales"],"jetpack_publicize_connections":[],"jetpack_sharing_enabled":true,"featured_image_urls":{"full":["http:\/\/tvalaire.com\/wp-content\/uploads\/2018\/11\/01-3-6.jpg",960,540,false],"thumbnail":["http:\/\/tvalaire.com\/wp-content\/uploads\/2018\/11\/01-3-6-150x150.jpg",150,150,true],"medium":["http:\/\/tvalaire.com\/wp-content\/uploads\/2018\/11\/01-3-6-300x169.jpg",300,169,true],"medium_large":["http:\/\/tvalaire.com\/wp-content\/uploads\/2018\/11\/01-3-6-768x432.jpg",640,360,true],"large":["http:\/\/tvalaire.com\/wp-content\/uploads\/2018\/11\/01-3-6.jpg",640,360,false],"post-slider-thumb-size":["http:\/\/tvalaire.com\/wp-content\/uploads\/2018\/11\/01-3-6.jpg",330,186,false],"post-category-slider-size":["http:\/\/tvalaire.com\/wp-content\/uploads\/2018\/11\/01-3-6.jpg",330,186,false],"1536x1536":["http:\/\/tvalaire.com\/wp-content\/uploads\/2018\/11\/01-3-6.jpg",960,540,false],"2048x2048":["http:\/\/tvalaire.com\/wp-content\/uploads\/2018\/11\/01-3-6.jpg",960,540,false],"newsium-slider-full":["http:\/\/tvalaire.com\/wp-content\/uploads\/2018\/11\/01-3-6.jpg",960,540,false],"newsium-featured":["http:\/\/tvalaire.com\/wp-content\/uploads\/2018\/11\/01-3-6.jpg",960,540,false],"newsium-medium":["http:\/\/tvalaire.com\/wp-content\/uploads\/2018\/11\/01-3-6.jpg",720,405,false]},"author_info":{"info":["tvalairenoti"]},"category_info":"<a href=\"http:\/\/tvalaire.com\/?cat=1\" rel=\"category\">La Piedad<\/a>","tag_info":"La Piedad","comment_count":"0","jetpack_featured_media_url":"http:\/\/tvalaire.com\/wp-content\/uploads\/2018\/11\/01-3-6.jpg","_links":{"self":[{"href":"http:\/\/tvalaire.com\/index.php?rest_route=\/wp\/v2\/posts\/4375"}],"collection":[{"href":"http:\/\/tvalaire.com\/index.php?rest_route=\/wp\/v2\/posts"}],"about":[{"href":"http:\/\/tvalaire.com\/index.php?rest_route=\/wp\/v2\/types\/post"}],"author":[{"embeddable":true,"href":"http:\/\/tvalaire.com\/index.php?rest_route=\/wp\/v2\/users\/1"}],"replies":[{"embeddable":true,"href":"http:\/\/tvalaire.com\/index.php?rest_route=%2Fwp%2Fv2%2Fcomments&post=4375"}],"version-history":[{"count":1,"href":"http:\/\/tvalaire.com\/index.php?rest_route=\/wp\/v2\/posts\/4375\/revisions"}],"predecessor-version":[{"id":4377,"href":"http:\/\/tvalaire.com\/index.php?rest_route=\/wp\/v2\/posts\/4375\/revisions\/4377"}],"wp:featuredmedia":[{"embeddable":true,"href":"http:\/\/tvalaire.com\/index.php?rest_route=\/wp\/v2\/media\/4376"}],"wp:attachment":[{"href":"http:\/\/tvalaire.com\/index.php?rest_route=%2Fwp%2Fv2%2Fmedia&parent=4375"}],"wp:term":[{"taxonomy":"category","embeddable":true,"href":"http:\/\/tvalaire.com\/index.php?rest_route=%2Fwp%2Fv2%2Fcategories&post=4375"},{"taxonomy":"post_tag","embeddable":true,"href":"http:\/\/tvalaire.com\/index.php?rest_route=%2Fwp%2Fv2%2Ftags&post=4375"}],"curies":[{"name":"wp","href":"https:\/\/api.w.org\/{rel}","templated":true}]}}