{"id":4372,"date":"2018-10-02T16:32:57","date_gmt":"2018-10-02T21:32:57","guid":{"rendered":"http:\/\/tvalaire.com\/?p=4372"},"modified":"2018-11-14T16:33:55","modified_gmt":"2018-11-14T22:33:55","slug":"asesoran-a-palomas-mensajeras-sobre-nuevos-lineamientos","status":"publish","type":"post","link":"http:\/\/tvalaire.com\/?p=4372","title":{"rendered":"ASESORAN A \u201cPALOMAS MENSAJERAS\u201d SOBRE NUEVOS LINEAMIENTOS"},"content":{"rendered":"<p>&nbsp;<\/p>\n<ul>\n<li><b>El tr\u00e1mite no pone en riesgo la estad\u00eda de familiares indocumentados<\/b><\/li>\n<\/ul>\n<ul>\n<li>La Secretaria del Migrante realizar\u00e1 una entrevista final en la ciudad<\/li>\n<\/ul>\n<p>&nbsp;<\/p>\n<p><span style=\"font-weight: 400;\">Con el fin de garantizar que todas las personas que forman parte de \u201cPalomas mensajeras\u201d, obtengan su visa de viaje a Estados Unidos de Norteam\u00e9rica, el Gobierno Municipal de La Piedad a trav\u00e9s de la direcci\u00f3n de Vinculaci\u00f3n Internacional entreg\u00f3 un nuevo cuestionario para completar los expedientes de las 100 personas que aspiran a formar parte de este grupo.<\/span><\/p>\n<p><span style=\"font-weight: 400;\">Priscila Fern\u00e1ndez directora de Vinculaci\u00f3n Internacional inform\u00f3 que el Gobierno del Estado a trav\u00e9s de la Secretar\u00eda del Migrante, hizo cambios en los lineamientos, raz\u00f3n por la cual se cit\u00f3 a los integrantes del programa con la finalidad de entregarle un cuestionario que deber\u00e1n llenar cada uno.<\/span><\/p>\n<p><span style=\"font-weight: 400;\">Entre los nuevos requisitos que incluye el programa, es la firma de un nuevo formato en donde deber\u00e1n incluir el nombre del hijo o hija indocumentada en EE.UU. quienes ser\u00e1n los responsables de ellos, as\u00ed como la firma de un poder que otorgan al Gobierno para que recojan las visas que sean autorizadas.<\/span><\/p>\n<p><span style=\"font-weight: 400;\">La informaci\u00f3n que proporcionen ser\u00e1 \u00fanica y exclusivamente para uso de la Secretar\u00eda del Migrante y no pone en riesgo la permanencia de los hijos indocumentados de las personas que asisten a este programa.<\/span><\/p>\n<p><span style=\"font-weight: 400;\">El siguiente paso, ser\u00e1 esperar la visita del personal de la Secretar\u00eda del Migrante al municipio para que realicen la entrevista final antes de llevar a los integrantes del programa a la Embajada Estadounidense en la Ciudad de M\u00e9xico.<\/span><\/p>\n","protected":false},"excerpt":{"rendered":"<p>&nbsp; El tr\u00e1mite no pone en riesgo la estad\u00eda de familiares indocumentados La Secretaria del&#8230;<\/p>\n","protected":false},"author":1,"featured_media":4373,"comment_status":"open","ping_status":"open","sticky":false,"template":"","format":"standard","meta":{"jetpack_post_was_ever_published":false,"_jetpack_newsletter_access":"","_jetpack_dont_email_post_to_subs":false,"_jetpack_newsletter_tier_id":0,"_jetpack_memberships_contains_paywalled_content":false,"_jetpack_memberships_contains_paid_content":false,"footnotes":"","jetpack_publicize_message":"","jetpack_publicize_feature_enabled":true,"jetpack_social_post_already_shared":false,"jetpack_social_options":{"image_generator_settings":{"template":"highway","enabled":false},"version":2}},"categories":[1],"tags":[15],"class_list":["post-4372","post","type-post","status-publish","format-standard","has-post-thumbnail","hentry","category-la-piedad","tag-la-piedad"],"jetpack_publicize_connections":[],"jetpack_sharing_enabled":true,"featured_image_urls":{"full":["http:\/\/tvalaire.com\/wp-content\/uploads\/2018\/11\/01-3-5.jpg",1024,684,false],"thumbnail":["http:\/\/tvalaire.com\/wp-content\/uploads\/2018\/11\/01-3-5-150x150.jpg",150,150,true],"medium":["http:\/\/tvalaire.com\/wp-content\/uploads\/2018\/11\/01-3-5-300x200.jpg",300,200,true],"medium_large":["http:\/\/tvalaire.com\/wp-content\/uploads\/2018\/11\/01-3-5-768x513.jpg",640,428,true],"large":["http:\/\/tvalaire.com\/wp-content\/uploads\/2018\/11\/01-3-5-1024x684.jpg",640,428,true],"post-slider-thumb-size":["http:\/\/tvalaire.com\/wp-content\/uploads\/2018\/11\/01-3-5.jpg",284,190,false],"post-category-slider-size":["http:\/\/tvalaire.com\/wp-content\/uploads\/2018\/11\/01-3-5.jpg",330,220,false],"1536x1536":["http:\/\/tvalaire.com\/wp-content\/uploads\/2018\/11\/01-3-5.jpg",1024,684,false],"2048x2048":["http:\/\/tvalaire.com\/wp-content\/uploads\/2018\/11\/01-3-5.jpg",1024,684,false],"newsium-slider-full":["http:\/\/tvalaire.com\/wp-content\/uploads\/2018\/11\/01-3-5.jpg",1024,684,false],"newsium-featured":["http:\/\/tvalaire.com\/wp-content\/uploads\/2018\/11\/01-3-5.jpg",1024,684,false],"newsium-medium":["http:\/\/tvalaire.com\/wp-content\/uploads\/2018\/11\/01-3-5.jpg",711,475,false]},"author_info":{"info":["tvalairenoti"]},"category_info":"<a href=\"http:\/\/tvalaire.com\/?cat=1\" rel=\"category\">La Piedad<\/a>","tag_info":"La Piedad","comment_count":"0","jetpack_featured_media_url":"http:\/\/tvalaire.com\/wp-content\/uploads\/2018\/11\/01-3-5.jpg","_links":{"self":[{"href":"http:\/\/tvalaire.com\/index.php?rest_route=\/wp\/v2\/posts\/4372"}],"collection":[{"href":"http:\/\/tvalaire.com\/index.php?rest_route=\/wp\/v2\/posts"}],"about":[{"href":"http:\/\/tvalaire.com\/index.php?rest_route=\/wp\/v2\/types\/post"}],"author":[{"embeddable":true,"href":"http:\/\/tvalaire.com\/index.php?rest_route=\/wp\/v2\/users\/1"}],"replies":[{"embeddable":true,"href":"http:\/\/tvalaire.com\/index.php?rest_route=%2Fwp%2Fv2%2Fcomments&post=4372"}],"version-history":[{"count":1,"href":"http:\/\/tvalaire.com\/index.php?rest_route=\/wp\/v2\/posts\/4372\/revisions"}],"predecessor-version":[{"id":4374,"href":"http:\/\/tvalaire.com\/index.php?rest_route=\/wp\/v2\/posts\/4372\/revisions\/4374"}],"wp:featuredmedia":[{"embeddable":true,"href":"http:\/\/tvalaire.com\/index.php?rest_route=\/wp\/v2\/media\/4373"}],"wp:attachment":[{"href":"http:\/\/tvalaire.com\/index.php?rest_route=%2Fwp%2Fv2%2Fmedia&parent=4372"}],"wp:term":[{"taxonomy":"category","embeddable":true,"href":"http:\/\/tvalaire.com\/index.php?rest_route=%2Fwp%2Fv2%2Fcategories&post=4372"},{"taxonomy":"post_tag","embeddable":true,"href":"http:\/\/tvalaire.com\/index.php?rest_route=%2Fwp%2Fv2%2Ftags&post=4372"}],"curies":[{"name":"wp","href":"https:\/\/api.w.org\/{rel}","templated":true}]}}