{"id":4369,"date":"2018-10-01T16:31:46","date_gmt":"2018-10-01T21:31:46","guid":{"rendered":"http:\/\/tvalaire.com\/?p=4369"},"modified":"2018-11-14T16:32:51","modified_gmt":"2018-11-14T22:32:51","slug":"anuncian-noche-magica-de-globos-la-piedad-2018","status":"publish","type":"post","link":"http:\/\/tvalaire.com\/?p=4369","title":{"rendered":"ANUNCIAN NOCHE M\u00c1GICA DE GLOBOS LA PIEDAD 2018"},"content":{"rendered":"<p>&nbsp;<\/p>\n<ul>\n<li><b>La sede ser\u00e1 la unidad deportiva \u201cProf. J. Jes\u00fas Romero Flores\u201d<\/b><\/li>\n<\/ul>\n<ul>\n<li>\u201cCompromiso cumplido\u201d se\u00f1al\u00f3 el alcalde Alex Espinoza al firmar el convenio<\/li>\n<\/ul>\n<p>&nbsp;<\/p>\n<p><span style=\"font-weight: 400;\">El Presidente Municipal Alex Espinoza y la directora del Festival Internacional del Globo (FIG), Escandra Salim Alle firmaron el convenio para la celebraci\u00f3n de lo que ser\u00e1 la Noche M\u00e1gica del Globo en La Piedad el pr\u00f3ximo 1 de noviembre de este a\u00f1o.<\/span><\/p>\n<p><span style=\"font-weight: 400;\">El evento tendr\u00e1 lugar en las instalaciones de la Unidad Deportiva \u201cProf. J. Jes\u00fas Romero Flores\u201d el pr\u00f3ximo jueves 1 de noviembre del presente a\u00f1o, previo a un desfile de autos cl\u00e1sicos con las canastillas de los seis globos que ser\u00e1n inflados y encendidos durante la Noche M\u00e1gica en la ciudad.<\/span><\/p>\n<p><span style=\"font-weight: 400;\">Alex Espinoza Presidente Municipal, anunci\u00f3 que el 1 de Noviembre ser\u00e1 una noche m\u00e1gica, colorida y llena de m\u00fasica que se realizar\u00e1 en un ambiente familiar, por lo que no debe haber pretexto para no acudir al inicio de un programa tur\u00edstico que el Gobierno ha decidido impulsar, porque s\u00f3lo as\u00ed otros rostros voltear\u00e1n a ver a La Piedad en su riqueza cultural, sus tradiciones y su gastronom\u00eda.<\/span><\/p>\n<p><span style=\"font-weight: 400;\">A este evento, le seguir\u00e1 el Festival del Mariachi que el Gobierno Municipal realizar\u00e1 en el mes de diciembre de este a\u00f1o, pero la Noche M\u00e1gica ser\u00e1 el <\/span><i><span style=\"font-weight: 400;\">parteaguas<\/span><\/i><span style=\"font-weight: 400;\"> para que los siguientes a\u00f1os se pueda realizar una extensi\u00f3n del Festival Internacional del Globo de Le\u00f3n Guanajuato para llenar de alegr\u00eda y colorido la presa de Ticu\u00edtaco u otro lugar.<\/span><\/p>\n<p><span style=\"font-weight: 400;\">Aclar\u00f3 que su gobierno ser\u00e1 de compromisos, por lo que agradeci\u00f3 la disponibilidad de la directora del FIG, para traer este evento que posicionar\u00e1 a La Piedad en los reflectores del Estado y del pa\u00eds, dentro de una visi\u00f3n por apostarle al turismo para generar derrama econ\u00f3mica en el municipio.<\/span><\/p>\n<p><span style=\"font-weight: 400;\">Por su parte, Escandra Salim Alle dijo estar de regreso y para ello agradeci\u00f3 a la sociedad piedadense quienes pidieron y quieren disfrutar de este evento de los cuales hay pocos en M\u00e9xico y que se puede decir que es familiar porque se conjunta la sociedad para generar espacios de igualdad donde conviven personas de todas las edades y condiciones sociales.<\/span><\/p>\n<p><span style=\"font-weight: 400;\">Daniel Negrete coment\u00f3 que con este evento da inicio el programa tur\u00edstico de La Piedad que estar\u00e1 ambientado por el grupo musical Valedores de la Sierra y otras actividades para el disfrute de la poblaci\u00f3n.<\/span><\/p>\n","protected":false},"excerpt":{"rendered":"<p>&nbsp; La sede ser\u00e1 la unidad deportiva \u201cProf. J. Jes\u00fas Romero Flores\u201d \u201cCompromiso cumplido\u201d se\u00f1al\u00f3&#8230;<\/p>\n","protected":false},"author":1,"featured_media":4370,"comment_status":"open","ping_status":"open","sticky":false,"template":"","format":"standard","meta":{"jetpack_post_was_ever_published":false,"_jetpack_newsletter_access":"","_jetpack_dont_email_post_to_subs":false,"_jetpack_newsletter_tier_id":0,"_jetpack_memberships_contains_paywalled_content":false,"_jetpack_memberships_contains_paid_content":false,"footnotes":"","jetpack_publicize_message":"","jetpack_publicize_feature_enabled":true,"jetpack_social_post_already_shared":false,"jetpack_social_options":{"image_generator_settings":{"template":"highway","enabled":false},"version":2}},"categories":[1],"tags":[15,36],"class_list":["post-4369","post","type-post","status-publish","format-standard","has-post-thumbnail","hentry","category-la-piedad","tag-la-piedad","tag-principales"],"jetpack_publicize_connections":[],"jetpack_sharing_enabled":true,"featured_image_urls":{"full":["http:\/\/tvalaire.com\/wp-content\/uploads\/2018\/11\/01-4-5.jpg",1920,1080,false],"thumbnail":["http:\/\/tvalaire.com\/wp-content\/uploads\/2018\/11\/01-4-5-150x150.jpg",150,150,true],"medium":["http:\/\/tvalaire.com\/wp-content\/uploads\/2018\/11\/01-4-5-300x169.jpg",300,169,true],"medium_large":["http:\/\/tvalaire.com\/wp-content\/uploads\/2018\/11\/01-4-5-768x432.jpg",640,360,true],"large":["http:\/\/tvalaire.com\/wp-content\/uploads\/2018\/11\/01-4-5-1024x576.jpg",640,360,true],"post-slider-thumb-size":["http:\/\/tvalaire.com\/wp-content\/uploads\/2018\/11\/01-4-5.jpg",330,186,false],"post-category-slider-size":["http:\/\/tvalaire.com\/wp-content\/uploads\/2018\/11\/01-4-5.jpg",330,186,false],"1536x1536":["http:\/\/tvalaire.com\/wp-content\/uploads\/2018\/11\/01-4-5.jpg",1536,864,false],"2048x2048":["http:\/\/tvalaire.com\/wp-content\/uploads\/2018\/11\/01-4-5.jpg",1920,1080,false],"newsium-slider-full":["http:\/\/tvalaire.com\/wp-content\/uploads\/2018\/11\/01-4-5.jpg",1280,720,false],"newsium-featured":["http:\/\/tvalaire.com\/wp-content\/uploads\/2018\/11\/01-4-5.jpg",1024,576,false],"newsium-medium":["http:\/\/tvalaire.com\/wp-content\/uploads\/2018\/11\/01-4-5.jpg",720,405,false]},"author_info":{"info":["tvalairenoti"]},"category_info":"<a href=\"http:\/\/tvalaire.com\/?cat=1\" rel=\"category\">La Piedad<\/a>","tag_info":"La Piedad","comment_count":"0","jetpack_featured_media_url":"http:\/\/tvalaire.com\/wp-content\/uploads\/2018\/11\/01-4-5.jpg","_links":{"self":[{"href":"http:\/\/tvalaire.com\/index.php?rest_route=\/wp\/v2\/posts\/4369"}],"collection":[{"href":"http:\/\/tvalaire.com\/index.php?rest_route=\/wp\/v2\/posts"}],"about":[{"href":"http:\/\/tvalaire.com\/index.php?rest_route=\/wp\/v2\/types\/post"}],"author":[{"embeddable":true,"href":"http:\/\/tvalaire.com\/index.php?rest_route=\/wp\/v2\/users\/1"}],"replies":[{"embeddable":true,"href":"http:\/\/tvalaire.com\/index.php?rest_route=%2Fwp%2Fv2%2Fcomments&post=4369"}],"version-history":[{"count":1,"href":"http:\/\/tvalaire.com\/index.php?rest_route=\/wp\/v2\/posts\/4369\/revisions"}],"predecessor-version":[{"id":4371,"href":"http:\/\/tvalaire.com\/index.php?rest_route=\/wp\/v2\/posts\/4369\/revisions\/4371"}],"wp:featuredmedia":[{"embeddable":true,"href":"http:\/\/tvalaire.com\/index.php?rest_route=\/wp\/v2\/media\/4370"}],"wp:attachment":[{"href":"http:\/\/tvalaire.com\/index.php?rest_route=%2Fwp%2Fv2%2Fmedia&parent=4369"}],"wp:term":[{"taxonomy":"category","embeddable":true,"href":"http:\/\/tvalaire.com\/index.php?rest_route=%2Fwp%2Fv2%2Fcategories&post=4369"},{"taxonomy":"post_tag","embeddable":true,"href":"http:\/\/tvalaire.com\/index.php?rest_route=%2Fwp%2Fv2%2Ftags&post=4369"}],"curies":[{"name":"wp","href":"https:\/\/api.w.org\/{rel}","templated":true}]}}