{"id":4362,"date":"2018-10-01T16:29:06","date_gmt":"2018-10-01T21:29:06","guid":{"rendered":"http:\/\/tvalaire.com\/?p=4362"},"modified":"2018-11-14T16:30:05","modified_gmt":"2018-11-14T22:30:05","slug":"se-invita-a-campana-de-esterilizacion-de-perros-y-gatos","status":"publish","type":"post","link":"http:\/\/tvalaire.com\/?p=4362","title":{"rendered":"SE INVITA A CAMPA\u00d1A DE ESTERILIZACI\u00d3N DE PERROS Y GATOS"},"content":{"rendered":"<p>&nbsp;<\/p>\n<ul>\n<li><b>Se realizar\u00e1 del 4 al 6 de octubre en el Centro Comunitario de la colonia Arroyo Delgado<\/b><\/li>\n<\/ul>\n<ul>\n<li>El Gobierno Municipal promueve la labor que se realizar\u00e1 por sectores o colonias<\/li>\n<\/ul>\n<p>&nbsp;<\/p>\n<p><span style=\"font-weight: 400;\">El Gobierno Municipal de La Piedad a trav\u00e9s de la coordinaci\u00f3n de Ecolog\u00eda y en colaboraci\u00f3n con las empresas LAPISA y ALPOR, llevar\u00e1n a cabo la Campa\u00f1a de Esterilizaci\u00f3n de perros y gatos los d\u00edas 4, 5 y 6 de octubre en el Centro Comunitario de la colonia Arroyo Delgado.<\/span><\/p>\n<p><span style=\"font-weight: 400;\">Por lo que se hace una cordial invitaci\u00f3n a la ciudadan\u00eda que desee el apoyo para sus mascotas a que se acerquen al Centro Comunitario con el fin de integrarlos en dicha actividad.<\/span><\/p>\n<p><span style=\"font-weight: 400;\">El objetivo de esta campa\u00f1a, es evitar en la medida de lo posible la presencia de perros en la calle sin el cuidado de un due\u00f1o, para ello, el Gobierno Municipal a trav\u00e9s de la coordinaci\u00f3n de Ecolog\u00eda continuar\u00e1 con esta actividad y para obtener un mayor impacto se prev\u00e9 realizar por sectores o colonias dentro de los centros comunitarios que se habiliten para este fin.<\/span><\/p>\n<p><span style=\"font-weight: 400;\">El programa de esterilizaci\u00f3n se realizar\u00e1 los d\u00edas ya mencionados en horario de las 09:00 a las 15:00 horas.<\/span><\/p>\n","protected":false},"excerpt":{"rendered":"<p>&nbsp; Se realizar\u00e1 del 4 al 6 de octubre en el Centro Comunitario de la&#8230;<\/p>\n","protected":false},"author":1,"featured_media":4363,"comment_status":"open","ping_status":"open","sticky":false,"template":"","format":"standard","meta":{"jetpack_post_was_ever_published":false,"_jetpack_newsletter_access":"","_jetpack_dont_email_post_to_subs":false,"_jetpack_newsletter_tier_id":0,"_jetpack_memberships_contains_paywalled_content":false,"_jetpack_memberships_contains_paid_content":false,"footnotes":"","jetpack_publicize_message":"","jetpack_publicize_feature_enabled":true,"jetpack_social_post_already_shared":false,"jetpack_social_options":{"image_generator_settings":{"template":"highway","enabled":false},"version":2}},"categories":[1],"tags":[15],"class_list":["post-4362","post","type-post","status-publish","format-standard","has-post-thumbnail","hentry","category-la-piedad","tag-la-piedad"],"jetpack_publicize_connections":[],"jetpack_sharing_enabled":true,"featured_image_urls":{"full":["http:\/\/tvalaire.com\/wp-content\/uploads\/2018\/11\/02-5-1.jpg",2992,2000,false],"thumbnail":["http:\/\/tvalaire.com\/wp-content\/uploads\/2018\/11\/02-5-1-150x150.jpg",150,150,true],"medium":["http:\/\/tvalaire.com\/wp-content\/uploads\/2018\/11\/02-5-1-300x201.jpg",300,201,true],"medium_large":["http:\/\/tvalaire.com\/wp-content\/uploads\/2018\/11\/02-5-1-768x513.jpg",640,428,true],"large":["http:\/\/tvalaire.com\/wp-content\/uploads\/2018\/11\/02-5-1-1024x684.jpg",640,428,true],"post-slider-thumb-size":["http:\/\/tvalaire.com\/wp-content\/uploads\/2018\/11\/02-5-1.jpg",284,190,false],"post-category-slider-size":["http:\/\/tvalaire.com\/wp-content\/uploads\/2018\/11\/02-5-1.jpg",330,221,false],"1536x1536":["http:\/\/tvalaire.com\/wp-content\/uploads\/2018\/11\/02-5-1.jpg",1536,1027,false],"2048x2048":["http:\/\/tvalaire.com\/wp-content\/uploads\/2018\/11\/02-5-1.jpg",2048,1369,false],"newsium-slider-full":["http:\/\/tvalaire.com\/wp-content\/uploads\/2018\/11\/02-5-1.jpg",1264,845,false],"newsium-featured":["http:\/\/tvalaire.com\/wp-content\/uploads\/2018\/11\/02-5-1.jpg",1024,684,false],"newsium-medium":["http:\/\/tvalaire.com\/wp-content\/uploads\/2018\/11\/02-5-1.jpg",711,475,false]},"author_info":{"info":["tvalairenoti"]},"category_info":"<a href=\"http:\/\/tvalaire.com\/?cat=1\" rel=\"category\">La Piedad<\/a>","tag_info":"La Piedad","comment_count":"0","jetpack_featured_media_url":"http:\/\/tvalaire.com\/wp-content\/uploads\/2018\/11\/02-5-1.jpg","_links":{"self":[{"href":"http:\/\/tvalaire.com\/index.php?rest_route=\/wp\/v2\/posts\/4362"}],"collection":[{"href":"http:\/\/tvalaire.com\/index.php?rest_route=\/wp\/v2\/posts"}],"about":[{"href":"http:\/\/tvalaire.com\/index.php?rest_route=\/wp\/v2\/types\/post"}],"author":[{"embeddable":true,"href":"http:\/\/tvalaire.com\/index.php?rest_route=\/wp\/v2\/users\/1"}],"replies":[{"embeddable":true,"href":"http:\/\/tvalaire.com\/index.php?rest_route=%2Fwp%2Fv2%2Fcomments&post=4362"}],"version-history":[{"count":1,"href":"http:\/\/tvalaire.com\/index.php?rest_route=\/wp\/v2\/posts\/4362\/revisions"}],"predecessor-version":[{"id":4364,"href":"http:\/\/tvalaire.com\/index.php?rest_route=\/wp\/v2\/posts\/4362\/revisions\/4364"}],"wp:featuredmedia":[{"embeddable":true,"href":"http:\/\/tvalaire.com\/index.php?rest_route=\/wp\/v2\/media\/4363"}],"wp:attachment":[{"href":"http:\/\/tvalaire.com\/index.php?rest_route=%2Fwp%2Fv2%2Fmedia&parent=4362"}],"wp:term":[{"taxonomy":"category","embeddable":true,"href":"http:\/\/tvalaire.com\/index.php?rest_route=%2Fwp%2Fv2%2Fcategories&post=4362"},{"taxonomy":"post_tag","embeddable":true,"href":"http:\/\/tvalaire.com\/index.php?rest_route=%2Fwp%2Fv2%2Ftags&post=4362"}],"curies":[{"name":"wp","href":"https:\/\/api.w.org\/{rel}","templated":true}]}}