{"id":4343,"date":"2018-09-27T16:21:57","date_gmt":"2018-09-27T21:21:57","guid":{"rendered":"http:\/\/tvalaire.com\/?p=4343"},"modified":"2018-11-14T16:22:31","modified_gmt":"2018-11-14T22:22:31","slug":"la-independencia-de-mexico-no-es-una-obra-totalmente-concluida-jose-eduardo-torres","status":"publish","type":"post","link":"http:\/\/tvalaire.com\/?p=4343","title":{"rendered":"\u201cLA INDEPENDENCIA DE M\u00c9XICO NO ES UNA OBRA TOTALMENTE CONCLUIDA\u201d: JOS\u00c9 EDUARDO TORRES"},"content":{"rendered":"<p>&nbsp;<\/p>\n<ul>\n<li><b>Autoridades conmemoran 197 a\u00f1os de la Consumaci\u00f3n de Independencia<\/b><\/li>\n<\/ul>\n<ul>\n<li>El Regidor invit\u00f3 a honrar el ejercicio del servidor p\u00fablico<\/li>\n<\/ul>\n<p>&nbsp;<\/p>\n<p><span style=\"font-weight: 400;\">Autoridades civiles y educativas, conmemoraron un aniversario m\u00e1s de la Consumaci\u00f3n de la Independencia de M\u00e9xico, en un acto en donde el regidor Jos\u00e9 Eduardo Torres, orador oficial dijo que los mexicanos deben tomar en cuenta que la Independencia de M\u00e9xico no es una obra totalmente concluida.<\/span><\/p>\n<p><span style=\"font-weight: 400;\">Por tanto, destac\u00f3 que cada uno de los ah\u00ed presentes, deb\u00edan comprometerse en consumar lo que nuestros antepasados comenzaron.<\/span><\/p>\n<p><span style=\"font-weight: 400;\">\u201cTerminemos de una vez por todas con la violencia y la inseguridad, erradiquemos el c\u00e1ncer de la corrupci\u00f3n que tanto ha perjudicado el progreso del pa\u00eds\u201d, expuso.<\/span><\/p>\n<p><span style=\"font-weight: 400;\">Y a nombre de sus compa\u00f1eros del Cabildo, estableci\u00f3 el compromiso de hacer lo posible por honrar el ejercicio del servidor p\u00fablico y trabajar bajo la misi\u00f3n de reconstruir el tejido social, para tener una sociedad m\u00e1s justa, libre de violencia, en la que haya oportunidades para todos.<\/span><\/p>\n<p><span style=\"font-weight: 400;\">El acto c\u00edvico estuvo encabezado por el alcalde Alex Espinoza, integrantes del Cabildo, directores del Gobierno Municipal, as\u00ed como personal directivo del colegio Juana de Asbaje a quien correspondi\u00f3 la organizaci\u00f3n de este evento.<\/span><\/p>\n<p><span style=\"font-weight: 400;\">Durante el acto, las autoridades presentes rindieron honores a la Bandera, se enton\u00f3 el Himno Nacional y se dio lectura a una ficha hist\u00f3rica en la que se recordaron a los h\u00e9roes iniciadores del movimiento en cuesti\u00f3n.<\/span><\/p>\n","protected":false},"excerpt":{"rendered":"<p>&nbsp; Autoridades conmemoran 197 a\u00f1os de la Consumaci\u00f3n de Independencia El Regidor invit\u00f3 a honrar&#8230;<\/p>\n","protected":false},"author":1,"featured_media":4344,"comment_status":"open","ping_status":"open","sticky":false,"template":"","format":"standard","meta":{"jetpack_post_was_ever_published":false,"_jetpack_newsletter_access":"","_jetpack_dont_email_post_to_subs":false,"_jetpack_newsletter_tier_id":0,"_jetpack_memberships_contains_paywalled_content":false,"_jetpack_memberships_contains_paid_content":false,"footnotes":"","jetpack_publicize_message":"","jetpack_publicize_feature_enabled":true,"jetpack_social_post_already_shared":false,"jetpack_social_options":{"image_generator_settings":{"template":"highway","enabled":false},"version":2}},"categories":[1],"tags":[15],"class_list":["post-4343","post","type-post","status-publish","format-standard","has-post-thumbnail","hentry","category-la-piedad","tag-la-piedad"],"jetpack_publicize_connections":[],"jetpack_sharing_enabled":true,"featured_image_urls":{"full":["http:\/\/tvalaire.com\/wp-content\/uploads\/2018\/11\/01-6-4.jpg",1024,684,false],"thumbnail":["http:\/\/tvalaire.com\/wp-content\/uploads\/2018\/11\/01-6-4-150x150.jpg",150,150,true],"medium":["http:\/\/tvalaire.com\/wp-content\/uploads\/2018\/11\/01-6-4-300x200.jpg",300,200,true],"medium_large":["http:\/\/tvalaire.com\/wp-content\/uploads\/2018\/11\/01-6-4-768x513.jpg",640,428,true],"large":["http:\/\/tvalaire.com\/wp-content\/uploads\/2018\/11\/01-6-4-1024x684.jpg",640,428,true],"post-slider-thumb-size":["http:\/\/tvalaire.com\/wp-content\/uploads\/2018\/11\/01-6-4.jpg",284,190,false],"post-category-slider-size":["http:\/\/tvalaire.com\/wp-content\/uploads\/2018\/11\/01-6-4.jpg",330,220,false],"1536x1536":["http:\/\/tvalaire.com\/wp-content\/uploads\/2018\/11\/01-6-4.jpg",1024,684,false],"2048x2048":["http:\/\/tvalaire.com\/wp-content\/uploads\/2018\/11\/01-6-4.jpg",1024,684,false],"newsium-slider-full":["http:\/\/tvalaire.com\/wp-content\/uploads\/2018\/11\/01-6-4.jpg",1024,684,false],"newsium-featured":["http:\/\/tvalaire.com\/wp-content\/uploads\/2018\/11\/01-6-4.jpg",1024,684,false],"newsium-medium":["http:\/\/tvalaire.com\/wp-content\/uploads\/2018\/11\/01-6-4.jpg",711,475,false]},"author_info":{"info":["tvalairenoti"]},"category_info":"<a href=\"http:\/\/tvalaire.com\/?cat=1\" rel=\"category\">La Piedad<\/a>","tag_info":"La Piedad","comment_count":"0","jetpack_featured_media_url":"http:\/\/tvalaire.com\/wp-content\/uploads\/2018\/11\/01-6-4.jpg","_links":{"self":[{"href":"http:\/\/tvalaire.com\/index.php?rest_route=\/wp\/v2\/posts\/4343"}],"collection":[{"href":"http:\/\/tvalaire.com\/index.php?rest_route=\/wp\/v2\/posts"}],"about":[{"href":"http:\/\/tvalaire.com\/index.php?rest_route=\/wp\/v2\/types\/post"}],"author":[{"embeddable":true,"href":"http:\/\/tvalaire.com\/index.php?rest_route=\/wp\/v2\/users\/1"}],"replies":[{"embeddable":true,"href":"http:\/\/tvalaire.com\/index.php?rest_route=%2Fwp%2Fv2%2Fcomments&post=4343"}],"version-history":[{"count":1,"href":"http:\/\/tvalaire.com\/index.php?rest_route=\/wp\/v2\/posts\/4343\/revisions"}],"predecessor-version":[{"id":4345,"href":"http:\/\/tvalaire.com\/index.php?rest_route=\/wp\/v2\/posts\/4343\/revisions\/4345"}],"wp:featuredmedia":[{"embeddable":true,"href":"http:\/\/tvalaire.com\/index.php?rest_route=\/wp\/v2\/media\/4344"}],"wp:attachment":[{"href":"http:\/\/tvalaire.com\/index.php?rest_route=%2Fwp%2Fv2%2Fmedia&parent=4343"}],"wp:term":[{"taxonomy":"category","embeddable":true,"href":"http:\/\/tvalaire.com\/index.php?rest_route=%2Fwp%2Fv2%2Fcategories&post=4343"},{"taxonomy":"post_tag","embeddable":true,"href":"http:\/\/tvalaire.com\/index.php?rest_route=%2Fwp%2Fv2%2Ftags&post=4343"}],"curies":[{"name":"wp","href":"https:\/\/api.w.org\/{rel}","templated":true}]}}