{"id":4328,"date":"2018-09-25T16:14:37","date_gmt":"2018-09-25T21:14:37","guid":{"rendered":"http:\/\/tvalaire.com\/?p=4328"},"modified":"2018-11-14T16:15:45","modified_gmt":"2018-11-14T22:15:45","slug":"implementan-lineas-de-accion-en-beneficio-de-mujeres-en-situacion-de-carcel","status":"publish","type":"post","link":"http:\/\/tvalaire.com\/?p=4328","title":{"rendered":"IMPLEMENTAN L\u00cdNEAS DE ACCI\u00d3N EN BENEFICIO DE MUJERES EN SITUACI\u00d3N DE C\u00c1RCEL"},"content":{"rendered":"<p>&nbsp;<\/p>\n<ul>\n<li><b>Establecen acciones en pro de su verdadera reinserci\u00f3n en la sociedad<\/b><\/li>\n<\/ul>\n<ul>\n<li>Participan representantes de instituciones de Gobierno Estatal y Municipal<\/li>\n<\/ul>\n<p>&nbsp;<\/p>\n<p><span style=\"font-weight: 400;\">Implementa Gobierno, l\u00edneas de acci\u00f3n en beneficio de las mujeres en situaci\u00f3n de c\u00e1rcel; se re\u00fanen diversas instancias de gobierno estatal y municipal para instrumentar una mec\u00e1nica de trabajo que permita a quienes se encuentran privadas de su libertad a que puedan vivir de la mejor manera.<\/span><\/p>\n<p><span style=\"font-weight: 400;\">Con este fin, se instalaron diversas mesas de trabajo sobre la implementaci\u00f3n de las l\u00edneas de acci\u00f3n que beneficien a las mujeres en situaci\u00f3n de c\u00e1rcel, a trav\u00e9s de una reuni\u00f3n que se desarroll\u00f3 en el Centro Cultural Piedadense y que estuvo encabezada por Nuria Gabriela Hern\u00e1ndez Abarca, Secretaria de Igualdad Sustantiva y Desarrollo de las Mujeres (SEIMUJER); Liliana Flores Castro, Presidenta del DIF Municipal; Miledi Rodr\u00edguez Rosas, directora de Prevenci\u00f3n y Reinserci\u00f3n Social; Claudia Eugenia Buenrostro D\u00edaz, directora del Instituto de la Mujer; regidores, directores, representantes del sector salud e ICATMI, entre otros.<\/span><\/p>\n<p><span style=\"font-weight: 400;\">Claudia Eugenia Buenrostro en su mensaje de bienvenida dio datos proporcionados por la Comisi\u00f3n Nacional de Derechos Humanos (CNDH), el \u00f3rgano administrativo desconcertado de Prevenci\u00f3n y Readaptaci\u00f3n Social, en los que destaca que durante la encuesta del 2016 se registr\u00f3 una tasa de 173 personas privadas de su libertad por cada 100 mil habitantes. De esa poblaci\u00f3n el 68.1 por ciento ten\u00eda entre 18 a 39 a\u00f1os de edad; 94.1 por ciento sab\u00eda leer y escribir y el 72.1 por ciento ten\u00eda estudios de educaci\u00f3n b\u00e1sica. De \u00e9sta cifra, s\u00f3lo el 4.57 por ciento corresponde a la poblaci\u00f3n femenil.<\/span><\/p>\n<p><span style=\"font-weight: 400;\">La funcionaria indic\u00f3 que hoy el reto es que de las 53 mil mujeres que hay en La Piedad, pongan un granito de arena en pro de las 15 que se encuentran en situaci\u00f3n de c\u00e1rcel que sufren diversas problemas como el de salud e incluso discriminaci\u00f3n.<\/span><\/p>\n<p><span style=\"font-weight: 400;\">Destac\u00f3 que el estar en reclusi\u00f3n, no les quita el derecho de ser personas, sin embargo, viven un gran abandono ya que se ha detectado que de las 15 que se encuentran privadas de su libertad semanalmente s\u00f3lo visitan a 10 de ellas, mientras que en el caso de los hombres todos son frecuentados por sus familiares.<\/span><\/p>\n<p><span style=\"font-weight: 400;\">Es por eso, que es preciso acercar todos los servicios y apoyarlas a desarrollar alguna actividad para obtener su verdadera reinserci\u00f3n en la sociedad y para lo cual el ICATMI, Jurisdicci\u00f3n Sanitaria y las instancias ah\u00ed presentes, se ofrecieron a colaborar en uno de los cinco ejes que incluye, trabajo, capacitaci\u00f3n, salud, educaci\u00f3n y deporte.<\/span><\/p>\n","protected":false},"excerpt":{"rendered":"<p>&nbsp; Establecen acciones en pro de su verdadera reinserci\u00f3n en la sociedad Participan representantes de&#8230;<\/p>\n","protected":false},"author":1,"featured_media":4329,"comment_status":"open","ping_status":"open","sticky":false,"template":"","format":"standard","meta":{"jetpack_post_was_ever_published":false,"_jetpack_newsletter_access":"","_jetpack_dont_email_post_to_subs":false,"_jetpack_newsletter_tier_id":0,"_jetpack_memberships_contains_paywalled_content":false,"_jetpack_memberships_contains_paid_content":false,"footnotes":"","jetpack_publicize_message":"","jetpack_publicize_feature_enabled":true,"jetpack_social_post_already_shared":false,"jetpack_social_options":{"image_generator_settings":{"template":"highway","enabled":false},"version":2}},"categories":[1],"tags":[15],"class_list":["post-4328","post","type-post","status-publish","format-standard","has-post-thumbnail","hentry","category-la-piedad","tag-la-piedad"],"jetpack_publicize_connections":[],"jetpack_sharing_enabled":true,"featured_image_urls":{"full":["http:\/\/tvalaire.com\/wp-content\/uploads\/2018\/11\/01-8-2.jpg",1024,684,false],"thumbnail":["http:\/\/tvalaire.com\/wp-content\/uploads\/2018\/11\/01-8-2-150x150.jpg",150,150,true],"medium":["http:\/\/tvalaire.com\/wp-content\/uploads\/2018\/11\/01-8-2-300x200.jpg",300,200,true],"medium_large":["http:\/\/tvalaire.com\/wp-content\/uploads\/2018\/11\/01-8-2-768x513.jpg",640,428,true],"large":["http:\/\/tvalaire.com\/wp-content\/uploads\/2018\/11\/01-8-2-1024x684.jpg",640,428,true],"post-slider-thumb-size":["http:\/\/tvalaire.com\/wp-content\/uploads\/2018\/11\/01-8-2.jpg",284,190,false],"post-category-slider-size":["http:\/\/tvalaire.com\/wp-content\/uploads\/2018\/11\/01-8-2.jpg",330,220,false],"1536x1536":["http:\/\/tvalaire.com\/wp-content\/uploads\/2018\/11\/01-8-2.jpg",1024,684,false],"2048x2048":["http:\/\/tvalaire.com\/wp-content\/uploads\/2018\/11\/01-8-2.jpg",1024,684,false],"newsium-slider-full":["http:\/\/tvalaire.com\/wp-content\/uploads\/2018\/11\/01-8-2.jpg",1024,684,false],"newsium-featured":["http:\/\/tvalaire.com\/wp-content\/uploads\/2018\/11\/01-8-2.jpg",1024,684,false],"newsium-medium":["http:\/\/tvalaire.com\/wp-content\/uploads\/2018\/11\/01-8-2.jpg",711,475,false]},"author_info":{"info":["tvalairenoti"]},"category_info":"<a href=\"http:\/\/tvalaire.com\/?cat=1\" rel=\"category\">La Piedad<\/a>","tag_info":"La Piedad","comment_count":"0","jetpack_featured_media_url":"http:\/\/tvalaire.com\/wp-content\/uploads\/2018\/11\/01-8-2.jpg","_links":{"self":[{"href":"http:\/\/tvalaire.com\/index.php?rest_route=\/wp\/v2\/posts\/4328"}],"collection":[{"href":"http:\/\/tvalaire.com\/index.php?rest_route=\/wp\/v2\/posts"}],"about":[{"href":"http:\/\/tvalaire.com\/index.php?rest_route=\/wp\/v2\/types\/post"}],"author":[{"embeddable":true,"href":"http:\/\/tvalaire.com\/index.php?rest_route=\/wp\/v2\/users\/1"}],"replies":[{"embeddable":true,"href":"http:\/\/tvalaire.com\/index.php?rest_route=%2Fwp%2Fv2%2Fcomments&post=4328"}],"version-history":[{"count":1,"href":"http:\/\/tvalaire.com\/index.php?rest_route=\/wp\/v2\/posts\/4328\/revisions"}],"predecessor-version":[{"id":4330,"href":"http:\/\/tvalaire.com\/index.php?rest_route=\/wp\/v2\/posts\/4328\/revisions\/4330"}],"wp:featuredmedia":[{"embeddable":true,"href":"http:\/\/tvalaire.com\/index.php?rest_route=\/wp\/v2\/media\/4329"}],"wp:attachment":[{"href":"http:\/\/tvalaire.com\/index.php?rest_route=%2Fwp%2Fv2%2Fmedia&parent=4328"}],"wp:term":[{"taxonomy":"category","embeddable":true,"href":"http:\/\/tvalaire.com\/index.php?rest_route=%2Fwp%2Fv2%2Fcategories&post=4328"},{"taxonomy":"post_tag","embeddable":true,"href":"http:\/\/tvalaire.com\/index.php?rest_route=%2Fwp%2Fv2%2Ftags&post=4328"}],"curies":[{"name":"wp","href":"https:\/\/api.w.org\/{rel}","templated":true}]}}