{"id":4322,"date":"2018-09-25T16:12:20","date_gmt":"2018-09-25T21:12:20","guid":{"rendered":"http:\/\/tvalaire.com\/?p=4322"},"modified":"2018-11-14T16:13:14","modified_gmt":"2018-11-14T22:13:14","slug":"se-convoca-a-participar-de-la-campana-reciclatron","status":"publish","type":"post","link":"http:\/\/tvalaire.com\/?p=4322","title":{"rendered":"SE CONVOCA A PARTICIPAR DE LA CAMPA\u00d1A \u201cRECICLATR\u00d3N\u201d"},"content":{"rendered":"<p>&nbsp;<\/p>\n<ul>\n<li><b>Se busca recolectar los desechos electr\u00f3nicos que est\u00e9n en desuso<\/b><\/li>\n<\/ul>\n<ul>\n<li>Participar\u00e1n instituciones educativas y empresas privadas de la ciudad<\/li>\n<\/ul>\n<p>&nbsp;<\/p>\n<p><span style=\"font-weight: 400;\">El Gobierno Municipal de La Piedad a trav\u00e9s de la Coordinaci\u00f3n de Ecolog\u00eda, anunci\u00f3 el arranque de la campa\u00f1a \u201cReciclatr\u00f3n\u201d a partir de este jueves 27 de septiembre a las 10:00 horas en la ciudad.<\/span><\/p>\n<p><span style=\"font-weight: 400;\">A trav\u00e9s de la misma, el Gobierno Municipal busca realizar un trabajo coordinado por Ecolog\u00eda e instituciones educativas y empresas de la localidad, para iniciar con la recolecci\u00f3n de desechos electr\u00f3nicos.<\/span><\/p>\n<p><span style=\"font-weight: 400;\">Por lo que se invit\u00f3 a la ciudadan\u00eda a ser part\u00edcipe de esta campa\u00f1a, trayendo sus aparatos electr\u00f3nicos que ya no sirvan.<\/span><\/p>\n<p><span style=\"font-weight: 400;\">Para obtener un mejor resultado en la recolecci\u00f3n de los mismos, la coordinaci\u00f3n de Ecolog\u00eda, establecer\u00e1 un programa mediante el cual pasar\u00e1 a los domicilios de las instituciones y empresas participantes, para recolectar la basura tecnol\u00f3gica que les hagan llegar a los mismos.<\/span><\/p>\n<p><span style=\"font-weight: 400;\">A su vez, establecer\u00e1n un programa para instalar peri\u00f3dicamente un remolque recolector en el parque Morelos, Plaza Principal y diferentes puntos de la localidad, con la finalidad de abarcar todo el municipio.<\/span><\/p>\n","protected":false},"excerpt":{"rendered":"<p>&nbsp; Se busca recolectar los desechos electr\u00f3nicos que est\u00e9n en desuso Participar\u00e1n instituciones educativas y&#8230;<\/p>\n","protected":false},"author":1,"featured_media":4323,"comment_status":"open","ping_status":"open","sticky":false,"template":"","format":"standard","meta":{"jetpack_post_was_ever_published":false,"_jetpack_newsletter_access":"","_jetpack_dont_email_post_to_subs":false,"_jetpack_newsletter_tier_id":0,"_jetpack_memberships_contains_paywalled_content":false,"_jetpack_memberships_contains_paid_content":false,"footnotes":"","jetpack_publicize_message":"","jetpack_publicize_feature_enabled":true,"jetpack_social_post_already_shared":false,"jetpack_social_options":{"image_generator_settings":{"template":"highway","enabled":false},"version":2}},"categories":[1],"tags":[15],"class_list":["post-4322","post","type-post","status-publish","format-standard","has-post-thumbnail","hentry","category-la-piedad","tag-la-piedad"],"jetpack_publicize_connections":[],"jetpack_sharing_enabled":true,"featured_image_urls":{"full":["http:\/\/tvalaire.com\/wp-content\/uploads\/2018\/11\/1-2.jpg",4608,3072,false],"thumbnail":["http:\/\/tvalaire.com\/wp-content\/uploads\/2018\/11\/1-2-150x150.jpg",150,150,true],"medium":["http:\/\/tvalaire.com\/wp-content\/uploads\/2018\/11\/1-2-300x200.jpg",300,200,true],"medium_large":["http:\/\/tvalaire.com\/wp-content\/uploads\/2018\/11\/1-2-768x512.jpg",640,427,true],"large":["http:\/\/tvalaire.com\/wp-content\/uploads\/2018\/11\/1-2-1024x683.jpg",640,427,true],"post-slider-thumb-size":["http:\/\/tvalaire.com\/wp-content\/uploads\/2018\/11\/1-2.jpg",285,190,false],"post-category-slider-size":["http:\/\/tvalaire.com\/wp-content\/uploads\/2018\/11\/1-2.jpg",330,220,false],"1536x1536":["http:\/\/tvalaire.com\/wp-content\/uploads\/2018\/11\/1-2.jpg",1536,1024,false],"2048x2048":["http:\/\/tvalaire.com\/wp-content\/uploads\/2018\/11\/1-2.jpg",2048,1365,false],"newsium-slider-full":["http:\/\/tvalaire.com\/wp-content\/uploads\/2018\/11\/1-2.jpg",1268,845,false],"newsium-featured":["http:\/\/tvalaire.com\/wp-content\/uploads\/2018\/11\/1-2.jpg",1024,683,false],"newsium-medium":["http:\/\/tvalaire.com\/wp-content\/uploads\/2018\/11\/1-2.jpg",713,475,false]},"author_info":{"info":["tvalairenoti"]},"category_info":"<a href=\"http:\/\/tvalaire.com\/?cat=1\" rel=\"category\">La Piedad<\/a>","tag_info":"La Piedad","comment_count":"0","jetpack_featured_media_url":"http:\/\/tvalaire.com\/wp-content\/uploads\/2018\/11\/1-2.jpg","_links":{"self":[{"href":"http:\/\/tvalaire.com\/index.php?rest_route=\/wp\/v2\/posts\/4322"}],"collection":[{"href":"http:\/\/tvalaire.com\/index.php?rest_route=\/wp\/v2\/posts"}],"about":[{"href":"http:\/\/tvalaire.com\/index.php?rest_route=\/wp\/v2\/types\/post"}],"author":[{"embeddable":true,"href":"http:\/\/tvalaire.com\/index.php?rest_route=\/wp\/v2\/users\/1"}],"replies":[{"embeddable":true,"href":"http:\/\/tvalaire.com\/index.php?rest_route=%2Fwp%2Fv2%2Fcomments&post=4322"}],"version-history":[{"count":1,"href":"http:\/\/tvalaire.com\/index.php?rest_route=\/wp\/v2\/posts\/4322\/revisions"}],"predecessor-version":[{"id":4324,"href":"http:\/\/tvalaire.com\/index.php?rest_route=\/wp\/v2\/posts\/4322\/revisions\/4324"}],"wp:featuredmedia":[{"embeddable":true,"href":"http:\/\/tvalaire.com\/index.php?rest_route=\/wp\/v2\/media\/4323"}],"wp:attachment":[{"href":"http:\/\/tvalaire.com\/index.php?rest_route=%2Fwp%2Fv2%2Fmedia&parent=4322"}],"wp:term":[{"taxonomy":"category","embeddable":true,"href":"http:\/\/tvalaire.com\/index.php?rest_route=%2Fwp%2Fv2%2Fcategories&post=4322"},{"taxonomy":"post_tag","embeddable":true,"href":"http:\/\/tvalaire.com\/index.php?rest_route=%2Fwp%2Fv2%2Ftags&post=4322"}],"curies":[{"name":"wp","href":"https:\/\/api.w.org\/{rel}","templated":true}]}}