{"id":4316,"date":"2018-09-25T16:10:10","date_gmt":"2018-09-25T21:10:10","guid":{"rendered":"http:\/\/tvalaire.com\/?p=4316"},"modified":"2018-11-14T16:10:43","modified_gmt":"2018-11-14T22:10:43","slug":"imm-inicia-con-ciclo-de-conferencias-de-concientizacion-para-padres-de-familia","status":"publish","type":"post","link":"http:\/\/tvalaire.com\/?p=4316","title":{"rendered":"IMM INICIA CON CICLO DE CONFERENCIAS DE CONCIENTIZACI\u00d3N PARA PADRES DE FAMILIA"},"content":{"rendered":"<p>&nbsp;<\/p>\n<ul>\n<li><b>\u201cLas marcas de la violencia\u201d es el t\u00edtulo de la pl\u00e1tica<\/b><\/li>\n<\/ul>\n<ul>\n<li>Primarias pueden solicitar las charlas para su instituci\u00f3n<\/li>\n<\/ul>\n<p>&nbsp;<\/p>\n<p><span style=\"font-weight: 400;\">El Presidente Municipal de La Piedad encomend\u00f3 al Instituto Municipal de la Mujer (IMM) dar inicio con un ciclo de conferencias con la finalidad de concientizar a los padres de familia de las escuelas primarias, sobre la violencia de g\u00e9nero.<\/span><\/p>\n<p><span style=\"font-weight: 400;\">La primera conferencia impartida por personal de las \u00e1reas de psicolog\u00eda, asesor\u00eda legal y nutrici\u00f3n, se llev\u00f3 a cabo en la escuela primaria \u201cGabino V\u00e1zquez\u201d en su turno matutino con el t\u00edtulo \u201cLas marcas de la violencia\u201d.<\/span><\/p>\n<p><span style=\"font-weight: 400;\">A la pl\u00e1tica asisti\u00f3 un total de 200 madres y padres de familia de los ni\u00f1os que actualmente cursan la primaria, quienes mientras sus pap\u00e1s estaban en la conferencia ellos fueron atendidos por personal del \u00e1rea de nutrici\u00f3n.<\/span><\/p>\n<p><span style=\"font-weight: 400;\">Durante la charla, las especialistas del Instituto de la Mujer hablaron de las huellas f\u00edsicas, psicol\u00f3gicas y emocionales que deja todo tipo de violencia, as\u00ed como las acciones legales con las cuales las pueden combatir. <\/span><\/p>\n<p><span style=\"font-weight: 400;\">Claudia Eugenia Buenrostro, directora del Instituto de la Mujer indic\u00f3 que en esta primera etapa, las conferencias estar\u00e1n dirigidas a los padres de familia de los ni\u00f1os de las primarias que lo soliciten, pero una vez visitadas todas las escuelas, continuar\u00e1n con las de Secundaria y Preparatoria, pues se busca generar un mayor impacto en el combate frontal de la violencia de g\u00e9nero.<\/span><\/p>\n","protected":false},"excerpt":{"rendered":"<p>&nbsp; \u201cLas marcas de la violencia\u201d es el t\u00edtulo de la pl\u00e1tica Primarias pueden solicitar&#8230;<\/p>\n","protected":false},"author":1,"featured_media":4317,"comment_status":"open","ping_status":"open","sticky":false,"template":"","format":"standard","meta":{"jetpack_post_was_ever_published":false,"_jetpack_newsletter_access":"","_jetpack_dont_email_post_to_subs":false,"_jetpack_newsletter_tier_id":0,"_jetpack_memberships_contains_paywalled_content":false,"_jetpack_memberships_contains_paid_content":false,"footnotes":"","jetpack_publicize_message":"","jetpack_publicize_feature_enabled":true,"jetpack_social_post_already_shared":false,"jetpack_social_options":{"image_generator_settings":{"template":"highway","enabled":false},"version":2}},"categories":[1],"tags":[15],"class_list":["post-4316","post","type-post","status-publish","format-standard","has-post-thumbnail","hentry","category-la-piedad","tag-la-piedad"],"jetpack_publicize_connections":[],"jetpack_sharing_enabled":true,"featured_image_urls":{"full":["http:\/\/tvalaire.com\/wp-content\/uploads\/2018\/11\/01-4.jpeg",864,1152,false],"thumbnail":["http:\/\/tvalaire.com\/wp-content\/uploads\/2018\/11\/01-4-150x150.jpeg",150,150,true],"medium":["http:\/\/tvalaire.com\/wp-content\/uploads\/2018\/11\/01-4-225x300.jpeg",225,300,true],"medium_large":["http:\/\/tvalaire.com\/wp-content\/uploads\/2018\/11\/01-4-768x1024.jpeg",640,853,true],"large":["http:\/\/tvalaire.com\/wp-content\/uploads\/2018\/11\/01-4-768x1024.jpeg",640,853,true],"post-slider-thumb-size":["http:\/\/tvalaire.com\/wp-content\/uploads\/2018\/11\/01-4.jpeg",143,190,false],"post-category-slider-size":["http:\/\/tvalaire.com\/wp-content\/uploads\/2018\/11\/01-4.jpeg",263,350,false],"1536x1536":["http:\/\/tvalaire.com\/wp-content\/uploads\/2018\/11\/01-4.jpeg",864,1152,false],"2048x2048":["http:\/\/tvalaire.com\/wp-content\/uploads\/2018\/11\/01-4.jpeg",864,1152,false],"newsium-slider-full":["http:\/\/tvalaire.com\/wp-content\/uploads\/2018\/11\/01-4.jpeg",634,845,false],"newsium-featured":["http:\/\/tvalaire.com\/wp-content\/uploads\/2018\/11\/01-4.jpeg",864,1152,false],"newsium-medium":["http:\/\/tvalaire.com\/wp-content\/uploads\/2018\/11\/01-4.jpeg",356,475,false]},"author_info":{"info":["tvalairenoti"]},"category_info":"<a href=\"http:\/\/tvalaire.com\/?cat=1\" rel=\"category\">La Piedad<\/a>","tag_info":"La Piedad","comment_count":"0","jetpack_featured_media_url":"http:\/\/tvalaire.com\/wp-content\/uploads\/2018\/11\/01-4.jpeg","_links":{"self":[{"href":"http:\/\/tvalaire.com\/index.php?rest_route=\/wp\/v2\/posts\/4316"}],"collection":[{"href":"http:\/\/tvalaire.com\/index.php?rest_route=\/wp\/v2\/posts"}],"about":[{"href":"http:\/\/tvalaire.com\/index.php?rest_route=\/wp\/v2\/types\/post"}],"author":[{"embeddable":true,"href":"http:\/\/tvalaire.com\/index.php?rest_route=\/wp\/v2\/users\/1"}],"replies":[{"embeddable":true,"href":"http:\/\/tvalaire.com\/index.php?rest_route=%2Fwp%2Fv2%2Fcomments&post=4316"}],"version-history":[{"count":1,"href":"http:\/\/tvalaire.com\/index.php?rest_route=\/wp\/v2\/posts\/4316\/revisions"}],"predecessor-version":[{"id":4318,"href":"http:\/\/tvalaire.com\/index.php?rest_route=\/wp\/v2\/posts\/4316\/revisions\/4318"}],"wp:featuredmedia":[{"embeddable":true,"href":"http:\/\/tvalaire.com\/index.php?rest_route=\/wp\/v2\/media\/4317"}],"wp:attachment":[{"href":"http:\/\/tvalaire.com\/index.php?rest_route=%2Fwp%2Fv2%2Fmedia&parent=4316"}],"wp:term":[{"taxonomy":"category","embeddable":true,"href":"http:\/\/tvalaire.com\/index.php?rest_route=%2Fwp%2Fv2%2Fcategories&post=4316"},{"taxonomy":"post_tag","embeddable":true,"href":"http:\/\/tvalaire.com\/index.php?rest_route=%2Fwp%2Fv2%2Ftags&post=4316"}],"curies":[{"name":"wp","href":"https:\/\/api.w.org\/{rel}","templated":true}]}}