{"id":4312,"date":"2018-09-24T16:08:49","date_gmt":"2018-09-24T21:08:49","guid":{"rendered":"http:\/\/tvalaire.com\/?p=4312"},"modified":"2018-11-14T16:09:30","modified_gmt":"2018-11-14T22:09:30","slug":"monitorea-gobierno-y-proteccion-civil-los-niveles-del-rio-lerma","status":"publish","type":"post","link":"http:\/\/tvalaire.com\/?p=4312","title":{"rendered":"MONITOREA GOBIERNO Y PROTECCI\u00d3N CIVIL LOS NIVELES DEL R\u00cdO LERMA"},"content":{"rendered":"<p>&nbsp;<\/p>\n<ul>\n<li><b>En las colonias El Malec\u00f3n e Infonavit \u201cDr. Miguel Silva\u201d hay vigilancia constante<\/b><\/li>\n<\/ul>\n<ul>\n<li>Hay coordinaci\u00f3n entre dependencias de Gobierno, corporaciones de auxilio y autoridades estatales<\/li>\n<\/ul>\n<p>&nbsp;<\/p>\n<p><span style=\"font-weight: 400;\">El Presidente Municipal Alex Espinoza, realiz\u00f3 un recorrido de vigilancia y supervisi\u00f3n del nivel del r\u00edo Lerma en la colonia El Malec\u00f3n, as\u00ed como del arroyo 5 de oros en el Infonavit \u201cDr. Miguel Silva\u201d, con la finalidad de estrechar los v\u00ednculos entre el Gobierno y la poblaci\u00f3n, para actuar de manera coordinada en caso de ser necesario.<\/span><\/p>\n<p><span style=\"font-weight: 400;\">En el recorrido el Alcalde estuvo acompa\u00f1ado del Secretario del Ayuntamiento, Samuel Hidalgo Gallardo y el coordinador de Protecci\u00f3n Civil Municipal, Juan N\u00fa\u00f1ez Naranjo, quien report\u00f3 un incremento de 20 cent\u00edmetros en el nivel del Lerma, lo que ocasion\u00f3 m\u00e1s encharcamientos sobre la avenida El Malec\u00f3n en el fraccionamiento que lleva este mismo nombre.<\/span><\/p>\n<p><span style=\"font-weight: 400;\">Cabe destacar que el domingo por la noche, el Alcalde instal\u00f3 al Consejo Municipal de Protecci\u00f3n Civil e instruy\u00f3 a las dependencias de Gobierno a trabajar de manera coordinada.<\/span><\/p>\n<p><span style=\"font-weight: 400;\">Por tanto, dependencias como Desarrollo Social tiene listo el primer albergue habilitado en el Centro Comunitario de la colonia M\u00e9xico; la Presidenta y directora del DIF Liliana Flores Castro y Brenda Orozco Torres, est\u00e1n preparadas para iniciar desde hoy una visita de revisi\u00f3n de aquellos casos que requieran evacuaci\u00f3n en estas colonias y llevarlos a espacios que ya tienen preparados.<\/span><\/p>\n<p><span style=\"font-weight: 400;\">Juan N\u00fa\u00f1ez indic\u00f3 que hasta esta ma\u00f1ana el nivel del antiguo cauce del Lerma estaba en 6 metros y el dren 5.9 metros por lo que la Comisi\u00f3n Nacional del Agua (CONAGUA), abrir\u00eda las compuertas, con la finalidad de bajar el nivel.<\/span><\/p>\n<p><span style=\"font-weight: 400;\">Explic\u00f3 que el incremento del agua se debe a las lluvias at\u00edpicas presentadas en esta regi\u00f3n y al desag\u00fce de las presas de Guanajuato y el Estado de M\u00e9xico, aunado a que las presas del municipio se encuentran al 100 por ciento de su capacidad.<\/span><\/p>\n<p><span style=\"font-weight: 400;\">Pese a todo esto, el Alcalde se dijo listo para cualquier eventualidad y gir\u00f3 instrucciones al personal del Consejo de Protecci\u00f3n Civil para realizar monitoreos constantes al r\u00edo y las colonias afectadas, con el apoyo de personal de Seguridad P\u00fablica y Tr\u00e1nsito, para actuar en caso de ser necesario.<\/span><\/p>\n<p>&nbsp;<\/p>\n<p><img loading=\"lazy\" decoding=\"async\" class=\"alignnone size-medium wp-image-4314\" src=\"http:\/\/tvalaire.com\/wp-content\/uploads\/2018\/11\/01-2-5-300x169.jpg\" alt=\"\" width=\"300\" height=\"169\" srcset=\"http:\/\/tvalaire.com\/wp-content\/uploads\/2018\/11\/01-2-5-300x169.jpg 300w, http:\/\/tvalaire.com\/wp-content\/uploads\/2018\/11\/01-2-5-768x432.jpg 768w, http:\/\/tvalaire.com\/wp-content\/uploads\/2018\/11\/01-2-5.jpg 960w\" sizes=\"(max-width: 300px) 100vw, 300px\" \/><\/p>\n","protected":false},"excerpt":{"rendered":"<p>&nbsp; En las colonias El Malec\u00f3n e Infonavit \u201cDr. Miguel Silva\u201d hay vigilancia constante Hay&#8230;<\/p>\n","protected":false},"author":1,"featured_media":4313,"comment_status":"open","ping_status":"open","sticky":false,"template":"","format":"standard","meta":{"jetpack_post_was_ever_published":false,"_jetpack_newsletter_access":"","_jetpack_dont_email_post_to_subs":false,"_jetpack_newsletter_tier_id":0,"_jetpack_memberships_contains_paywalled_content":false,"_jetpack_memberships_contains_paid_content":false,"footnotes":"","jetpack_publicize_message":"","jetpack_publicize_feature_enabled":true,"jetpack_social_post_already_shared":false,"jetpack_social_options":{"image_generator_settings":{"template":"highway","enabled":false},"version":2}},"categories":[1],"tags":[15,36],"class_list":["post-4312","post","type-post","status-publish","format-standard","has-post-thumbnail","hentry","category-la-piedad","tag-la-piedad","tag-principales"],"jetpack_publicize_connections":[],"jetpack_sharing_enabled":true,"featured_image_urls":{"full":["http:\/\/tvalaire.com\/wp-content\/uploads\/2018\/11\/01-2.jpeg",1280,720,false],"thumbnail":["http:\/\/tvalaire.com\/wp-content\/uploads\/2018\/11\/01-2-150x150.jpeg",150,150,true],"medium":["http:\/\/tvalaire.com\/wp-content\/uploads\/2018\/11\/01-2-300x169.jpeg",300,169,true],"medium_large":["http:\/\/tvalaire.com\/wp-content\/uploads\/2018\/11\/01-2-768x432.jpeg",640,360,true],"large":["http:\/\/tvalaire.com\/wp-content\/uploads\/2018\/11\/01-2-1024x576.jpeg",640,360,true],"post-slider-thumb-size":["http:\/\/tvalaire.com\/wp-content\/uploads\/2018\/11\/01-2.jpeg",330,186,false],"post-category-slider-size":["http:\/\/tvalaire.com\/wp-content\/uploads\/2018\/11\/01-2.jpeg",330,186,false],"1536x1536":["http:\/\/tvalaire.com\/wp-content\/uploads\/2018\/11\/01-2.jpeg",1280,720,false],"2048x2048":["http:\/\/tvalaire.com\/wp-content\/uploads\/2018\/11\/01-2.jpeg",1280,720,false],"newsium-slider-full":["http:\/\/tvalaire.com\/wp-content\/uploads\/2018\/11\/01-2.jpeg",1280,720,false],"newsium-featured":["http:\/\/tvalaire.com\/wp-content\/uploads\/2018\/11\/01-2.jpeg",1024,576,false],"newsium-medium":["http:\/\/tvalaire.com\/wp-content\/uploads\/2018\/11\/01-2.jpeg",720,405,false]},"author_info":{"info":["tvalairenoti"]},"category_info":"<a href=\"http:\/\/tvalaire.com\/?cat=1\" rel=\"category\">La Piedad<\/a>","tag_info":"La Piedad","comment_count":"0","jetpack_featured_media_url":"http:\/\/tvalaire.com\/wp-content\/uploads\/2018\/11\/01-2.jpeg","_links":{"self":[{"href":"http:\/\/tvalaire.com\/index.php?rest_route=\/wp\/v2\/posts\/4312"}],"collection":[{"href":"http:\/\/tvalaire.com\/index.php?rest_route=\/wp\/v2\/posts"}],"about":[{"href":"http:\/\/tvalaire.com\/index.php?rest_route=\/wp\/v2\/types\/post"}],"author":[{"embeddable":true,"href":"http:\/\/tvalaire.com\/index.php?rest_route=\/wp\/v2\/users\/1"}],"replies":[{"embeddable":true,"href":"http:\/\/tvalaire.com\/index.php?rest_route=%2Fwp%2Fv2%2Fcomments&post=4312"}],"version-history":[{"count":1,"href":"http:\/\/tvalaire.com\/index.php?rest_route=\/wp\/v2\/posts\/4312\/revisions"}],"predecessor-version":[{"id":4315,"href":"http:\/\/tvalaire.com\/index.php?rest_route=\/wp\/v2\/posts\/4312\/revisions\/4315"}],"wp:featuredmedia":[{"embeddable":true,"href":"http:\/\/tvalaire.com\/index.php?rest_route=\/wp\/v2\/media\/4313"}],"wp:attachment":[{"href":"http:\/\/tvalaire.com\/index.php?rest_route=%2Fwp%2Fv2%2Fmedia&parent=4312"}],"wp:term":[{"taxonomy":"category","embeddable":true,"href":"http:\/\/tvalaire.com\/index.php?rest_route=%2Fwp%2Fv2%2Fcategories&post=4312"},{"taxonomy":"post_tag","embeddable":true,"href":"http:\/\/tvalaire.com\/index.php?rest_route=%2Fwp%2Fv2%2Ftags&post=4312"}],"curies":[{"name":"wp","href":"https:\/\/api.w.org\/{rel}","templated":true}]}}